{"id":11470,"date":"2023-09-01T09:56:54","date_gmt":"2023-09-01T12:56:54","guid":{"rendered":"https:\/\/comunicartesanluis.com\/?p=11470"},"modified":"2023-09-01T09:56:54","modified_gmt":"2023-09-01T12:56:54","slug":"el-campeon-mundial-alejandro-papu-gomez-rescindio-su-contrato-con-el-sevilla","status":"publish","type":"post","link":"https:\/\/comunicartesanluis.com\/index.php\/2023\/09\/01\/el-campeon-mundial-alejandro-papu-gomez-rescindio-su-contrato-con-el-sevilla\/","title":{"rendered":"El campe\u00f3n mundial Alejandro \u00abPapu\u00bb G\u00f3mez rescindi\u00f3 su contrato con el Sevilla"},"content":{"rendered":"<div class=\"wrapper-header\">\n<div class=\"container-xl\">\n<div class=\"row\">\n<div class=\"col-12\">\n<div class=\"head-content mb-4\">\n<div class=\"my-3\"><\/div>\n<\/div>\n<\/div>\n<\/div>\n<\/div>\n<\/div>\n<div class=\"wrapper-editable-content\">\n<div>\n<div class=\"wrapper-editable-content\">\n<div class=\"container-md\">\n<div class=\"row\">\n<div class=\"col-md-12 speak\">\n<div class=\"paragraph\">\n<figure class=\"mb-3\">Alejandro \u00abPapu\u00bb G\u00f3mez, <strong>campe\u00f3n mundial con Argentina en Qatar 2022<\/strong>, rescindi\u00f3 su contrato con el Sevilla de Espa\u00f1a tras dos a\u00f1os y medio en los que jug\u00f3 muy poco y por esa raz\u00f3n deseaba irse del equipo andaluz, seg\u00fan lo revel\u00f3 la prensa espa\u00f1ola.<\/figure>\n<p>Sevilla ten\u00eda algunos clubes en mente para el argentino y no deseaba desprenderse de esta forma del jugador campe\u00f3n mundial en Qatar 2022, pero al\u00a0<strong>no recibir ofertas sobre el cierre del libro de pases en Europa<\/strong>\u00a0se tom\u00f3 la decisi\u00f3n de rescindir el contrato, seg\u00fan inform\u00f3 el peri\u00f3dico deportivo espa\u00f1ol Marca.<\/p>\n<p>G\u00f3mez, de 35 a\u00f1os, se despide del club andaluz luego de haber jugado 90 partidos, en su mayor\u00eda ingresando desde el banco de suplentes.<\/p>\n<p>El ex jugador de Arsenal y San Lorenzo, de Argentina; Catania y Atalanta, de Italia; y Metalist de Ucrania,\u00a0<strong>convirti\u00f3 10 goles y seis asistencias como sevillista.<\/strong><\/p>\n<p>El tanto m\u00e1s importante lleg\u00f3 en la \u00faltima jornada de 2021 ante el Getafe, logrando as\u00ed la victoria y el r\u00e9cord de puntos del Sevilla en Primera (77).<\/p>\n<p>Con la salida de \u00abPapu\u00bb G\u00f3mez,\u00a0<strong>Sevilla se desprendi\u00f3 de otro campe\u00f3n del mundo<\/strong>, ya que durante la semana hab\u00eda vendido a Gonzalo Montiel al Nottingham Forest, de Inglaterra.<\/p>\n<p>En el plantel siguen cuatro argentinos: Lucas Ocampos, en tratativas para irse al Fulham ingl\u00e9s, Marcos Acu\u00f1a, Erik Lamela y Federico Gattoni, a quien le buscan club para cederlo a pr\u00e9stamo.<\/p><\/div>\n<\/div>\n<\/div>\n<\/div>\n<\/div>\n<\/div>\n<\/div>\n<div><\/div>\n<div><\/div>\n<div><\/div>\n<div><\/div>\n<div><\/div>\n<div><\/div>\n<div>T\u00e9lam.<\/div>\n","protected":false},"excerpt":{"rendered":"<p>El argentino se despide del club andaluz, tras dos a\u00f1os y medio en los que jug\u00f3 muy pocos partidos,\u00a0en su mayor\u00eda ingresando desde el banco de suplentes.<\/p>\n","protected":false},"author":3,"featured_media":11471,"comment_status":"open","ping_status":"open","sticky":false,"template":"","format":"standard","meta":{"_jetpack_memberships_contains_paid_content":false,"footnotes":""},"categories":[8,15,18],"tags":[852,850,853,851],"class_list":["post-11470","post","type-post","status-publish","format-standard","has-post-thumbnail","hentry","category-actualidad","category-deporte","category-internacional","tag-contrato","tag-papu","tag-recigno","tag-sevilla"],"jetpack_featured_media_url":"https:\/\/comunicartesanluis.com\/v1\/wp-content\/uploads\/2023\/09\/6387a5e669c38_1200.jpg","jetpack_sharing_enabled":true,"_links":{"self":[{"href":"https:\/\/comunicartesanluis.com\/index.php\/wp-json\/wp\/v2\/posts\/11470","targetHints":{"allow":["GET"]}}],"collection":[{"href":"https:\/\/comunicartesanluis.com\/index.php\/wp-json\/wp\/v2\/posts"}],"about":[{"href":"https:\/\/comunicartesanluis.com\/index.php\/wp-json\/wp\/v2\/types\/post"}],"author":[{"embeddable":true,"href":"https:\/\/comunicartesanluis.com\/index.php\/wp-json\/wp\/v2\/users\/3"}],"replies":[{"embeddable":true,"href":"https:\/\/comunicartesanluis.com\/index.php\/wp-json\/wp\/v2\/comments?post=11470"}],"version-history":[{"count":1,"href":"https:\/\/comunicartesanluis.com\/index.php\/wp-json\/wp\/v2\/posts\/11470\/revisions"}],"predecessor-version":[{"id":11473,"href":"https:\/\/comunicartesanluis.com\/index.php\/wp-json\/wp\/v2\/posts\/11470\/revisions\/11473"}],"wp:featuredmedia":[{"embeddable":true,"href":"https:\/\/comunicartesanluis.com\/index.php\/wp-json\/wp\/v2\/media\/11471"}],"wp:attachment":[{"href":"https:\/\/comunicartesanluis.com\/index.php\/wp-json\/wp\/v2\/media?parent=11470"}],"wp:term":[{"taxonomy":"category","embeddable":true,"href":"https:\/\/comunicartesanluis.com\/index.php\/wp-json\/wp\/v2\/categories?post=11470"},{"taxonomy":"post_tag","embeddable":true,"href":"https:\/\/comunicartesanluis.com\/index.php\/wp-json\/wp\/v2\/tags?post=11470"}],"curies":[{"name":"wp","href":"https:\/\/api.w.org\/{rel}","templated":true}]}}