{"id":11480,"date":"2023-09-01T10:00:12","date_gmt":"2023-09-01T13:00:12","guid":{"rendered":"https:\/\/comunicartesanluis.com\/?p=11480"},"modified":"2023-09-01T10:00:12","modified_gmt":"2023-09-01T13:00:12","slug":"argentina-ecuador-se-agotaron-las-entradas-disponibles-para-el-publico-general","status":"publish","type":"post","link":"https:\/\/comunicartesanluis.com\/index.php\/2023\/09\/01\/argentina-ecuador-se-agotaron-las-entradas-disponibles-para-el-publico-general\/","title":{"rendered":"Argentina-Ecuador: se agotaron las entradas disponibles para el p\u00fablico general"},"content":{"rendered":"<div class=\"wrapper-header\">\n<div class=\"container-xl\">\n<div class=\"row\">\n<div class=\"col-12\">\n<div class=\"head-content mb-4\">\n<div class=\"my-3\"><\/div>\n<\/div>\n<\/div>\n<\/div>\n<\/div>\n<\/div>\n<div class=\"wrapper-editable-content\">\n<div>\n<div class=\"wrapper-editable-content\">\n<div class=\"container-md\">\n<div class=\"row\">\n<div class=\"col-md-12 speak\">\n<div class=\"paragraph\">Las entradas para <strong>el partido Argentina-Ecuador<\/strong>\u00a0<strong>puestas a disposici\u00f3n este jueves<\/strong>\u00a0para el p\u00fablico en general se agotaron en poco m\u00e1s de una hora, inform\u00f3 la plataforma encargada para su comercializaci\u00f3n digital, Deportick.<\/p>\n<p>Los fan\u00e1ticos del seleccionado campe\u00f3n del mundo reaccionaron con alta demanda ante el inicio de las Eliminatorias Sudamericanas y consumieron el lote de reservado para aquellos que no se registraron\u00a0<strong><u><a href=\"https:\/\/www.telam.com.ar\/notas\/202308\/638639-afa-nueva-plataforma-venta-entradas-seleccion.html\" target=\"_blank\" rel=\"noopener\">en el nuevo sistema AFA ID<\/a><\/u><\/strong>.<\/p>\n<p><strong>Los tickets salieron a la venta a las 18:00 y en minutos se conform\u00f3 una fila virtual de m\u00e1s de 120.000 usuarios, lo que hizo que se agotaran pasadas las 19:00<\/strong>. La AFA no inform\u00f3 el n\u00famero de localidades ofrecidas en esta instancia.<\/p>\n<p>Los precios definidos para el primer partido de la carrera hacia el Mundial 2026 fueron los siguientes:\u00a0<strong>general $ 19.000; general menor $ 11.000; plateas S\u00edvori y Centenario media $ 39.000; plateas San Mart\u00edn y Belgrano alta $ 39.000; plateas San Mart\u00edn y Belgrano baja $ 87.000 y plateas San Mart\u00edn y Belgrano media $ 89.000<\/strong>.<\/p>\n<p>Este viernes desde las 18:00, por la misma plataforma digital, estar\u00e1n disponibles las localidades asignadas para los socios de categor\u00eda bronce que pagaron una suscripci\u00f3n anual de $ 24.000 en el programa AFA ID.<\/p>\n<p>Los usuarios que quieran comprar sus entradas con los mismos precios deber\u00e1n cargar el n\u00famero de socio que el sistema le asign\u00f3 al momento de recibir el alta.<\/p>\n<p>En tanto, l<strong>os asociados plata y oro, que abonaron 1,9 y 4,9 millones de pesos respectivamente, ya tiene asegurada una platea preferencial para el partido que Argentina jugar\u00e1 el jueves pr\u00f3ximo ante Ecuador en el Monumental de River Plate<\/strong>.<\/p>\n<p>El canje de la entrada f\u00edsica se realizar\u00e1 entre el s\u00e1bado y mi\u00e9rcoles pr\u00f3ximo en las boleter\u00edas del estadio entre las 9:00 y las 15:00 seg\u00fan el siguiente cronograma: s\u00e1bado (Centenario y Belgrano), domingo (San Mart\u00edn y S\u00edvori); lunes (Centenario y Belgrano), martes (San Mart\u00edn y S\u00edvori) y mi\u00e9rcoles (Centenario, Belgrano, San Mart\u00edn y S\u00edvori).<\/p><\/div>\n<\/div>\n<\/div>\n<\/div>\n<\/div>\n<\/div>\n<\/div>\n<div><\/div>\n<div><\/div>\n<div><\/div>\n<div><\/div>\n<div>T\u00e9lam.<\/div>\n","protected":false},"excerpt":{"rendered":"<p>Los tickets salieron a la venta a las 18 y en minutos se conform\u00f3 una fila virtual de m\u00e1s de 120.000 usuarios, lo que hizo que se terminaran pasadas las 19.<\/p>\n","protected":false},"author":3,"featured_media":11481,"comment_status":"open","ping_status":"open","sticky":false,"template":"","format":"standard","meta":{"_jetpack_memberships_contains_paid_content":false,"footnotes":""},"categories":[8,15,17],"tags":[],"class_list":["post-11480","post","type-post","status-publish","format-standard","has-post-thumbnail","hentry","category-actualidad","category-deporte","category-nacional"],"jetpack_featured_media_url":"https:\/\/comunicartesanluis.com\/v1\/wp-content\/uploads\/2023\/09\/64222310576ff_1200.jpg","jetpack_sharing_enabled":true,"_links":{"self":[{"href":"https:\/\/comunicartesanluis.com\/index.php\/wp-json\/wp\/v2\/posts\/11480","targetHints":{"allow":["GET"]}}],"collection":[{"href":"https:\/\/comunicartesanluis.com\/index.php\/wp-json\/wp\/v2\/posts"}],"about":[{"href":"https:\/\/comunicartesanluis.com\/index.php\/wp-json\/wp\/v2\/types\/post"}],"author":[{"embeddable":true,"href":"https:\/\/comunicartesanluis.com\/index.php\/wp-json\/wp\/v2\/users\/3"}],"replies":[{"embeddable":true,"href":"https:\/\/comunicartesanluis.com\/index.php\/wp-json\/wp\/v2\/comments?post=11480"}],"version-history":[{"count":1,"href":"https:\/\/comunicartesanluis.com\/index.php\/wp-json\/wp\/v2\/posts\/11480\/revisions"}],"predecessor-version":[{"id":11482,"href":"https:\/\/comunicartesanluis.com\/index.php\/wp-json\/wp\/v2\/posts\/11480\/revisions\/11482"}],"wp:featuredmedia":[{"embeddable":true,"href":"https:\/\/comunicartesanluis.com\/index.php\/wp-json\/wp\/v2\/media\/11481"}],"wp:attachment":[{"href":"https:\/\/comunicartesanluis.com\/index.php\/wp-json\/wp\/v2\/media?parent=11480"}],"wp:term":[{"taxonomy":"category","embeddable":true,"href":"https:\/\/comunicartesanluis.com\/index.php\/wp-json\/wp\/v2\/categories?post=11480"},{"taxonomy":"post_tag","embeddable":true,"href":"https:\/\/comunicartesanluis.com\/index.php\/wp-json\/wp\/v2\/tags?post=11480"}],"curies":[{"name":"wp","href":"https:\/\/api.w.org\/{rel}","templated":true}]}}