{"id":11496,"date":"2023-09-01T11:58:47","date_gmt":"2023-09-01T14:58:47","guid":{"rendered":"https:\/\/comunicartesanluis.com\/?p=11496"},"modified":"2023-09-01T12:02:24","modified_gmt":"2023-09-01T15:02:24","slug":"11496","status":"publish","type":"post","link":"https:\/\/comunicartesanluis.com\/index.php\/2023\/09\/01\/11496\/","title":{"rendered":"Se viene la Primera Edici\u00f3n de \u201c21K Merlo\u201d"},"content":{"rendered":"<p>Un mes exacto falta para la primera edici\u00f3n de la Media Marat\u00f3n \u201c21k Merlo\u201d 2013, competencia que adem\u00e1s de promover la actividad deportiva, tiene como circuito los distintos paisajes naturales fusionados con las calles de la localidad merlina. La propuesta invita a vivir una experiencia diferente con un circuito pensado para que los corredores puedan disfrutar de la naturaleza y el deporte.<\/p>\n<p>La carrera ofrece las modalidades de 5k, 10K y 21k. La largada tendr\u00e1 como epicentro la Avda. del Sol y Eva Duarte, donde un d\u00eda antes, s\u00e1bado 30 de septiembre de 14 a 19 hs., en las instalaciones del Casino Flamingo se llevar\u00e1 a cabo la entrega de Kits para todos los participantes. habr\u00e1, medallas y la premiaci\u00f3n ser\u00e1 en la general y para todas las categor\u00edas.<\/p>\n<p>Las inscripciones est\u00e1n disponibles en el siguiente enlace:<\/p>\n<p>forms.gle\/HH8gMPsEE9XNLdXLA<\/p>\n<p><strong>\u00a0Instagram<\/strong> a @merlotrailrun.<\/p>\n<p>Datos importantes:<\/p>\n<p>Media Marat\u00f3n Villa de Merlo.<\/p>\n<p>Fecha 01\/10<\/p>\n<p>Inscripciones: del 27\/08 al 26\/09<\/p>\n<p>Valores:<\/p>\n<p>21km: $15000<\/p>\n<p>10km: $12000<\/p>\n<p>5km: $9000<\/p>\n<p>Forma de pago: 50% en la inscripci\u00f3n y el otro 50% en la acreditaci\u00f3n<\/p>\n<p><img decoding=\"async\" class=\"alignnone size-medium wp-image-11502\" src=\"https:\/\/comunicartesanluis.com\/v1\/wp-content\/uploads\/2023\/09\/maraton-merlo-1-291x300.jpg\" alt=\"\" width=\"291\" height=\"300\" srcset=\"https:\/\/comunicartesanluis.com\/v1\/wp-content\/uploads\/2023\/09\/maraton-merlo-1-200x206.jpg 200w, https:\/\/comunicartesanluis.com\/v1\/wp-content\/uploads\/2023\/09\/maraton-merlo-1-291x300.jpg 291w, https:\/\/comunicartesanluis.com\/v1\/wp-content\/uploads\/2023\/09\/maraton-merlo-1-400x413.jpg 400w, https:\/\/comunicartesanluis.com\/v1\/wp-content\/uploads\/2023\/09\/maraton-merlo-1.jpg 565w\" sizes=\"(max-width: 291px) 100vw, 291px\" \/><\/p>\n<p>&nbsp;<\/p>\n<p>&nbsp;<\/p>\n","protected":false},"excerpt":{"rendered":"<p>Un mes exacto falta para la primera edici\u00f3n de la Media Marat\u00f3n \u201c21k Merlo\u201d 2013, competencia que adem\u00e1s de promover la actividad deportiva, tiene como circuito los distintos paisajes naturales fusionados con las calles de la localidad merlina. La propuesta invita a vivir una experiencia diferente con un circuito pensado para que los corredores puedan disfrutar de la naturaleza y el deporte. La carrera ofrece las modalidades de 5k, 10K y 21k. La largada tendr\u00e1 como epicentro la Avda. del Sol y Eva Duarte, donde un d\u00eda antes, s\u00e1bado 30 de septiembre de 14 a 19 hs., en las instalaciones [&hellip;]<\/p>\n","protected":false},"author":5,"featured_media":11500,"comment_status":"open","ping_status":"open","sticky":false,"template":"","format":"standard","meta":{"_jetpack_memberships_contains_paid_content":false,"footnotes":""},"categories":[15,16],"tags":[],"class_list":["post-11496","post","type-post","status-publish","format-standard","has-post-thumbnail","hentry","category-deporte","category-local"],"jetpack_featured_media_url":"https:\/\/comunicartesanluis.com\/v1\/wp-content\/uploads\/2023\/09\/merlotrail.jpg","jetpack_sharing_enabled":true,"_links":{"self":[{"href":"https:\/\/comunicartesanluis.com\/index.php\/wp-json\/wp\/v2\/posts\/11496","targetHints":{"allow":["GET"]}}],"collection":[{"href":"https:\/\/comunicartesanluis.com\/index.php\/wp-json\/wp\/v2\/posts"}],"about":[{"href":"https:\/\/comunicartesanluis.com\/index.php\/wp-json\/wp\/v2\/types\/post"}],"author":[{"embeddable":true,"href":"https:\/\/comunicartesanluis.com\/index.php\/wp-json\/wp\/v2\/users\/5"}],"replies":[{"embeddable":true,"href":"https:\/\/comunicartesanluis.com\/index.php\/wp-json\/wp\/v2\/comments?post=11496"}],"version-history":[{"count":4,"href":"https:\/\/comunicartesanluis.com\/index.php\/wp-json\/wp\/v2\/posts\/11496\/revisions"}],"predecessor-version":[{"id":11503,"href":"https:\/\/comunicartesanluis.com\/index.php\/wp-json\/wp\/v2\/posts\/11496\/revisions\/11503"}],"wp:featuredmedia":[{"embeddable":true,"href":"https:\/\/comunicartesanluis.com\/index.php\/wp-json\/wp\/v2\/media\/11500"}],"wp:attachment":[{"href":"https:\/\/comunicartesanluis.com\/index.php\/wp-json\/wp\/v2\/media?parent=11496"}],"wp:term":[{"taxonomy":"category","embeddable":true,"href":"https:\/\/comunicartesanluis.com\/index.php\/wp-json\/wp\/v2\/categories?post=11496"},{"taxonomy":"post_tag","embeddable":true,"href":"https:\/\/comunicartesanluis.com\/index.php\/wp-json\/wp\/v2\/tags?post=11496"}],"curies":[{"name":"wp","href":"https:\/\/api.w.org\/{rel}","templated":true}]}}