{"id":11533,"date":"2023-09-04T10:37:35","date_gmt":"2023-09-04T13:37:35","guid":{"rendered":"https:\/\/comunicartesanluis.com\/?p=11533"},"modified":"2023-09-04T10:37:35","modified_gmt":"2023-09-04T13:37:35","slug":"sergio-busquets-reconocio-que-sin-messi-estara-bastante-dificil","status":"publish","type":"post","link":"https:\/\/comunicartesanluis.com\/index.php\/2023\/09\/04\/sergio-busquets-reconocio-que-sin-messi-estara-bastante-dificil\/","title":{"rendered":"Sergio Busquets reconoci\u00f3 que \u00absin Messi estar\u00e1 bastante dif\u00edcil\u00bb"},"content":{"rendered":"<div class=\"wrapper-header\">\n<div class=\"container-xl\">\n<div class=\"row\">\n<div class=\"col-12\">\n<div class=\"head-content mb-4\">\n<div class=\"my-3\"><\/div>\n<\/div>\n<\/div>\n<\/div>\n<\/div>\n<\/div>\n<div class=\"wrapper-editable-content\">\n<div>\n<div class=\"wrapper-editable-content\">\n<div class=\"container-md\">\n<div class=\"row\">\n<div class=\"col-md-12 speak\">\n<div class=\"paragraph\">\n<figure class=\"mb-3\"><strong>El espa\u00f1ol<\/strong>\u00a0Sergio Busquets\u00a0<strong>consider\u00f3 que la ausencia<\/strong>\u00a0<strong>del astro<\/strong>\u00a0argentino\u00a0<strong>Lionel Messi<\/strong>\u00a0<strong>en el pr\u00f3ximo compromiso\u00a0<\/strong>del Inter Miami<strong>\u00a0contra Sporting Kansas City<\/strong>\u00a0por la Major League Soccer\u00a0<strong>ser\u00e1 \u00abbastante dif\u00edcil\u00bb conseguir un triunfo\u00a0<\/strong>que alimente la expectativa de acceder a las instancias decisivas de la temporada.<\/figure>\n<p>La franquicia floridiana tiene su primera prueba de fuego el pr\u00f3ximo s\u00e1bado 9 de septiembre cuando se enfrente al conjunto del estado central de los Estados Unidos, en el estadio DRV PNK de Fort Lauderdale, con Messi afectado al seleccionado argentino por las Eliminatorias Sudamericanas.<\/p>\n<p>Al respecto, el mediocampista catal\u00e1n puntualiz\u00f3: \u00ab<strong>Ojal\u00e1 que podamos seguir en la misma din\u00e1mica, aunque sin Leo (Messi) estar\u00e1 bastante dif\u00edcil porque \u00e9l nos marca la diferencia en goles y asistencias<\/strong>\u00ab.<\/p>\n<p>A su vez, el ex Barcelona reconoci\u00f3 que Inter Miami tendr\u00e1 que \u00abdar un paso m\u00e1s y crecer\u00bb para seguir sumando puntos y lograr el objetivo de ingresar a la postemporada, de la que se encuentra hoy a ocho puntos de distancia.<\/p>\n<p>Busquets, que todav\u00eda no ha marcado goles en la liga estadounidense, expres\u00f3: \u00ab<strong>Estamos creciendo por el camino adecuado. En poco tiempo ya conseguimos muchas cosas, un t\u00edtulo y generamos esta ilusi\u00f3n de meternos en los playoffs de la liga<\/strong>\u00ab.<\/p>\n<p>Por su parte, el campe\u00f3n del mundo con Espa\u00f1a en 2010 destac\u00f3 que la liga norteamericana \u00abes muy atractiva\u00bb y se mostr\u00f3 feliz de compartir la experiencia junto a sus amigos Messi y Jordi Alba. \u00abMe despertaba curiosidad y se reafirma en lo que ve\u00eda, es una liga que est\u00e1 creciendo con buenos jugadores\u00bb, dijo el centrocampista.<\/p>\n<h2 class=\"\">Martino expres\u00f3 su \u00abfelicidad por el rival al que se le gan\u00f3\u00bb en Los \u00c1ngeles<\/h2>\n<p><strong>El entrenador de Inter Miami, Gerardo Martino, expuso \u00abfelicidad de sumar los tres puntos\u00bb, luego de superar a Los \u00c1ngeles FC por 3-1 en su visita a California, para ubicarse a 8 puntos de la clasificaci\u00f3n<\/strong>, y destac\u00f3 la magnitud de la victoria por \u00abel rival al que le se gan\u00f3\u00bb en el cierre de la jornada 30 de la Major League Soccer de los Estados Unidos.<\/p>\n<p>Una vez consumado el triunfo en el Banc of California Stadium, el entrenador rosarino mencion\u00f3 la capacidad de su equipo para \u00aben algunos aspectos lograr ciertos objetivos con la llegada de los futbolistas\u00bb m\u00e1s recientes, en referencia al centrodelantero Facundo Far\u00edas, ex Col\u00f3n de Santa Fe, y el defensor Tom\u00e1s Avil\u00e9s, ex Racing, y al volante paraguayo, ex Libertad de Asunci\u00f3n, Diego G\u00f3mez.<\/p>\n<p>\u00abFacundo (Far\u00edas) es capaz de complementarse bien con ambos\u00bb, dijo haciendo alusi\u00f3n a la presencia tanto de Lionel Messi como la del venezolano Josef Mart\u00ednez en el ataque, pero tambi\u00e9n remarc\u00f3: \u00abEntendimos que era mejor que juegue con Leo (Messi)\u00bb.<\/p>\n<p><strong>El \u00abTata\u00bb elogi\u00f3 el nivel demostrado por el \u00faltimo campe\u00f3n de la liga, al asegurar que \u00abes un equipo tremendo\u00bb<\/strong>\u00a0y dejar en claro que \u00abpor la categor\u00eda del rival ha sido el partido m\u00e1s complicado hasta ahora. \u00abHoy valorizo mucho la victoria porque LAFC es un equipo muy bueno\u00bb, afirm\u00f3 Martino.<\/p>\n<figure class=\"mb-3\"><img decoding=\"async\" class=\" lazy \" src=\"https:\/\/www.telam.com.ar\/thumbs\/bluesteel\/advf\/imagenes\/2023\/07\/64bbce87662d7_1200.jpg\" alt=\"Foto AFP\" width=\"100%\" height=\"100%\" \/><\/p>\n<div class=\"media-icons\"><\/div><figcaption>Foto: AFP.<\/figcaption><\/figure>\n<p>Pensando en el compromiso contra el Sporting Kansas City, ya sin la estrella del f\u00fatbol mundial afectado al seleccionado argentino para las Eliminatorias Sudamericanas,\u00a0<strong>el conductor del conjunto floridiano espera \u00abformar el mejor equipo posible\u00bb frente a la ausencia de nueve jugadores convocados a seleccionados nacionales<\/strong>.<\/p>\n<p>Para el director t\u00e9cnico, con la victoria en Los \u00c1ngeles, \u00abtomaron mayor importancia los puntos que se escaparon con Nashville\u00bb, tras el empate 0-0 en el estadio Drive Pink de Fort Lauderdale.<\/p>\n<p>\u00abAhora m\u00e1s que nunca no debemos aflojar e intentarlo hasta que los n\u00fameros lo permitan\u00bb, concluy\u00f3 Martino.<\/p><\/div>\n<\/div>\n<\/div>\n<\/div>\n<\/div>\n<\/div>\n<\/div>\n<div><\/div>\n<div><\/div>\n<div><\/div>\n<div><\/div>\n<div><\/div>\n<div><\/div>\n<div>T\u00e9lam.<\/div>\n","protected":false},"excerpt":{"rendered":"<p>Inter Miami tiene su primera prueba de fuego el pr\u00f3ximo s\u00e1bado 9 cuando se enfrente a Sporting Kansas City, , \u00e9sta vez no contar\u00e1 con el astro argentino afectado al seleccionado por las Eliminatorias Sudamericanas.<\/p>\n","protected":false},"author":3,"featured_media":11534,"comment_status":"open","ping_status":"open","sticky":false,"template":"","format":"standard","meta":{"_jetpack_memberships_contains_paid_content":false,"footnotes":""},"categories":[8,15,18],"tags":[],"class_list":["post-11533","post","type-post","status-publish","format-standard","has-post-thumbnail","hentry","category-actualidad","category-deporte","category-internacional"],"jetpack_featured_media_url":"https:\/\/comunicartesanluis.com\/v1\/wp-content\/uploads\/2023\/09\/64f5cff5cd52a_1200.jpg","jetpack_sharing_enabled":true,"_links":{"self":[{"href":"https:\/\/comunicartesanluis.com\/index.php\/wp-json\/wp\/v2\/posts\/11533","targetHints":{"allow":["GET"]}}],"collection":[{"href":"https:\/\/comunicartesanluis.com\/index.php\/wp-json\/wp\/v2\/posts"}],"about":[{"href":"https:\/\/comunicartesanluis.com\/index.php\/wp-json\/wp\/v2\/types\/post"}],"author":[{"embeddable":true,"href":"https:\/\/comunicartesanluis.com\/index.php\/wp-json\/wp\/v2\/users\/3"}],"replies":[{"embeddable":true,"href":"https:\/\/comunicartesanluis.com\/index.php\/wp-json\/wp\/v2\/comments?post=11533"}],"version-history":[{"count":1,"href":"https:\/\/comunicartesanluis.com\/index.php\/wp-json\/wp\/v2\/posts\/11533\/revisions"}],"predecessor-version":[{"id":11535,"href":"https:\/\/comunicartesanluis.com\/index.php\/wp-json\/wp\/v2\/posts\/11533\/revisions\/11535"}],"wp:featuredmedia":[{"embeddable":true,"href":"https:\/\/comunicartesanluis.com\/index.php\/wp-json\/wp\/v2\/media\/11534"}],"wp:attachment":[{"href":"https:\/\/comunicartesanluis.com\/index.php\/wp-json\/wp\/v2\/media?parent=11533"}],"wp:term":[{"taxonomy":"category","embeddable":true,"href":"https:\/\/comunicartesanluis.com\/index.php\/wp-json\/wp\/v2\/categories?post=11533"},{"taxonomy":"post_tag","embeddable":true,"href":"https:\/\/comunicartesanluis.com\/index.php\/wp-json\/wp\/v2\/tags?post=11533"}],"curies":[{"name":"wp","href":"https:\/\/api.w.org\/{rel}","templated":true}]}}