{"id":11546,"date":"2023-09-04T10:57:42","date_gmt":"2023-09-04T13:57:42","guid":{"rendered":"https:\/\/comunicartesanluis.com\/?p=11546"},"modified":"2023-09-04T10:57:42","modified_gmt":"2023-09-04T13:57:42","slug":"miguel-baldoni-imparte-una-leccion-magistral-de-destreza-en-el-rally-de-san-martin","status":"publish","type":"post","link":"https:\/\/comunicartesanluis.com\/index.php\/2023\/09\/04\/miguel-baldoni-imparte-una-leccion-magistral-de-destreza-en-el-rally-de-san-martin\/","title":{"rendered":"Miguel Baldoni Imparte una Lecci\u00f3n Magistral de Destreza en el Rally de San Mart\u00edn"},"content":{"rendered":"<p>Baldoni, conocido como el \u00abCoyote Puntano,\u00bb no solo gan\u00f3 la competencia de manera contundente, sino que tambi\u00e9n dej\u00f3 una marca imborrable de su habilidad al volante.<\/p>\n<p>En palabras del propioa medios puntanos, Baldoni, \u00abNo s\u00e9 hacer otra cosa, si quiero ir despacio o cuidando cometo muchos errores, por eso sal\u00ed a disfrutar y a acelerar.\u00bb Estas palabras reflejan su enfoque decidido en la carrera y su determinaci\u00f3n por alcanzar la victoria.<\/p>\n<p>El dominio de Baldoni comenz\u00f3 en la primera etapa, donde logr\u00f3 una ventaja de m\u00e1s de un minuto sobre sus competidores m\u00e1s cercanos. Sin embargo, en lugar de relajarse, el campe\u00f3n argentino continu\u00f3 presionando y demostr\u00f3 su destreza al ser el m\u00e1s r\u00e1pido en cada uno de los seis tramos de la segunda etapa. Al concluir la competencia, Baldoni hab\u00eda ampliado su ventaja a dos minutos y nueve segundos sobre Federico Bassi, quien ocup\u00f3 el segundo lugar en la clasificaci\u00f3n general.<\/p>\n<p>El podio estuvo totalmente bajo el dominio puntano, con Fernando Pela asegurando la tercera posici\u00f3n. Baldoni comparti\u00f3 su alegr\u00eda despu\u00e9s de la carrera, afirmando: \u00abCreo que se dio una situaci\u00f3n particular: el auto anduvo de maravillas y a nosotros nos sent\u00f3 perfecto el dibujo de la carrera. Logramos ser los m\u00e1s r\u00e1pidos en once pruebas especiales de las doce que corrimos y tambi\u00e9n fuimos los mejores en la prueba clasificatoria; eso habla de la regularidad que logramos todo el fin de semana. Estoy feliz y dimos un pasito m\u00e1s en la lucha por el t\u00edtulo.\u00bb<\/p>\n<p>M\u00e1s all\u00e1 del podio de los primeros tres, destacaron otros talentos locales como Mario Rasso, quien se recuper\u00f3 de una rotura de neum\u00e1tico para obtener el cuarto lugar absoluto y en la Clase A. Iv\u00e1n Morales, otro piloto puntano, triunf\u00f3 en la competitiva Clase N6 y ocup\u00f3 la quinta posici\u00f3n en la clasificaci\u00f3n general. Mart\u00edn Sait\u00faa, un puesto detr\u00e1s, se asegur\u00f3 el segundo lugar en la divisional N6. Lucas Rivero, originario de Mendoza, ocup\u00f3 el s\u00e9ptimo lugar y complet\u00f3 el podio de la N6.<\/p>\n<p>El octavo lugar fue para Feliciano de la Motta, quien logr\u00f3 la victoria en la categor\u00eda RC5. Lautaro Rasso ocup\u00f3 el noveno lugar, mientras que el villamercedino Marcos Mattar cerr\u00f3 el top diez y tambi\u00e9n hizo podio en la RC5.<\/p>\n<p>Aunque a\u00fan no se ha confirmado oficialmente por parte de la Federaci\u00f3n Regional de Automovilismo Deportivo de San Luis, se especula que la pr\u00f3xima fecha se llevar\u00e1 a cabo en los desafiantes caminos del Valle del Conlara, en los primeros d\u00edas de octubre.<\/p>\n","protected":false},"excerpt":{"rendered":"<p>El virtuoso piloto puntano, Miguel Baldoni, protagoniz\u00f3 una actuaci\u00f3n que quedar\u00e1 grabada en la historia del Rally de San Mart\u00edn, el cual tuvo lugar como parte de la sexta fecha del campeonato sanluise\u00f1o de rally.<\/p>\n","protected":false},"author":3,"featured_media":11547,"comment_status":"open","ping_status":"open","sticky":false,"template":"","format":"standard","meta":{"_jetpack_memberships_contains_paid_content":false,"footnotes":""},"categories":[8,15,16],"tags":[],"class_list":["post-11546","post","type-post","status-publish","format-standard","has-post-thumbnail","hentry","category-actualidad","category-deporte","category-local"],"jetpack_featured_media_url":"https:\/\/comunicartesanluis.com\/v1\/wp-content\/uploads\/2023\/09\/LOR2846-scaled-1.jpg","jetpack_sharing_enabled":true,"_links":{"self":[{"href":"https:\/\/comunicartesanluis.com\/index.php\/wp-json\/wp\/v2\/posts\/11546","targetHints":{"allow":["GET"]}}],"collection":[{"href":"https:\/\/comunicartesanluis.com\/index.php\/wp-json\/wp\/v2\/posts"}],"about":[{"href":"https:\/\/comunicartesanluis.com\/index.php\/wp-json\/wp\/v2\/types\/post"}],"author":[{"embeddable":true,"href":"https:\/\/comunicartesanluis.com\/index.php\/wp-json\/wp\/v2\/users\/3"}],"replies":[{"embeddable":true,"href":"https:\/\/comunicartesanluis.com\/index.php\/wp-json\/wp\/v2\/comments?post=11546"}],"version-history":[{"count":1,"href":"https:\/\/comunicartesanluis.com\/index.php\/wp-json\/wp\/v2\/posts\/11546\/revisions"}],"predecessor-version":[{"id":11548,"href":"https:\/\/comunicartesanluis.com\/index.php\/wp-json\/wp\/v2\/posts\/11546\/revisions\/11548"}],"wp:featuredmedia":[{"embeddable":true,"href":"https:\/\/comunicartesanluis.com\/index.php\/wp-json\/wp\/v2\/media\/11547"}],"wp:attachment":[{"href":"https:\/\/comunicartesanluis.com\/index.php\/wp-json\/wp\/v2\/media?parent=11546"}],"wp:term":[{"taxonomy":"category","embeddable":true,"href":"https:\/\/comunicartesanluis.com\/index.php\/wp-json\/wp\/v2\/categories?post=11546"},{"taxonomy":"post_tag","embeddable":true,"href":"https:\/\/comunicartesanluis.com\/index.php\/wp-json\/wp\/v2\/tags?post=11546"}],"curies":[{"name":"wp","href":"https:\/\/api.w.org\/{rel}","templated":true}]}}