{"id":11561,"date":"2023-09-04T11:23:08","date_gmt":"2023-09-04T14:23:08","guid":{"rendered":"https:\/\/comunicartesanluis.com\/?p=11561"},"modified":"2023-09-04T11:23:08","modified_gmt":"2023-09-04T14:23:08","slug":"de-campeon-a-incognita-el-misterio-detras-del-declive-de-river","status":"publish","type":"post","link":"https:\/\/comunicartesanluis.com\/index.php\/2023\/09\/04\/de-campeon-a-incognita-el-misterio-detras-del-declive-de-river\/","title":{"rendered":"De Campe\u00f3n a Inc\u00f3gnita: El Misterio Detr\u00e1s del Declive de River"},"content":{"rendered":"<p>La transici\u00f3n ha sido abrupta y desconcertante. La campa\u00f1a anterior fue casi perfecta, con r\u00e9cords, n\u00fameros que rivalizaron con los mejores equipos dirigidos por Gallardo, un juego convincente y una ventaja significativa en puntos sobre sus competidores. Sin embargo, en el lapso de menos de dos meses, River ha ca\u00eddo de manera inesperada, llegando al punto m\u00e1s bajo en el partido del s\u00e1bado en Liniers.<\/p>\n<p>\u00bfC\u00f3mo se puede explicar este cambio tan dr\u00e1stico? Esta es la inc\u00f3gnita que el entrenador Mart\u00edn Demichelis tendr\u00e1 que abordar, junto con una revisi\u00f3n cr\u00edtica de sus decisiones en la conformaci\u00f3n del equipo. En el estadio Amalfitani, River perdi\u00f3 mucho m\u00e1s que tres puntos. Perdi\u00f3 su estilo de juego, su identidad y su capacidad para llevar a cabo las estrategias que le llevaron al t\u00edtulo recientemente. Tambi\u00e9n perdi\u00f3 en t\u00e9rminos de concentraci\u00f3n y actitud, destac\u00e1ndose la diferencia en este aspecto en comparaci\u00f3n con un V\u00e9lez que luchaba por evitar el descenso y que mostr\u00f3 un esp\u00edritu de lucha notable.<\/p>\n<p>Este \u00faltimo punto es especialmente preocupante para el entrenador, ya que el once inicial que dise\u00f1\u00f3 se alej\u00f3 mucho de las bases del equipo que domin\u00f3 la \u00faltima liga. Adem\u00e1s, m\u00e1s all\u00e1 de la t\u00e1ctica, es esencial que el equipo de River deje atr\u00e1s definitivamente el golpe sufrido en el Beira-Rio y reconozca la importancia de la Copa de la Liga. Compartir la Zona A con equipos en aprietos en la tabla de descenso significa que River debe dejar atr\u00e1s la nostalgia y centrarse en el presente y el futuro.<\/p>\n<p>La actuaci\u00f3n pobre del equipo fuera del Monumental tambi\u00e9n es un desaf\u00edo que debe abordarse. \u00bfC\u00f3mo cortar esta tendencia negativa? \u00bfC\u00f3mo puede River adoptar una mentalidad competitiva cuando juega como visitante?<\/p>\n<p>Demichelis enfrenta el desaf\u00edo de revitalizar a su equipo, tener conversaciones francas y directas con sus jugadores, y prepararlos para la competencia internacional en 2024. Los cambios en el esquema y en la alineaci\u00f3n pueden resultar arriesgados en este contexto, y es esencial encontrar un equilibrio para volver al camino del \u00e9xito.<\/p>\n<p>De campeones a un River en crisis, solo han pasado 50 d\u00edas. Las preguntas sobre lo que sucedi\u00f3 y lo que vendr\u00e1 a continuaci\u00f3n se acumulan y desaf\u00edan al entrenador y al equipo a encontrar respuestas s\u00f3lidas.<\/p>\n","protected":false},"excerpt":{"rendered":"<p>En tan solo 50 d\u00edas, el equipo de Mart\u00edn Demichelis ha pasado de celebrar la vuelta ol\u00edmpica en julio frente a Estudiantes a vivir su peor momento dentro de este ciclo.<\/p>\n","protected":false},"author":3,"featured_media":11562,"comment_status":"open","ping_status":"open","sticky":false,"template":"","format":"standard","meta":{"_jetpack_memberships_contains_paid_content":false,"footnotes":""},"categories":[8,15,17],"tags":[],"class_list":["post-11561","post","type-post","status-publish","format-standard","has-post-thumbnail","hentry","category-actualidad","category-deporte","category-nacional"],"jetpack_featured_media_url":"https:\/\/comunicartesanluis.com\/v1\/wp-content\/uploads\/2023\/09\/1Add7ljwX_1290x760__1.webp","jetpack_sharing_enabled":true,"_links":{"self":[{"href":"https:\/\/comunicartesanluis.com\/index.php\/wp-json\/wp\/v2\/posts\/11561","targetHints":{"allow":["GET"]}}],"collection":[{"href":"https:\/\/comunicartesanluis.com\/index.php\/wp-json\/wp\/v2\/posts"}],"about":[{"href":"https:\/\/comunicartesanluis.com\/index.php\/wp-json\/wp\/v2\/types\/post"}],"author":[{"embeddable":true,"href":"https:\/\/comunicartesanluis.com\/index.php\/wp-json\/wp\/v2\/users\/3"}],"replies":[{"embeddable":true,"href":"https:\/\/comunicartesanluis.com\/index.php\/wp-json\/wp\/v2\/comments?post=11561"}],"version-history":[{"count":1,"href":"https:\/\/comunicartesanluis.com\/index.php\/wp-json\/wp\/v2\/posts\/11561\/revisions"}],"predecessor-version":[{"id":11563,"href":"https:\/\/comunicartesanluis.com\/index.php\/wp-json\/wp\/v2\/posts\/11561\/revisions\/11563"}],"wp:featuredmedia":[{"embeddable":true,"href":"https:\/\/comunicartesanluis.com\/index.php\/wp-json\/wp\/v2\/media\/11562"}],"wp:attachment":[{"href":"https:\/\/comunicartesanluis.com\/index.php\/wp-json\/wp\/v2\/media?parent=11561"}],"wp:term":[{"taxonomy":"category","embeddable":true,"href":"https:\/\/comunicartesanluis.com\/index.php\/wp-json\/wp\/v2\/categories?post=11561"},{"taxonomy":"post_tag","embeddable":true,"href":"https:\/\/comunicartesanluis.com\/index.php\/wp-json\/wp\/v2\/tags?post=11561"}],"curies":[{"name":"wp","href":"https:\/\/api.w.org\/{rel}","templated":true}]}}