{"id":11564,"date":"2023-09-04T11:47:03","date_gmt":"2023-09-04T14:47:03","guid":{"rendered":"https:\/\/comunicartesanluis.com\/?p=11564"},"modified":"2023-09-04T11:58:15","modified_gmt":"2023-09-04T14:58:15","slug":"la-herradura-en-el-seleccionado-provincial","status":"publish","type":"post","link":"https:\/\/comunicartesanluis.com\/index.php\/2023\/09\/04\/la-herradura-en-el-seleccionado-provincial\/","title":{"rendered":"La Herradura en el seleccionado provincial."},"content":{"rendered":"<p>El viernes pasado , el equipo juvenil de La Herradura tuvo la oportunidad de viajar junto a la Uni\u00f3n de San Luis para enfrentarse ese mismo sabado a un combinado andino. En una entrevista exclusiva, hablamos con el asistente del equipo merlino, Gregorio Mansilla, (equipo dirigido por Juan Pablo Mazzini y Pablo Feliu) quien tambi\u00e9n acompa\u00f1\u00f3 al seleccionado en calidad de padre, y nos proporcion\u00f3 algunos detalles sobre el desempe\u00f1o de los j\u00f3venes.<\/p>\n<p><img decoding=\"async\" class=\"aligncenter wp-image-11567 size-large\" src=\"https:\/\/comunicartesanluis.com\/v1\/wp-content\/uploads\/2023\/09\/WhatsApp-Image-2023-09-03-at-11.26.09-1024x820.jpeg\" alt=\"\" width=\"1024\" height=\"820\" srcset=\"https:\/\/comunicartesanluis.com\/v1\/wp-content\/uploads\/2023\/09\/WhatsApp-Image-2023-09-03-at-11.26.09-177x142.jpeg 177w, https:\/\/comunicartesanluis.com\/v1\/wp-content\/uploads\/2023\/09\/WhatsApp-Image-2023-09-03-at-11.26.09-200x160.jpeg 200w, https:\/\/comunicartesanluis.com\/v1\/wp-content\/uploads\/2023\/09\/WhatsApp-Image-2023-09-03-at-11.26.09-300x240.jpeg 300w, https:\/\/comunicartesanluis.com\/v1\/wp-content\/uploads\/2023\/09\/WhatsApp-Image-2023-09-03-at-11.26.09-400x320.jpeg 400w, https:\/\/comunicartesanluis.com\/v1\/wp-content\/uploads\/2023\/09\/WhatsApp-Image-2023-09-03-at-11.26.09-600x481.jpeg 600w, https:\/\/comunicartesanluis.com\/v1\/wp-content\/uploads\/2023\/09\/WhatsApp-Image-2023-09-03-at-11.26.09-768x615.jpeg 768w, https:\/\/comunicartesanluis.com\/v1\/wp-content\/uploads\/2023\/09\/WhatsApp-Image-2023-09-03-at-11.26.09-800x641.jpeg 800w, https:\/\/comunicartesanluis.com\/v1\/wp-content\/uploads\/2023\/09\/WhatsApp-Image-2023-09-03-at-11.26.09-1024x820.jpeg 1024w, https:\/\/comunicartesanluis.com\/v1\/wp-content\/uploads\/2023\/09\/WhatsApp-Image-2023-09-03-at-11.26.09.jpeg 1045w\" sizes=\"(max-width: 1024px) 100vw, 1024px\" \/><\/p>\n<p>Seg\u00fan Mansilla, \u00abfue un buen partido por parte de nuestros chicos, con una destacada participaci\u00f3n de todos los jugadores\u00bb. Sin embargo, los primeros 20 minutos del juego estuvieron dominados por San Luis, quienes se adelantaron en el marcador y demostraron ser superiores.<\/p>\n<p>Mansilla coment\u00f3: \u00abEn el tramo final del primer tiempo, cometimos dos errores que permitieron al equipo contrario anotar dos trys\u00bb. A pesar de este rev\u00e9s, el segundo tiempo del partido se equilibr\u00f3, pero, lamentablemente, los j\u00f3venes de San Luis no lograron revertir la situaci\u00f3n.<\/p>\n<p><img decoding=\"async\" class=\"aligncenter wp-image-11565 size-large\" src=\"https:\/\/comunicartesanluis.com\/v1\/wp-content\/uploads\/2023\/09\/WhatsApp-Image-2023-09-03-at-11.26.10-576x1024.jpeg\" alt=\"\" width=\"576\" height=\"1024\" srcset=\"https:\/\/comunicartesanluis.com\/v1\/wp-content\/uploads\/2023\/09\/WhatsApp-Image-2023-09-03-at-11.26.10-169x300.jpeg 169w, https:\/\/comunicartesanluis.com\/v1\/wp-content\/uploads\/2023\/09\/WhatsApp-Image-2023-09-03-at-11.26.10-200x356.jpeg 200w, https:\/\/comunicartesanluis.com\/v1\/wp-content\/uploads\/2023\/09\/WhatsApp-Image-2023-09-03-at-11.26.10-400x711.jpeg 400w, https:\/\/comunicartesanluis.com\/v1\/wp-content\/uploads\/2023\/09\/WhatsApp-Image-2023-09-03-at-11.26.10-576x1024.jpeg 576w, https:\/\/comunicartesanluis.com\/v1\/wp-content\/uploads\/2023\/09\/WhatsApp-Image-2023-09-03-at-11.26.10-600x1067.jpeg 600w, https:\/\/comunicartesanluis.com\/v1\/wp-content\/uploads\/2023\/09\/WhatsApp-Image-2023-09-03-at-11.26.10-768x1365.jpeg 768w, https:\/\/comunicartesanluis.com\/v1\/wp-content\/uploads\/2023\/09\/WhatsApp-Image-2023-09-03-at-11.26.10-800x1422.jpeg 800w, https:\/\/comunicartesanluis.com\/v1\/wp-content\/uploads\/2023\/09\/WhatsApp-Image-2023-09-03-at-11.26.10-864x1536.jpeg 864w, https:\/\/comunicartesanluis.com\/v1\/wp-content\/uploads\/2023\/09\/WhatsApp-Image-2023-09-03-at-11.26.10.jpeg 900w\" sizes=\"(max-width: 576px) 100vw, 576px\" \/><\/p>\n<p>Un detalle interesante es que durante su estad\u00eda, los jugadores de La Herradura fueron alojados por sus hom\u00f3logos de La Rioja y el combinado andino, lo que fortaleci\u00f3 los lazos entre los equipos y contribuy\u00f3 a la camarader\u00eda en el mundo del rugby.<\/p>\n<p>Los j\u00f3venes de La Herradura desempe\u00f1aron un papel fundamental en el juego del equipo provincial y, a continuaci\u00f3n, te presentamos la lista completa de los jugadores que participaron en este emocionante encuentro:<\/p>\n<p><img decoding=\"async\" class=\"aligncenter wp-image-11566 size-full\" src=\"https:\/\/comunicartesanluis.com\/v1\/wp-content\/uploads\/2023\/09\/WhatsApp-Image-2023-09-03-at-11.26.09-1.jpeg\" alt=\"\" width=\"1280\" height=\"720\" srcset=\"https:\/\/comunicartesanluis.com\/v1\/wp-content\/uploads\/2023\/09\/WhatsApp-Image-2023-09-03-at-11.26.09-1-200x113.jpeg 200w, https:\/\/comunicartesanluis.com\/v1\/wp-content\/uploads\/2023\/09\/WhatsApp-Image-2023-09-03-at-11.26.09-1-300x169.jpeg 300w, https:\/\/comunicartesanluis.com\/v1\/wp-content\/uploads\/2023\/09\/WhatsApp-Image-2023-09-03-at-11.26.09-1-400x225.jpeg 400w, https:\/\/comunicartesanluis.com\/v1\/wp-content\/uploads\/2023\/09\/WhatsApp-Image-2023-09-03-at-11.26.09-1-600x338.jpeg 600w, https:\/\/comunicartesanluis.com\/v1\/wp-content\/uploads\/2023\/09\/WhatsApp-Image-2023-09-03-at-11.26.09-1-768x432.jpeg 768w, https:\/\/comunicartesanluis.com\/v1\/wp-content\/uploads\/2023\/09\/WhatsApp-Image-2023-09-03-at-11.26.09-1-800x450.jpeg 800w, https:\/\/comunicartesanluis.com\/v1\/wp-content\/uploads\/2023\/09\/WhatsApp-Image-2023-09-03-at-11.26.09-1-1024x576.jpeg 1024w, https:\/\/comunicartesanluis.com\/v1\/wp-content\/uploads\/2023\/09\/WhatsApp-Image-2023-09-03-at-11.26.09-1-1200x675.jpeg 1200w, https:\/\/comunicartesanluis.com\/v1\/wp-content\/uploads\/2023\/09\/WhatsApp-Image-2023-09-03-at-11.26.09-1.jpeg 1280w\" sizes=\"(max-width: 1280px) 100vw, 1280px\" \/><\/p>\n<p>1)Le\u00f3n Albornoz.<br \/>\n2)Pineda Thiago.<br \/>\n3)Castillo Jeremias.<br \/>\n4)Joaqu\u00edn Marti.<br \/>\n5) Sim\u00f3n Vaez.<br \/>\n6)Valentin Massa.<br \/>\n7)Santhino Gutierrez.<br \/>\n8)Tobias Orozco.<br \/>\n9) Nicol\u00e1s Haurigot.<br \/>\n10) Daniel Martinez.<br \/>\n11) Mansilla Jonas.<br \/>\n12) Lucero Sanchez Danilo.<br \/>\n13) Sarasola Bautista.<br \/>\n14) Juan Pablo Benitez (Unico M16 que jug\u00f3 con su respectivo seleccionado).<\/p>\n<p>&nbsp;<\/p>\n<p>Esta semana los chicos , siguen entrenando a fulll para el s\u00e1bado viajar\u00e1n General Dheza por el torneo del sur de C\u00f3rdoba<\/p>\n","protected":false},"excerpt":{"rendered":"<p>Los chicos de la M15 representaron al club Merlino vs el combinado Andino, conformado por equipos de La Rioja. El resultado fue 19-10 en contra, pero con grandes actuaciones de los chicos de Merlo. <\/p>\n","protected":false},"author":3,"featured_media":11568,"comment_status":"open","ping_status":"open","sticky":false,"template":"","format":"standard","meta":{"_jetpack_memberships_contains_paid_content":false,"footnotes":""},"categories":[15,16],"tags":[],"class_list":["post-11564","post","type-post","status-publish","format-standard","has-post-thumbnail","hentry","category-deporte","category-local"],"jetpack_featured_media_url":"https:\/\/comunicartesanluis.com\/v1\/wp-content\/uploads\/2023\/09\/WhatsApp-Image-2023-09-03-at-11.26.08.jpeg","jetpack_sharing_enabled":true,"_links":{"self":[{"href":"https:\/\/comunicartesanluis.com\/index.php\/wp-json\/wp\/v2\/posts\/11564","targetHints":{"allow":["GET"]}}],"collection":[{"href":"https:\/\/comunicartesanluis.com\/index.php\/wp-json\/wp\/v2\/posts"}],"about":[{"href":"https:\/\/comunicartesanluis.com\/index.php\/wp-json\/wp\/v2\/types\/post"}],"author":[{"embeddable":true,"href":"https:\/\/comunicartesanluis.com\/index.php\/wp-json\/wp\/v2\/users\/3"}],"replies":[{"embeddable":true,"href":"https:\/\/comunicartesanluis.com\/index.php\/wp-json\/wp\/v2\/comments?post=11564"}],"version-history":[{"count":3,"href":"https:\/\/comunicartesanluis.com\/index.php\/wp-json\/wp\/v2\/posts\/11564\/revisions"}],"predecessor-version":[{"id":11571,"href":"https:\/\/comunicartesanluis.com\/index.php\/wp-json\/wp\/v2\/posts\/11564\/revisions\/11571"}],"wp:featuredmedia":[{"embeddable":true,"href":"https:\/\/comunicartesanluis.com\/index.php\/wp-json\/wp\/v2\/media\/11568"}],"wp:attachment":[{"href":"https:\/\/comunicartesanluis.com\/index.php\/wp-json\/wp\/v2\/media?parent=11564"}],"wp:term":[{"taxonomy":"category","embeddable":true,"href":"https:\/\/comunicartesanluis.com\/index.php\/wp-json\/wp\/v2\/categories?post=11564"},{"taxonomy":"post_tag","embeddable":true,"href":"https:\/\/comunicartesanluis.com\/index.php\/wp-json\/wp\/v2\/tags?post=11564"}],"curies":[{"name":"wp","href":"https:\/\/api.w.org\/{rel}","templated":true}]}}