{"id":11586,"date":"2023-09-05T09:36:46","date_gmt":"2023-09-05T12:36:46","guid":{"rendered":"https:\/\/comunicartesanluis.com\/?p=11586"},"modified":"2023-09-05T09:36:46","modified_gmt":"2023-09-05T12:36:46","slug":"la-fifa-podria-extender-la-sancion-de-rubiales","status":"publish","type":"post","link":"https:\/\/comunicartesanluis.com\/index.php\/2023\/09\/05\/la-fifa-podria-extender-la-sancion-de-rubiales\/","title":{"rendered":"La FIFA podr\u00eda extender la sanci\u00f3n de Rubiales"},"content":{"rendered":"<div class=\"wrapper-header\">\n<div class=\"container-xl\">\n<div class=\"row\">\n<div class=\"col-12\">\n<div class=\"head-content mb-4\">\n<div class=\"my-3\"><\/div>\n<\/div>\n<\/div>\n<\/div>\n<\/div>\n<\/div>\n<div class=\"wrapper-editable-content\">\n<div>\n<div class=\"wrapper-editable-content\">\n<div class=\"container-md\">\n<div class=\"row\">\n<div class=\"col-md-12 speak\">\n<div class=\"paragraph\">\n<figure class=\"mb-3\"><strong>El presidente de la Real Federaci\u00f3n Espa\u00f1ol de F\u00fatbol <\/strong>(RFEF), Luis Rubiales, que\u00a0<strong>est\u00e1 suspendido por la FIFA hasta noviembre<\/strong>\u00a0pr\u00f3ximo\u00a0<strong>para desempe\u00f1ar su funci\u00f3n tras el esc\u00e1ndalo del beso a<\/strong>\u00a0la jugadora espa\u00f1ola\u00a0<strong>Jenni Hermoso en el Mundial<\/strong>\u00a0de Ocean\u00eda,\u00a0<strong>podr\u00eda ser inhabilitado por otros tres meses m\u00e1s por el m\u00e1ximo organismo mundial.<\/strong><\/figure>\n<p>Rubiales est\u00e1 suspendido inicialmente como presidente de la RFEF, lo mismo que a nivel internacional, hasta el jueves 23 de noviembre, d\u00eda en que se cumplir\u00e1n 90 d\u00edas de sanci\u00f3n.<\/p>\n<p>No obstante, el dirigente podr\u00eda ser suspendido por otros tres meses, hasta el 21 de febrero pr\u00f3ximo, a la espera de conocer el dictamen disciplinario por parte del Consejo Nacional de Deportes (CSD) de Espa\u00f1a por el expediente abierto al presidente de la RFEF.<\/p>\n<figure class=\"mb-3\"><img decoding=\"async\" class=\" lazy \" src=\"https:\/\/www.telam.com.ar\/thumbs\/bluesteel\/advf\/imagenes\/2023\/08\/64ec8ee21baae_1200.jpg\" alt=\"Rubiales suspendido por FIFA Foto TWrfef\" width=\"100%\" height=\"100%\" \/><\/p>\n<div class=\"media-icons\"><\/div><figcaption>Rubiales suspendido por FIFA. \/ Foto: TW@rfef.<\/figcaption><\/figure>\n<p>El titular de la Comisi\u00f3n Disciplinaria de la FIFA, Jorge Iv\u00e1n Palacios, acord\u00f3 la suspensi\u00f3n provisional de Rubiales de toda actividad relacionada con el f\u00fatbol a nivel nacional e internacional, se\u00f1al\u00f3 Mundo Deportivo.<\/p>\n<p>El dirigente desat\u00f3 el esc\u00e1ndalo al besar en la boca a Hermoso durante la premiaci\u00f3n del equipo ib\u00e9rico como campe\u00f3n mundial en el certamen desarrollado en Nueva Zelanda y Australia.<\/p>\n<p>Luego de acci\u00f3n y en medio estr\u00e9pito causado, se le exigi\u00f3 a Rubiales la renuncia a su cargo pero el dirigente se neg\u00f3 a dimitir en la Asamblea Extraordinaria de la RFEF.<\/p><\/div>\n<\/div>\n<\/div>\n<\/div>\n<\/div>\n<\/div>\n<\/div>\n<div><\/div>\n<div><\/div>\n<div><\/div>\n<div><\/div>\n<div><\/div>\n<div>T\u00e9lam.<\/div>\n","protected":false},"excerpt":{"rendered":"<p>El dirigente podr\u00eda ser suspendido por otros tres meses, hasta el 21 de febrero pr\u00f3ximo.<\/p>\n","protected":false},"author":3,"featured_media":11587,"comment_status":"open","ping_status":"open","sticky":false,"template":"","format":"standard","meta":{"_jetpack_memberships_contains_paid_content":false,"footnotes":""},"categories":[8,15,18],"tags":[],"class_list":["post-11586","post","type-post","status-publish","format-standard","has-post-thumbnail","hentry","category-actualidad","category-deporte","category-internacional"],"jetpack_featured_media_url":"https:\/\/comunicartesanluis.com\/v1\/wp-content\/uploads\/2023\/09\/64e9f9f90d226_1200.jpg","jetpack_sharing_enabled":true,"_links":{"self":[{"href":"https:\/\/comunicartesanluis.com\/index.php\/wp-json\/wp\/v2\/posts\/11586","targetHints":{"allow":["GET"]}}],"collection":[{"href":"https:\/\/comunicartesanluis.com\/index.php\/wp-json\/wp\/v2\/posts"}],"about":[{"href":"https:\/\/comunicartesanluis.com\/index.php\/wp-json\/wp\/v2\/types\/post"}],"author":[{"embeddable":true,"href":"https:\/\/comunicartesanluis.com\/index.php\/wp-json\/wp\/v2\/users\/3"}],"replies":[{"embeddable":true,"href":"https:\/\/comunicartesanluis.com\/index.php\/wp-json\/wp\/v2\/comments?post=11586"}],"version-history":[{"count":1,"href":"https:\/\/comunicartesanluis.com\/index.php\/wp-json\/wp\/v2\/posts\/11586\/revisions"}],"predecessor-version":[{"id":11588,"href":"https:\/\/comunicartesanluis.com\/index.php\/wp-json\/wp\/v2\/posts\/11586\/revisions\/11588"}],"wp:featuredmedia":[{"embeddable":true,"href":"https:\/\/comunicartesanluis.com\/index.php\/wp-json\/wp\/v2\/media\/11587"}],"wp:attachment":[{"href":"https:\/\/comunicartesanluis.com\/index.php\/wp-json\/wp\/v2\/media?parent=11586"}],"wp:term":[{"taxonomy":"category","embeddable":true,"href":"https:\/\/comunicartesanluis.com\/index.php\/wp-json\/wp\/v2\/categories?post=11586"},{"taxonomy":"post_tag","embeddable":true,"href":"https:\/\/comunicartesanluis.com\/index.php\/wp-json\/wp\/v2\/tags?post=11586"}],"curies":[{"name":"wp","href":"https:\/\/api.w.org\/{rel}","templated":true}]}}