{"id":11589,"date":"2023-09-05T09:40:16","date_gmt":"2023-09-05T12:40:16","guid":{"rendered":"https:\/\/comunicartesanluis.com\/?p=11589"},"modified":"2023-09-05T09:40:16","modified_gmt":"2023-09-05T12:40:16","slug":"van-gaal-cree-que-argentina-y-messi-recibieron-ayuda-para-ganar-el-mundial-de-qatar","status":"publish","type":"post","link":"https:\/\/comunicartesanluis.com\/index.php\/2023\/09\/05\/van-gaal-cree-que-argentina-y-messi-recibieron-ayuda-para-ganar-el-mundial-de-qatar\/","title":{"rendered":"Van Gaal cree que Argentina y Messi recibieron ayuda para ganar el Mundial de Qatar"},"content":{"rendered":"<div class=\"wrapper-header\">\n<div class=\"container-xl\">\n<div class=\"row\">\n<div class=\"col-12\">\n<div class=\"head-content mb-4\">\n<div class=\"my-3\"><\/div>\n<\/div>\n<\/div>\n<\/div>\n<\/div>\n<\/div>\n<div class=\"wrapper-editable-content\">\n<div>\n<div class=\"wrapper-editable-content\">\n<div class=\"container-md\">\n<div class=\"row\">\n<div class=\"col-md-12 speak\">\n<div class=\"paragraph\">El exseleccionador de Pa\u00edses Bajos, Louis van Gaal,\u00a0<strong>desliz\u00f3 que la conquista de Argentina en el Mundial de Qatar 2022 fue \u00abpremeditada\u00bb\u00a0<\/strong>y puso en duda los fallos arbitrales en la derrota por penales en la instancia de cuartos de final.<\/p>\n<p>\u00abNo quiero hablar mucho al respecto, pero fue un 2-2, hubo un tiempo extra y penales. Si ves c\u00f3mo Argentina consigue los goles y c\u00f3mo nosotros conseguimos los goles, y c\u00f3mo algunos jugadores argentinos se sobrepasaron la l\u00ednea y no fueron penalizados, creo\u00a0<strong>que todo fue un juego premeditado\u00bb<\/strong>, dijo van Gaal al medio p\u00fablico neerland\u00e9s Nederlandse Omroep Stichting (NOS).<\/p>\n<p>El reportero de turno apel\u00f3 a una repregunta, buscando una explicaci\u00f3n m\u00e1s directa y el ex DT de Barcelona contest\u00f3:\u00a0<strong>\u00abMe refiero a todo lo que digo\u00bb.<\/strong><\/p>\n<p>De inmediato, el DT recibi\u00f3 otra pregunta del periodista: \u00ab\u00bfQue Messi deb\u00eda ser campe\u00f3n del mundo?\u00bb\u00a0<strong>y van Gaal respondi\u00f3: \u00abCreo que s\u00ed\u00bb.<\/strong><\/p>\n<p>Argentina derrot\u00f3 a Pa\u00edses Bajos por penales (4-3) en los cuartos de final de Qatar 2022, luego del empate 2-2, en un partido disputado,\u00a0<strong>con acusaciones cruzadas tanto dentro como fuera de la cancha,<\/strong>\u00a0con un Messi que grit\u00f3 su gol, de penal, a lo \u00abTopo Gigio\u00bb de cara al banco de los suplentes, en respuesta al propio van Gaal, quien en la previa hab\u00eda minimizado sus cualidades futbol\u00edsticas.<\/div>\n<\/div>\n<\/div>\n<\/div>\n<\/div>\n<\/div>\n<\/div>\n<div><\/div>\n<div><\/div>\n<div><\/div>\n<div><\/div>\n<div><\/div>\n<div><\/div>\n<div><\/div>\n<div>T\u00e9lam.<\/div>\n","protected":false},"excerpt":{"rendered":"<p>El exseleccionador de Pa\u00edses Bajos sugiri\u00f3 que la conquista del equipo de Lionel Scaloni fue \u00abpremeditada\u00bb y puso en duda los fallos arbitrales en la derrota por penales de su Selecci\u00f3n en la instancia de cuartos de final del torneo mundialista.<\/p>\n","protected":false},"author":3,"featured_media":11590,"comment_status":"open","ping_status":"open","sticky":false,"template":"","format":"standard","meta":{"_jetpack_memberships_contains_paid_content":false,"footnotes":""},"categories":[8,15,18],"tags":[],"class_list":["post-11589","post","type-post","status-publish","format-standard","has-post-thumbnail","hentry","category-actualidad","category-deporte","category-internacional"],"jetpack_featured_media_url":"https:\/\/comunicartesanluis.com\/v1\/wp-content\/uploads\/2023\/09\/6391fe4dce9ac_1200.jpg","jetpack_sharing_enabled":true,"_links":{"self":[{"href":"https:\/\/comunicartesanluis.com\/index.php\/wp-json\/wp\/v2\/posts\/11589","targetHints":{"allow":["GET"]}}],"collection":[{"href":"https:\/\/comunicartesanluis.com\/index.php\/wp-json\/wp\/v2\/posts"}],"about":[{"href":"https:\/\/comunicartesanluis.com\/index.php\/wp-json\/wp\/v2\/types\/post"}],"author":[{"embeddable":true,"href":"https:\/\/comunicartesanluis.com\/index.php\/wp-json\/wp\/v2\/users\/3"}],"replies":[{"embeddable":true,"href":"https:\/\/comunicartesanluis.com\/index.php\/wp-json\/wp\/v2\/comments?post=11589"}],"version-history":[{"count":1,"href":"https:\/\/comunicartesanluis.com\/index.php\/wp-json\/wp\/v2\/posts\/11589\/revisions"}],"predecessor-version":[{"id":11591,"href":"https:\/\/comunicartesanluis.com\/index.php\/wp-json\/wp\/v2\/posts\/11589\/revisions\/11591"}],"wp:featuredmedia":[{"embeddable":true,"href":"https:\/\/comunicartesanluis.com\/index.php\/wp-json\/wp\/v2\/media\/11590"}],"wp:attachment":[{"href":"https:\/\/comunicartesanluis.com\/index.php\/wp-json\/wp\/v2\/media?parent=11589"}],"wp:term":[{"taxonomy":"category","embeddable":true,"href":"https:\/\/comunicartesanluis.com\/index.php\/wp-json\/wp\/v2\/categories?post=11589"},{"taxonomy":"post_tag","embeddable":true,"href":"https:\/\/comunicartesanluis.com\/index.php\/wp-json\/wp\/v2\/tags?post=11589"}],"curies":[{"name":"wp","href":"https:\/\/api.w.org\/{rel}","templated":true}]}}