{"id":11613,"date":"2023-09-05T11:24:13","date_gmt":"2023-09-05T14:24:13","guid":{"rendered":"https:\/\/comunicartesanluis.com\/?p=11613"},"modified":"2023-09-05T11:24:13","modified_gmt":"2023-09-05T14:24:13","slug":"atletismo-argentino-u18-se-prepara-en-san-luis-para-el-campeonato-iberoamericano","status":"publish","type":"post","link":"https:\/\/comunicartesanluis.com\/index.php\/2023\/09\/05\/atletismo-argentino-u18-se-prepara-en-san-luis-para-el-campeonato-iberoamericano\/","title":{"rendered":"Atletismo argentino U18 se prepara en San Luis para el Campeonato Iberoamericano"},"content":{"rendered":"<p>Los j\u00f3venes atletas de la Selecci\u00f3n Argentina de atletismo U18 han elegido la provincia de San Luis como el lugar ideal para su entrenamiento de alto rendimiento con miras al pr\u00f3ximo Campeonato Iberoamericano, que se llevar\u00e1 a cabo en Lima, Per\u00fa, a partir del 15 de septiembre.<\/p>\n<p>La concentraci\u00f3n nacional comenz\u00f3 el viernes por la ma\u00f1ana en el Centro de Desarrollo Deportivo \u00abPedro Presti\u00bb, donde los atletas argentinos han tenido una agenda repleta de actividades a lo largo del fin de semana. Las instalaciones de la pista sint\u00e9tica del CDD \u00abPedro Presti\u00bb y el Campus de la Universidad de La Punta (ULP) fueron seleccionadas como los lugares id\u00f3neos para afinar sus habilidades y prepararse para las pruebas de pista y campo en el Iberoamericano de Lima.<\/p>\n<p><img decoding=\"async\" src=\"https:\/\/agenciasanluis.com\/wp-content\/uploads\/2023\/09\/1_36-34.jpg\" \/><\/p>\n<p>El Ente Nacional de Alto Rendimiento Deportivo (ENARD), en colaboraci\u00f3n con la Confederaci\u00f3n Argentina de Atletismo (CADA), ha optado nuevamente por San Luis como el epicentro del desarrollo del atletismo juvenil. Tras el Campeonato Argentino Juvenil celebrado en 2022, esta vez, la provincia fue seleccionada como la ubicaci\u00f3n para la preparaci\u00f3n final antes de una de las competencias m\u00e1s importantes del continente.<\/p>\n<p><img decoding=\"async\" src=\"https:\/\/agenciasanluis.com\/wp-content\/uploads\/2023\/09\/1_42-27.jpg\" \/><\/p>\n<p>Atletas procedentes de diversas provincias argentinas, como Santa Fe, Corrientes, Mendoza, Buenos Aires y Chubut, se congregaron en San Luis para esta \u00faltima concentraci\u00f3n en el pa\u00eds. Durante su estancia, perfeccionaron detalles t\u00e9cnicos en pruebas tanto en superficies sint\u00e9ticas como en terrenos naturales, adem\u00e1s de someterse a sesiones en los gimnasios del Campus de la ULP y a evaluaciones m\u00e9dicas y antropom\u00e9tricas realizadas por profesionales de San Luis. La intensa actividad culmin\u00f3 el domingo con un torneo de lanzamientos y saltos en el que tambi\u00e9n participaron atletas puntanos U18.<\/p>\n<p><img decoding=\"async\" src=\"https:\/\/agenciasanluis.com\/wp-content\/uploads\/2023\/09\/1_8-103.jpg\" \/><\/p>\n<p>El director de Desarrollo de la CADA, Omar Da Silva, coment\u00f3: \u00abEste Campus busca la integraci\u00f3n entre los atletas de diferentes puntos del pa\u00eds, y tambi\u00e9n entrenadores, porque creemos que es muy importante la formaci\u00f3n y acumulaci\u00f3n de experiencias en ellos tambi\u00e9n\u00bb. Da Silva enfatiz\u00f3 que Argentina cuenta cada vez m\u00e1s con j\u00f3venes atletas de alto nivel t\u00e9cnico y talento, y destac\u00f3 la elecci\u00f3n de San Luis como un punto referencial en la disciplina.<\/p>\n<p><img decoding=\"async\" src=\"https:\/\/agenciasanluis.com\/wp-content\/uploads\/2023\/09\/1_30-37.jpg\" \/><\/p>\n<p>Adem\u00e1s de los atletas de otras provincias, tambi\u00e9n participaron en el Campus cinco talentosos j\u00f3venes de San Luis: Tiziana Bila, Iara Aro, Ramiro Baccei, Mateo Barrozo y Facundo Lima, con la esperanza de formar parte del seleccionado nacional en competencias internacionales a partir del pr\u00f3ximo a\u00f1o.<\/p>\n<p>El entrenador expres\u00f3 su agradecimiento a la Secretar\u00eda de Deportes del Gobierno de San Luis por brindar su apoyo y por poner a disposici\u00f3n instalaciones de primera clase y recursos humanos de calidad para el desarrollo de este importante evento deportivo.<\/p>\n<p>&nbsp;<\/p>\n<p>&nbsp;<\/p>\n<p>&nbsp;<\/p>\n<p><em>Nota y fotos: Prensa Secretar\u00eda de Deportes.<\/em><\/p>\n","protected":false},"excerpt":{"rendered":"<p>\u00a0J\u00f3venes promesas del atletismo nacional eligen la provincia para su entrenamiento de alto rendimiento.<\/p>\n","protected":false},"author":3,"featured_media":0,"comment_status":"open","ping_status":"open","sticky":false,"template":"","format":"standard","meta":{"_jetpack_memberships_contains_paid_content":false,"footnotes":""},"categories":[8,15,16],"tags":[],"class_list":["post-11613","post","type-post","status-publish","format-standard","hentry","category-actualidad","category-deporte","category-local"],"jetpack_featured_media_url":"","jetpack_sharing_enabled":true,"_links":{"self":[{"href":"https:\/\/comunicartesanluis.com\/index.php\/wp-json\/wp\/v2\/posts\/11613","targetHints":{"allow":["GET"]}}],"collection":[{"href":"https:\/\/comunicartesanluis.com\/index.php\/wp-json\/wp\/v2\/posts"}],"about":[{"href":"https:\/\/comunicartesanluis.com\/index.php\/wp-json\/wp\/v2\/types\/post"}],"author":[{"embeddable":true,"href":"https:\/\/comunicartesanluis.com\/index.php\/wp-json\/wp\/v2\/users\/3"}],"replies":[{"embeddable":true,"href":"https:\/\/comunicartesanluis.com\/index.php\/wp-json\/wp\/v2\/comments?post=11613"}],"version-history":[{"count":1,"href":"https:\/\/comunicartesanluis.com\/index.php\/wp-json\/wp\/v2\/posts\/11613\/revisions"}],"predecessor-version":[{"id":11614,"href":"https:\/\/comunicartesanluis.com\/index.php\/wp-json\/wp\/v2\/posts\/11613\/revisions\/11614"}],"wp:attachment":[{"href":"https:\/\/comunicartesanluis.com\/index.php\/wp-json\/wp\/v2\/media?parent=11613"}],"wp:term":[{"taxonomy":"category","embeddable":true,"href":"https:\/\/comunicartesanluis.com\/index.php\/wp-json\/wp\/v2\/categories?post=11613"},{"taxonomy":"post_tag","embeddable":true,"href":"https:\/\/comunicartesanluis.com\/index.php\/wp-json\/wp\/v2\/tags?post=11613"}],"curies":[{"name":"wp","href":"https:\/\/api.w.org\/{rel}","templated":true}]}}