{"id":11615,"date":"2023-09-05T15:17:04","date_gmt":"2023-09-05T18:17:04","guid":{"rendered":"https:\/\/comunicartesanluis.com\/?p=11615"},"modified":"2023-09-05T15:17:04","modified_gmt":"2023-09-05T18:17:04","slug":"belen-perez-maurice-tres-veces-olimpica-cerro-su-etapa-en-el-seleccionado-argentino","status":"publish","type":"post","link":"https:\/\/comunicartesanluis.com\/index.php\/2023\/09\/05\/belen-perez-maurice-tres-veces-olimpica-cerro-su-etapa-en-el-seleccionado-argentino\/","title":{"rendered":"Bel\u00e9n P\u00e9rez Maurice, tres veces ol\u00edmpica, cerr\u00f3 su etapa en el seleccionado argentino"},"content":{"rendered":"<div class=\"wrapper-header\">\n<div class=\"container-xl\">\n<div class=\"row\">\n<div class=\"col-12\">\n<div class=\"head-content mb-4\">\n<div class=\"my-3\"><\/div>\n<\/div>\n<\/div>\n<\/div>\n<\/div>\n<\/div>\n<div class=\"wrapper-editable-content\">\n<div class=\"wrapper-editable-content\">\n<div class=\"container-md\">\n<div class=\"row\">\n<div class=\"col-md-12 speak\">\n<div class=\"paragraph\">La esgrimista bonaerense Bel\u00e9n P\u00e9rez Maurice, doble medallista panamericana y con tres Juegos Ol\u00edmpicos disputados, le puso fin a su extensa carrera en el seleccionado argentino despu\u00e9s de 25 a\u00f1os, y admiti\u00f3 que tom\u00f3 esa decisi\u00f3n porque hace tiempo sinti\u00f3 que brind\u00f3 todo y \u00abestaba vac\u00eda\u00bb.<\/p>\n<p>\u00abSent\u00ed que era el momento. No es algo nuevo. Hace tiempo que siento que di todo y que estaba vac\u00eda pero realmente me di cuenta en mi \u00faltimo torneo, no fue planeado\u00bb, revel\u00f3 la esgrimista en una entrevista que concedi\u00f3 a T\u00e9lam, en alusi\u00f3n a la decisi\u00f3n que tom\u00f3 luego del Mundial de Mil\u00e1n, en Italia, en julio pasado.<\/p>\n<p>\u00abCreo que mi carrera tuvo todos los condimentos. Desde momentos de resultados deportivos impensados para un argentino hasta otros bajos donde ten\u00e9s que cumplir con un resultado y no lo logr\u00e9. Pero lo que marc\u00f3 toda mi carrera fue la constancia y el trabajo\u00bb, puntualiz\u00f3.<\/p>\n<p>P\u00e9rez Maurice, de 38 a\u00f1os, tom\u00f3 parte de los Juegos Ol\u00edmpicos de Londres 2012 (finaliz\u00f3 en el puesto 21), R\u00edo de Janeiro 2016 (25ta) y Tokio 2021 (perdi\u00f3 en 16vos. de final ante la h\u00fangara Anna Marton en sable individual y fue eliminada).<\/p>\n<p>Adem\u00e1s, la bonaerense fue la cuarta argentina en disputar tres Juegos seguidos despu\u00e9s de Alejandra Carbone (Atlanta 1996, Sydney 2000 y Atenas 2004 en florete individual); Ra\u00fal Saucedo (Los \u00c1ngeles 1932, Berl\u00edn 1936 y Londres 1948, en espada individual) y Omar Vergara (M\u00e9xico 1968, M\u00fanich 1972 y Montreal 1976 en espada).<\/p>\n<p>P\u00e9rez Maurice gan\u00f3 la medalla de plata en los Panamericanos de Lima 2019 y de bronce en los Toronto, Canad\u00e1, 2015, en sable individual.<\/p>\n<p>La esgrimista nacida en la ciudad bonaerense de San Nicol\u00e1s es ingeniera en alimentos, modelo publicitaria y cabo primero del Ej\u00e9rcito Argentino.<\/p>\n<p>Adem\u00e1s, est\u00e1 en pareja con Lucas Saucedo, que est\u00e1 a cargo desde 2007 de las selecciones argentinas de sable masculino y femenino, y con el que entrena seis d\u00edas por semana.<\/p>\n<figure class=\"mb-3\"><img decoding=\"async\" class=\" lazy \" src=\"https:\/\/www.telam.com.ar\/thumbs\/bluesteel\/advf\/imagenes\/2023\/09\/64f7554923097_1200.jpg\" alt=\"Foto Eugenio Savio \" width=\"100%\" height=\"100%\" \/><\/p>\n<div class=\"media-icons\"><\/div><figcaption>Foto Eugenio Savio.<\/figcaption><\/figure>\n<p>La \u00fanica medalla ol\u00edmpica de la esgrima argentina fue ganada por Carmelo Camet, Ra\u00fal Anganuzzi, Roberto Larraz y Luis y H\u00e9ctor Lucchetti: bronce en florete por equipos en \u00c1msterdam 1928.<\/p>\n<p><strong>-T\u00e9lam: \u00bfPor qu\u00e9 te retiraste?<\/strong><\/p>\n<p>-BPM: Sent\u00ed que era el momento. No es algo nuevo. Hace tiempo que siento que di todo y que estaba vac\u00eda pero realmente me di cuenta en este \u00faltimo torneo (en Mil\u00e1n, en julio pasado). No fue planeado.<\/p>\n<p><strong>-T: En un posteo en Facebook expresaste \u00abdi todo, hice un esfuerzo por continuar pero ya no puedo m\u00e1s\u00bb. \u00bfTe referiste a cuestiones f\u00edsicas, psicol\u00f3gicas o de otra \u00edndole?<\/strong><\/p>\n<p>-BPM: Ambas. En la parte f\u00edsica, me lesion\u00e9 este \u00faltimo a\u00f1o como nunca antes, una tras otra, y se me hizo muy dif\u00edcil entrenar. Y desde el lado mental me sent\u00eda rara compitiendo hasta que me di cuenta que ese famoso \u00abfuego\u00bb ya no estaba.<\/p>\n<p><strong>-T: Tambi\u00e9n manifestaste \u00abfui, soy y ser\u00e9 una privilegiada por la carrera que tuve\u00bb. \u00bfPor qu\u00e9?<\/strong><\/p>\n<p>-BPM: Primero por la carrera tan larga que tuve, despu\u00e9s porque no siempre -aunque uno de todo y se mate entrenando- logra los objetivos que se puso, y yo los logr\u00e9. Por eso me siento una privilegiada.<\/p>\n<p><strong>-T: \u00bfC\u00f3mo describ\u00eds o defin\u00eds tu carrera, en la participaste en tres Juegos Ol\u00edmpicos y fuiste doble medallista panamericana como puntos salientes?<\/strong><\/p>\n<p>-BPM: Creo que mi carrera tuvo todos los condimentos. Desde momentos de resultados deportivos impensados para un argentino hasta los momentos bajos donde ten\u00e9s que cumplir con un resultado y no lo logr\u00e9. Pero creo que lo que marc\u00f3 toda mi carrera fue la constancia y el trabajo.<\/p>\n<p><strong>-T: \u00bfCu\u00e1les fueron las mayores satisfacciones y sinsabores que tuviste en los 25 a\u00f1os de carrera?<\/strong><\/p>\n<p>-BPM: \u00a1Uff, hay tantas! De las dos. Hay una que siempre la cuento que fue en el 2014, la medalla de bronce en los Odesur para m\u00ed fue un mal resultado, muy malo y un par de meses despu\u00e9s fui campeona panamericana.<\/p>\n<p><strong>-T: \u00bfQu\u00e9 importancia le otorg\u00e1s a Lucas Saucedo, tu pareja y entrenador, en tu trayectoria y \u00bfpor qu\u00e9?<\/strong><\/p>\n<p>-BPM: Toda mi carrera deportiva se la debo a \u00e9l por varias razones. Primero porque cre\u00eda m\u00e1s en m\u00ed de lo que yo cre\u00eda. Ve\u00eda un potencial que no sab\u00eda que ten\u00eda. Adem\u00e1s de eso es un maestro que est\u00e1 en todos los detalles, siempre dispuesto a aprender de los entrenadores m\u00e1s importantes para poder darme lo mejor. Toda su energ\u00eda y empuje fue lo que hizo que logr\u00e1ramos resultados impensados.<\/p>\n<figure class=\"mb-3\"><img decoding=\"async\" class=\" lazy \" src=\"https:\/\/www.telam.com.ar\/thumbs\/bluesteel\/advf\/imagenes\/2023\/09\/64f755af60785_1200.jpg\" alt=\"Foto Candelaria Lagos \" width=\"100%\" height=\"100%\" \/><\/p>\n<div class=\"media-icons\"><\/div><figcaption>Foto Candelaria Lagos.<\/figcaption><\/figure>\n<p><strong>-T: El garrochista Germ\u00e1n Chiaraviglio, en una entrevista con T\u00e9lam, expres\u00f3 que se presentaba, en el Mundial de Hungr\u00eda, en la elecci\u00f3n de la comisi\u00f3n de atletas de la World Athletics. \u00bfTe interesa incursionar en ese sentido en la Federaci\u00f3n Internacional de Esgrima (FIE) o en el \u00e1mbito local?<\/strong><\/p>\n<p>-BPM: Creo que en alg\u00fan momento s\u00ed, pero ahora necesito desconectar un poco por un tiempito.<\/p>\n<p><strong>T: \u00bfSeguir\u00e1s vinculada como entrenadora, formadora o te alejar\u00e1s del mundo de la esgrima?<\/strong><\/p>\n<p>-BPM: Siempre voy a seguir vinculada a la esgrima, lo dije y lo sostengo, yo me retiro del alto rendimiento, pero voy a seguir tirando y hasta yendo a alg\u00fan torneo. Adem\u00e1s, sigo compitiendo para el Ej\u00e9rcito argentino. Seguramente voy a estar como formadora en mi club, la fundaci\u00f3n Argentina de Esgrima.<\/p>\n<p><strong>-T: \u00bfC\u00f3mo defin\u00eds el estado actual de la esgrima nacional?<\/strong><\/p>\n<p>-BPM: Hay muchos esgrimistas de la selecci\u00f3n con grandes t\u00edtulos y experiencia, pero no s\u00e9 si ahora o m\u00e1s adelante una generaci\u00f3n se va a terminar. Hay algunas armas con recambio y otras en las que se necesita trabajar un poco m\u00e1s.<\/p>\n<p><strong>-T: Argentina logr\u00f3 en los Juegos Panamericanos de Lima 2019 cuatro medallas (Isabel Di Tella (espada) bronce; vos, plata; Pascual Di Tella (sable) plata y Jos\u00e9 F\u00e9lix Dom\u00ednguez, Jes\u00fas Lugones y Alessandro Taccani (espada equipos) plata). \u00bfCu\u00e1l es tu pron\u00f3stico para los de Chile de octubre?<\/strong><\/p>\n<p>-BPM: Pron\u00f3stico no voy a arriesgar para no quemar a nadie, pero s\u00ed les deseo lo mejor de los \u00e9xitos a todos los chicos de la delegaci\u00f3n.<br \/>\n<strong>-T: Por \u00faltimo, \u00bfQu\u00e9 opinas sobre el episodio que ocurri\u00f3 en Mundial de Milan, Italia, en julio, en el que la ucraniana Olga Jarlan fue descalificada por no darle la mano a su rival rusa Anna Smirnova, quien particip\u00f3 como \u00abatleta individual neutral\u00bb.<\/strong><\/p>\n<p>-BPM: Es un tema sensible, pero creo que si aceptas competir, nuestro deporte tiene ciertas reglas que hay que cumplir, que no quita que la \u00abatleta neutral\u00bb en mi opini\u00f3n lo hizo con intenci\u00f3n de generar este conflicto porque se inici\u00f3 por el reclamo de ella. Pero las reglas son iguales para todos.<\/p><\/div>\n<\/div>\n<\/div>\n<\/div>\n<\/div>\n<\/div>\n<div><\/div>\n<div><\/div>\n<div><\/div>\n<div><\/div>\n<div><\/div>\n<div><\/div>\n<div><\/div>\n<div><\/div>\n<div>T\u00e9lam.<\/div>\n","protected":false},"excerpt":{"rendered":"<p>La atleta, de 38 a\u00f1os, tom\u00f3 parte de los Juegos Ol\u00edmpicos de Londres 2012 (finaliz\u00f3 en el puesto 21), R\u00edo de Janeiro 2016 (25ta) y Tokio 2021 (perdi\u00f3 en 16vos. de final ante la h\u00fangara Anna Marton en sable individual y fue eliminada).<\/p>\n","protected":false},"author":3,"featured_media":11616,"comment_status":"open","ping_status":"open","sticky":false,"template":"","format":"standard","meta":{"_jetpack_memberships_contains_paid_content":false,"footnotes":""},"categories":[8,15,17],"tags":[],"class_list":["post-11615","post","type-post","status-publish","format-standard","has-post-thumbnail","hentry","category-actualidad","category-deporte","category-nacional"],"jetpack_featured_media_url":"https:\/\/comunicartesanluis.com\/v1\/wp-content\/uploads\/2023\/09\/64f755836a999_1200.jpg","jetpack_sharing_enabled":true,"_links":{"self":[{"href":"https:\/\/comunicartesanluis.com\/index.php\/wp-json\/wp\/v2\/posts\/11615","targetHints":{"allow":["GET"]}}],"collection":[{"href":"https:\/\/comunicartesanluis.com\/index.php\/wp-json\/wp\/v2\/posts"}],"about":[{"href":"https:\/\/comunicartesanluis.com\/index.php\/wp-json\/wp\/v2\/types\/post"}],"author":[{"embeddable":true,"href":"https:\/\/comunicartesanluis.com\/index.php\/wp-json\/wp\/v2\/users\/3"}],"replies":[{"embeddable":true,"href":"https:\/\/comunicartesanluis.com\/index.php\/wp-json\/wp\/v2\/comments?post=11615"}],"version-history":[{"count":1,"href":"https:\/\/comunicartesanluis.com\/index.php\/wp-json\/wp\/v2\/posts\/11615\/revisions"}],"predecessor-version":[{"id":11617,"href":"https:\/\/comunicartesanluis.com\/index.php\/wp-json\/wp\/v2\/posts\/11615\/revisions\/11617"}],"wp:featuredmedia":[{"embeddable":true,"href":"https:\/\/comunicartesanluis.com\/index.php\/wp-json\/wp\/v2\/media\/11616"}],"wp:attachment":[{"href":"https:\/\/comunicartesanluis.com\/index.php\/wp-json\/wp\/v2\/media?parent=11615"}],"wp:term":[{"taxonomy":"category","embeddable":true,"href":"https:\/\/comunicartesanluis.com\/index.php\/wp-json\/wp\/v2\/categories?post=11615"},{"taxonomy":"post_tag","embeddable":true,"href":"https:\/\/comunicartesanluis.com\/index.php\/wp-json\/wp\/v2\/tags?post=11615"}],"curies":[{"name":"wp","href":"https:\/\/api.w.org\/{rel}","templated":true}]}}