{"id":11624,"date":"2023-09-05T15:29:58","date_gmt":"2023-09-05T18:29:58","guid":{"rendered":"https:\/\/comunicartesanluis.com\/?p=11624"},"modified":"2023-09-05T15:29:58","modified_gmt":"2023-09-05T18:29:58","slug":"marcelo-bielsa-confirmo-la-lista-de-uruguay-sin-luis-suarez-ni-edinson-cavani","status":"publish","type":"post","link":"https:\/\/comunicartesanluis.com\/index.php\/2023\/09\/05\/marcelo-bielsa-confirmo-la-lista-de-uruguay-sin-luis-suarez-ni-edinson-cavani\/","title":{"rendered":"Marcelo Bielsa confirm\u00f3 la lista de Uruguay sin Luis Su\u00e1rez ni Edinson Cavani"},"content":{"rendered":"<div class=\"wrapper-header\">\n<div class=\"container-xl\">\n<div class=\"row\">\n<div class=\"col-12\">\n<div class=\"head-content mb-4\">\n<div class=\"my-3\"><\/div>\n<\/div>\n<\/div>\n<\/div>\n<\/div>\n<\/div>\n<div class=\"wrapper-editable-content\">\n<div>\n<div class=\"wrapper-editable-content\">\n<div class=\"container-md\">\n<div class=\"row\">\n<div class=\"col-md-12 speak\">\n<div class=\"paragraph\">El argentino Marcelo Bielsa, entrenador del seleccionado uruguayo, confirm\u00f3 hoy la lista de 25 convocados con las previstas ausencias de los experimentados Luis Su\u00e1rez y Edinson Cavani.<\/p>\n<p>Con el mediocampista Nicol\u00e1s De La Cruz, de River Plate, como el \u00fanico representante de la Liga Profesional de Argentina, l<strong>a sorpresa es la vuelta del exvolante de Boca Juniors, Nahitan N\u00e1ndez.<\/strong><\/p>\n<p>El actual jugador de Cagliari, de Italia,\u00a0<strong>vuelve as\u00ed a la \u00abceleste\u00bb luego de haber sido denunciado por violencia de g\u00e9nero a fines de 2021.<\/strong><\/p>\n<p>N\u00e1ndez resolvi\u00f3 su situaci\u00f3n judicial mediante un acuerdo econ\u00f3mico y podr\u00e1 volver a Uruguay y por lo tanto ser tenido en cuenta para el seleccionado \u00abcharr\u00faa\u00bb.<\/p>\n<p>Tal como se preve\u00eda por sus declaraciones en la conferencia de prensa del s\u00e1bado,\u00a0<strong>el \u00abLoco\u00bb Bielsa no convoc\u00f3 a los goleadores hist\u00f3ricos: Luis Su\u00e1rez y Edinson Cavani, actualmente en Gremio de Brasil y Boca Juniors, respectivamente.<\/strong><\/p>\n<p>Para el ataque, Bielsa se decidi\u00f3 por Darwin N\u00fa\u00f1ez, figura de Liverpool de Inglaterra, m\u00e1s Maximiliano G\u00f3mez, Brian Rodr\u00edguez, Facundo Torres, Facundo Pellistri y Cristian Olivera.<\/p>\n<p>La lista completa del DT Bielsa para enfrentar a Chile, el viernes pr\u00f3ximo en Montevideo, y contra Ecuador, el martes 12 en Quito, es la siguiente:<\/p>\n<p>&#8211;Arqueros: Sergio Rochet (Inter de Porto Alegre), Franco Israel (Sporting de Portugal), Santiago Mele (Junior, Colombia).<\/p>\n<p>&#8211;Defensores: Jos\u00e9 Luis Rodr\u00edguez (Vasco da Gama), Santiago Bueno (Wolverhampton), Nahitan N\u00e1ndez (Cagliari), Bruno M\u00e9ndez (Corinthians), Sebasti\u00e1n C\u00e1ceres (Am\u00e9rica, M\u00e9xico), Mat\u00edas Vi\u00f1a (Sassuolo) y Lucas Olaza (Krasnodar, Rusia).<\/p>\n<p>&#8211;Mediocampistas: Math\u00edas Olivera (Napoli), Joaqu\u00edn Piquerez (Palmeiras), Emiliano Mart\u00ednez (Midtjylland, Dinamarca), Felipe Carballo (Gremio), Federico Valverde (Real Madrid), Manuel Ugarte (PSG), Maximiliano Araujo (Toluca) y Nicol\u00e1s De la Cruz (River Plate).<\/p>\n<p>&#8211;Delanteros: Cristian Olivera (Los \u00c1ngeles FC), Facundo Torres (Orlando City), Brian Rodr\u00edguez (Am\u00e9rica, M\u00e9xico), Agust\u00edn Canobbio (Athletico Paranaense), Facundo Pellistri (Manchester United), Maximiliano G\u00f3mez (C\u00e1diz) y Darwin N\u00fa\u00f1ez (Liverpool).<\/p><\/div>\n<\/div>\n<\/div>\n<\/div>\n<\/div>\n<\/div>\n<\/div>\n<div><\/div>\n<div><\/div>\n<div><\/div>\n<div><\/div>\n<div><\/div>\n<div><\/div>\n<div>T\u00e9lam.<\/div>\n","protected":false},"excerpt":{"rendered":"<p>Tampoco son parte de la convocatoria los hist\u00f3ricos Fernando Muslera y Lucas Torreira (Galatasaray), Sebasti\u00e1n Coates (Sporting de Lisboa) , ni el lesionado Jos\u00e9 Mar\u00eda Gim\u00e9nez (Atl\u00e9tico Madrid).\u00a0<\/p>\n","protected":false},"author":3,"featured_media":11625,"comment_status":"open","ping_status":"open","sticky":false,"template":"","format":"standard","meta":{"_jetpack_memberships_contains_paid_content":false,"footnotes":""},"categories":[8,15,18],"tags":[],"class_list":["post-11624","post","type-post","status-publish","format-standard","has-post-thumbnail","hentry","category-actualidad","category-deporte","category-internacional"],"jetpack_featured_media_url":"https:\/\/comunicartesanluis.com\/v1\/wp-content\/uploads\/2023\/09\/6464fbfe1816d_1200.jpg","jetpack_sharing_enabled":true,"_links":{"self":[{"href":"https:\/\/comunicartesanluis.com\/index.php\/wp-json\/wp\/v2\/posts\/11624","targetHints":{"allow":["GET"]}}],"collection":[{"href":"https:\/\/comunicartesanluis.com\/index.php\/wp-json\/wp\/v2\/posts"}],"about":[{"href":"https:\/\/comunicartesanluis.com\/index.php\/wp-json\/wp\/v2\/types\/post"}],"author":[{"embeddable":true,"href":"https:\/\/comunicartesanluis.com\/index.php\/wp-json\/wp\/v2\/users\/3"}],"replies":[{"embeddable":true,"href":"https:\/\/comunicartesanluis.com\/index.php\/wp-json\/wp\/v2\/comments?post=11624"}],"version-history":[{"count":1,"href":"https:\/\/comunicartesanluis.com\/index.php\/wp-json\/wp\/v2\/posts\/11624\/revisions"}],"predecessor-version":[{"id":11626,"href":"https:\/\/comunicartesanluis.com\/index.php\/wp-json\/wp\/v2\/posts\/11624\/revisions\/11626"}],"wp:featuredmedia":[{"embeddable":true,"href":"https:\/\/comunicartesanluis.com\/index.php\/wp-json\/wp\/v2\/media\/11625"}],"wp:attachment":[{"href":"https:\/\/comunicartesanluis.com\/index.php\/wp-json\/wp\/v2\/media?parent=11624"}],"wp:term":[{"taxonomy":"category","embeddable":true,"href":"https:\/\/comunicartesanluis.com\/index.php\/wp-json\/wp\/v2\/categories?post=11624"},{"taxonomy":"post_tag","embeddable":true,"href":"https:\/\/comunicartesanluis.com\/index.php\/wp-json\/wp\/v2\/tags?post=11624"}],"curies":[{"name":"wp","href":"https:\/\/api.w.org\/{rel}","templated":true}]}}