{"id":11628,"date":"2023-09-06T10:23:03","date_gmt":"2023-09-06T13:23:03","guid":{"rendered":"https:\/\/comunicartesanluis.com\/?p=11628"},"modified":"2023-09-06T10:23:03","modified_gmt":"2023-09-06T13:23:03","slug":"la-seleccion-con-messi-a-la-cabeza-empezo-a-desandar-el-camino-hacia-2026","status":"publish","type":"post","link":"https:\/\/comunicartesanluis.com\/index.php\/2023\/09\/06\/la-seleccion-con-messi-a-la-cabeza-empezo-a-desandar-el-camino-hacia-2026\/","title":{"rendered":"La Selecci\u00f3n, con Messi a la cabeza, empez\u00f3 a desandar el camino hacia 2026"},"content":{"rendered":"<div class=\"wrapper-header\">\n<div class=\"container-xl\">\n<div class=\"row\">\n<div class=\"col-12\">\n<div class=\"head-content mb-4\">\n<div class=\"my-3\"><\/div>\n<\/div>\n<\/div>\n<\/div>\n<\/div>\n<\/div>\n<div class=\"wrapper-editable-content\">\n<div>\n<div class=\"wrapper-editable-content\">\n<div>\n<div class=\"container-md\">\n<div class=\"row\">\n<div class=\"col-md-12 speak\">\n<div class=\"paragraph\">El seleccionado argentino se reencontr\u00f3 este martes en Ezeiza con su capit\u00e1n, Lionel Messi, y as\u00ed todos los campeones del mundo empezaron a desandar el camino que conduce a Estados Unidos-M\u00e9xico-Canad\u00e1 2026 con la ilusi\u00f3n a flor de piel respecto de la presencia del rosarino en su sexta cita ecum\u00e9nica.<\/p>\n<p>Y fue el propio presidente de AFA, Claudio Tapia, quien alent\u00f3 esa esperanza al afirmar que a \u00abL\u00edo\u00bb lo ve<strong>\u00a0\u00abjugando el Mundial de 2026\u00bb<\/strong>, algo que se hizo extensivo a sus compa\u00f1eros, ya que por ejemplo Germ\u00e1n Pezzella dese\u00f3 exagerada pero gr\u00e1ficamente que Messi\u00a0<strong>\u00absiga por 20 a\u00f1os m\u00e1s\u00bb<\/strong>.<\/p>\n<p><a href=\"https:\/\/www.telam.com.ar\/notas\/202309\/639176-futbol-eliminatorias-sudamericanas-lionel-messi-argentina-predio-afa.html\" target=\"_blank\" rel=\"noopener\">Messi lleg\u00f3 temprano por la ma\u00f1ana al aeropuerto de Ezeiza<\/a>, cuando despuntaba el d\u00eda, y justamente fue Tapia el que fue a recibirlo al pie del avi\u00f3n, ratificando \u00abesa gran relaci\u00f3n y entendimiento\u00bb que el titular afista tiene con el capit\u00e1n albiceleste.<\/p>\n<figure class=\"mb-3\"><img decoding=\"async\" class=\" lazy \" src=\"https:\/\/www.telam.com.ar\/thumbs\/bluesteel\/advf\/imagenes\/2023\/09\/64f7a9bf1345b_1200.jpg\" alt=\"Foto Alfredo Luna\" width=\"100%\" height=\"100%\" \/><\/p>\n<div class=\"media-icons\"><\/div><figcaption>Foto: Alfredo Luna.<\/figcaption><\/figure>\n<p>\u00abLo control\u00e9 por reloj, y cuando se hizo el sorteo para el Mundial de Qatar, apenas ocho minutos despu\u00e9s de conocidos los grupos el ya me llam\u00f3 para decirme cuales pod\u00edan ser los posibles cruces de octavos. \u00c9l ama a la selecci\u00f3n, es feliz cuando viene al predio y est\u00e1 con sus compa\u00f1eros, y siempre est\u00e1 metido con este proceso\u00bb, resalt\u00f3 Tapia.<\/p>\n<p>De hecho, este martes Messi tom\u00f3 parte de la primera parte de la pr\u00e1ctica vespertina trabajando a un ritmo inferior a sus compa\u00f1eros por lo reciente del viaje y teniendo en cuenta que el partido con Inter Miami ante Los \u00c1ngeles FC<\/p>\n<p>Pero ya en el tramo final del entrenamiento, el segundo rumbo al partido del jueves a las 21 frente a Ecuador en el Mas Monumental, el primero por los puntos en etas Eliminatorias Sudamericanas tras la final ante Francia en el Mundial de Qatar, ya que Lionel Scaloni decidi\u00f3 que descansara.<\/p>\n<p>Y en tren de mencionar al t\u00e9cnico de la selecci\u00f3n, Tapia tuvo otra opini\u00f3n respaldatoria del actual t\u00e9cnico de Inter Miami, al se\u00f1alar que si \u00abGerardo Martino hubiese seguido en la selecci\u00f3n para Rusia 2018, la selecci\u00f3n argentina hubiese salido campeona del mundo antes\u00bb.<\/p>\n<figure class=\"mb-3\"><img decoding=\"async\" class=\" lazy \" src=\"https:\/\/www.telam.com.ar\/thumbs\/bluesteel\/advf\/imagenes\/2023\/09\/64f7a9beebf73_1200.jpg\" alt=\"Foto Alfredo Luna\" width=\"100%\" height=\"100%\" \/><\/p>\n<div class=\"media-icons\"><\/div><figcaption>Foto: Alfredo Luna.<\/figcaption><\/figure>\n<p>En tanto que Scaloni, que el viernes a las 12 ofrecer\u00e1 la habitual conferencia de prensa prepartido en el predio de AFA, tendr\u00e1 que resolver algunas situaciones importantes para estos dos encuentros, el del jueves con los ecuatorianos y el del martes pr\u00f3ximo ante Bolivia en los 3.650 metros de altura de La Paz.<\/p>\n<p>Para el cotejo del jueves a las 21 en cancha de River la tarea es menor porque el equipo titular lo tiene pr\u00e1cticamente resuelto, y\u00a0<strong>ser\u00eda el mismo que disput\u00f3 la final en Qatar, con Emiliano Mart\u00ednez; Nahuel Molina, Cristian Romero, Nicol\u00e1s Otamendi, Nicol\u00e1s Tagliafico; Rodrigo De Paul, Enzo Fern\u00e1ndez, Alexis Mac Allister; Lionel Messi, Juli\u00e1n \u00c1lvarez y \u00c1ngel Di Mar\u00eda.<\/strong><\/p>\n<p>En cambio para Bolivia la situaci\u00f3n cambia, ya que tendr\u00e1 que consensuar nada menos que con Messi si el capit\u00e1n argentino viajar\u00e1 a La Paz, porque la mira est\u00e1 puesta a mediano plazo en los trascendentales cotejos de la quinta y sexta fechas de Eliminatorias que se llevar\u00e1n a cabo en noviembre, primero frente a Uruguay en River y despu\u00e9s ante Brasil en Cuiab\u00e1.<\/p>\n<p>Es que si para entonces Inter Miami no se logr\u00f3 clasificar a los play offs de la MLS cuya fase de grupos finaliza a fines del mes que viene, entonces Messi llegar\u00e1 a esos dos encuentros sin actividad, algo que a los 36 a\u00f1os ni hasta el mejor del mundo se puede permitir.<\/p>\n<figure class=\"mb-3\"><img decoding=\"async\" class=\" lazy \" src=\"https:\/\/www.telam.com.ar\/thumbs\/bluesteel\/advf\/imagenes\/2023\/09\/64f7a9bf2f533_1200.jpg\" alt=\"Foto Alfredo Luna\" width=\"100%\" height=\"100%\" \/><\/p>\n<div class=\"media-icons\"><\/div><figcaption>Foto: Alfredo Luna.<\/figcaption><\/figure>\n<p>Por eso, si evita adem\u00e1s el esfuerzo f\u00edsico adicional que significar\u00e1 enfrentar a los dirigidos por el argentino Gustavo Costas en esos 3.650 metros de altura de La Paz y con ello encima, vuelve antes para sumarse a Inter Miami, ya que la liga estadounidense sigue su curso durante la fecha FIFA, esa conjunci\u00f3n podr\u00eda ser muy beneficiosa para todas las partes, pensando m\u00e1s, claro, en lo mediato que en lo inmediato.<\/p>\n<p>En lo inmediato, mientras tanto, Messi y compa\u00f1\u00eda empezaron a grupo completo su preparaci\u00f3n para el juego con Ecuador, en el que \u00abL\u00edo\u00bb podr\u00eda romper otro r\u00e9cord, ya que podr\u00eda convertirse en el m\u00e1ximo goleador hist\u00f3rico de las Eliminatorias Sudamericanas superando a su gran amigo, el uruguayo Luis Su\u00e1rez.<\/p>\n<p>Su\u00e1rez, quien envi\u00f3 mensajes cr\u00edticos a Marcelo Bielsa por no haberlo convocado para esta primera ventana de Eliminatorias, tiene 29 goles, mientras que Messi lleva 28 y tiempo para superar esa marca desde el jueves en adelante.<\/p>\n<p>La pr\u00e1ctica de este martes, en la que Lisandro Mart\u00ednez entren\u00f3 a la par de sus compa\u00f1eros despu\u00e9s del golpe en el empeine derecho que lo oblig\u00f3 a salir promediando el segundo tiempo del encuentro que su equipo, Manchester United,\u00a0<strong>cont\u00f3 con los 29 citados por Scaloni y en alg\u00fan pasaje se sum\u00f3 el jugador de Lan\u00fas Pedro De la Vega.<\/strong><\/p>\n<p>El olavarriense forma parte del grupo de sub-23 que a las \u00f3rdenes de Javier Mascherano se est\u00e1n entrenando simult\u00e1neamente en Ezeiza con miras al Preol\u00edmpico de Venezuela que se llevar\u00e1 a cabo en enero pr\u00f3ximo y entregar\u00e1 solamente dos plazas para los Juegos de Par\u00eds 2024.<\/p>\n<figure class=\"mb-3\"><img decoding=\"async\" class=\" lazy \" src=\"https:\/\/www.telam.com.ar\/thumbs\/bluesteel\/advf\/imagenes\/2023\/09\/64f7a9becf787_1200.jpg\" alt=\"Foto Alfredo Luna\" width=\"100%\" height=\"100%\" \/><\/p>\n<div class=\"media-icons\"><\/div><figcaption>Foto: Alfredo Luna.<\/figcaption><\/figure>\n<p>Esos 29 futbolistas que este martes practicaron en la fr\u00eda tarde de los bosques de Ezeiza fueron los arqueros Emiliano Mart\u00ednez, Franco Armani, Walter Ben\u00edtez y Juan Musso.<\/p>\n<p>Los defensores Nahuel Molina, Germ\u00e1n Pezzella, Gonzalo Montiel, Juan Foyth, Marcos Senesi, Lisandro Mart\u00ednez, Cristian Romero, Nicol\u00e1s Tagliafico y Nicol\u00e1s Otamendi.<\/p>\n<p>Los mediocampistas Leandro Paredes, Rodrigo De Paul, Guido Rodr\u00edguez, Facundo Buonanotte, Enzo Fern\u00e1ndez, Alexis Mac Allister, Exequiel Palacios y Thiago Almada.<\/p>\n<p>Y los delanteros Lucas Beltr\u00e1n, Nicol\u00e1s Gonz\u00e1lez, \u00c1ngel Correa, Juli\u00e1n \u00c1lvarez, Alejandro Garnacho, Lionel Messi, \u00c1ngel Di Mar\u00eda y Lautaro Mart\u00ednez, la \u00fanica duda para ser titular en lugar de Juli\u00e1n \u00c1lvarez frente a Ecuador. Por lo dem\u00e1s, para los campeones del mundo, en el predio Lionel Andr\u00e9s Messi todo est\u00e1 en orden.<\/p><\/div>\n<\/div>\n<\/div>\n<\/div>\n<\/div>\n<\/div>\n<\/div>\n<\/div>\n<div><\/div>\n<div><\/div>\n<div><\/div>\n<div><\/div>\n<div><\/div>\n<div><\/div>\n<div><\/div>\n<div><\/div>\n<div><\/div>\n<div>T\u00e9lam.<\/div>\n","protected":false},"excerpt":{"rendered":"<p>En el primer entrenamiento en el predio de Ezeiza de cara al cotejo del jueves a las 21 ante Ecuador en el Monumental, Lionel Scaloni reafirm\u00f3 sus certezas y el equipo ser\u00eda el mismo que se consagr\u00f3 campe\u00f3n del mundo en la final con Francia.<\/p>\n","protected":false},"author":3,"featured_media":11629,"comment_status":"open","ping_status":"open","sticky":false,"template":"","format":"standard","meta":{"_jetpack_memberships_contains_paid_content":false,"footnotes":""},"categories":[15,17],"tags":[],"class_list":["post-11628","post","type-post","status-publish","format-standard","has-post-thumbnail","hentry","category-deporte","category-nacional"],"jetpack_featured_media_url":"https:\/\/comunicartesanluis.com\/v1\/wp-content\/uploads\/2023\/09\/64f7a9beebf73_1200.jpg","jetpack_sharing_enabled":true,"_links":{"self":[{"href":"https:\/\/comunicartesanluis.com\/index.php\/wp-json\/wp\/v2\/posts\/11628","targetHints":{"allow":["GET"]}}],"collection":[{"href":"https:\/\/comunicartesanluis.com\/index.php\/wp-json\/wp\/v2\/posts"}],"about":[{"href":"https:\/\/comunicartesanluis.com\/index.php\/wp-json\/wp\/v2\/types\/post"}],"author":[{"embeddable":true,"href":"https:\/\/comunicartesanluis.com\/index.php\/wp-json\/wp\/v2\/users\/3"}],"replies":[{"embeddable":true,"href":"https:\/\/comunicartesanluis.com\/index.php\/wp-json\/wp\/v2\/comments?post=11628"}],"version-history":[{"count":1,"href":"https:\/\/comunicartesanluis.com\/index.php\/wp-json\/wp\/v2\/posts\/11628\/revisions"}],"predecessor-version":[{"id":11630,"href":"https:\/\/comunicartesanluis.com\/index.php\/wp-json\/wp\/v2\/posts\/11628\/revisions\/11630"}],"wp:featuredmedia":[{"embeddable":true,"href":"https:\/\/comunicartesanluis.com\/index.php\/wp-json\/wp\/v2\/media\/11629"}],"wp:attachment":[{"href":"https:\/\/comunicartesanluis.com\/index.php\/wp-json\/wp\/v2\/media?parent=11628"}],"wp:term":[{"taxonomy":"category","embeddable":true,"href":"https:\/\/comunicartesanluis.com\/index.php\/wp-json\/wp\/v2\/categories?post=11628"},{"taxonomy":"post_tag","embeddable":true,"href":"https:\/\/comunicartesanluis.com\/index.php\/wp-json\/wp\/v2\/tags?post=11628"}],"curies":[{"name":"wp","href":"https:\/\/api.w.org\/{rel}","templated":true}]}}