{"id":11631,"date":"2023-09-06T10:28:29","date_gmt":"2023-09-06T13:28:29","guid":{"rendered":"https:\/\/comunicartesanluis.com\/?p=11631"},"modified":"2023-09-06T10:28:29","modified_gmt":"2023-09-06T13:28:29","slug":"nazismo-en-el-us-open-y-una-expulsion-que-fue-viral","status":"publish","type":"post","link":"https:\/\/comunicartesanluis.com\/index.php\/2023\/09\/06\/nazismo-en-el-us-open-y-una-expulsion-que-fue-viral\/","title":{"rendered":"Nazismo en el US Open y una expulsi\u00f3n que fue viral"},"content":{"rendered":"<div class=\"wrapper-header\">\n<div class=\"container-xl\">\n<div class=\"row\">\n<div class=\"col-12\">\n<div class=\"head-content mb-4\">\n<div class=\"my-3\"><\/div>\n<\/div>\n<\/div>\n<\/div>\n<\/div>\n<\/div>\n<div class=\"wrapper-editable-content\">\n<div class=\"wrapper-info-note\">\n<div class=\"col-md-12\">\n<div class=\"wrapper-author-social\">\n<div class=\"author-box mb-4\">\n<div class=\"info\">\n<div class=\"time\">Durante el transcurso del cuarto set entre el alem\u00e1n Alexander Zverev (12\u00b0 en el ranking mundial) y el italiano Jannik Sinner (6\u00b0) disputado por los octavos de final en los Estados Unidos, un aficionado de nacionalidad alemana -en supuesto apoyo a su compatriota- provoc\u00f3, lejos del aliento, la indignaci\u00f3n del tenista.<\/div>\n<\/div>\n<\/div>\n<\/div>\n<\/div>\n<\/div>\n<div>\n<div class=\"wrapper-editable-content\">\n<div>\n<div class=\"container-md\">\n<div class=\"row\">\n<div class=\"col-md-12 speak\">\n<div class=\"paragraph\">\nLa frase pronunciada \u201cDeutschland \u00fcber alles\u201d (\u201cAlemania sobre todos\u201d) cuya traducci\u00f3n literal podr\u00eda sonar inocua, no lo es: se trata de la primera l\u00ednea del himno instaurado por el nazismo, y, tal como se escuch\u00f3 protestar a Zverev mientras se dirig\u00eda al umpire \u201c\u201cNo, no, no. Acaba de decir la frase de Hitler m\u00e1s famosa que hay en el mundo. Es inaceptable. Es incre\u00edble\u201d.<\/p>\n<figure class=\"mb-3\"><img decoding=\"async\" class=\" lazy \" src=\"https:\/\/www.telam.com.ar\/thumbs\/bluesteel\/advf\/imagenes\/2022\/08\/6303af25ca17c_1200.jpg\" alt=\"Si yo no hubiera reaccionado habra sido un fallo de mi parte concluy el tenista Foto Osvaldo Fantn \" width=\"100%\" height=\"100%\" \/><\/p>\n<div class=\"media-icons\"><\/div><figcaption>\u201cSi yo no hubiera reaccionado, habr\u00eda sido un fallo de mi parte\u201d concluy\u00f3 el tenista. Foto: Osvaldo Fant\u00f3n.<\/figcaption><\/figure>\n<p>Finalmente, una vez identificado el autor de la ofensa -que lo es no contra un individuo sino contra la humanidad toda- fue expulsado de la platea y del estadio.<\/p>\n<p>Tras el episodio, Zverev complet\u00f3, despejando toda duda:\u00a0<strong>\u201cSi yo no hubiera reaccionado, habr\u00eda sido un fallo de mi parte\u201d<\/strong>. La conclusi\u00f3n del tenista sintetiza el grado de responsabilidad que a todos compromete, en cualquier contexto y ante toda violencia de discurso negacionista.<\/p>\n<p>El video de la expulsi\u00f3n se viraliz\u00f3 r\u00e1pidamente y el episodio se convirti\u00f3 en tendencia en las redes sociales.<\/p><\/div>\n<\/div>\n<\/div>\n<\/div>\n<\/div>\n<\/div>\n<\/div>\n<\/div>\n<div><\/div>\n<div><\/div>\n<div><\/div>\n<div><\/div>\n<div><\/div>\n<div><\/div>\n<div><\/div>\n<div><\/div>\n<div><\/div>\n<div>T\u00e9lam.<\/div>\n","protected":false},"excerpt":{"rendered":"<p>Este martes, en el abierto de tenis de los Estados Unidos, el alem\u00e1n Zverev protest\u00f3 contra un fan que durante su partido contra\u00a0 el italiano Sinner, profiri\u00f3 una consigna que remite inequ\u00edvocamente al nazismo. El espectador fue expulsado del estadio.<\/p>\n","protected":false},"author":3,"featured_media":11632,"comment_status":"open","ping_status":"open","sticky":false,"template":"","format":"standard","meta":{"_jetpack_memberships_contains_paid_content":false,"footnotes":""},"categories":[8,15,18],"tags":[],"class_list":["post-11631","post","type-post","status-publish","format-standard","has-post-thumbnail","hentry","category-actualidad","category-deporte","category-internacional"],"jetpack_featured_media_url":"https:\/\/comunicartesanluis.com\/v1\/wp-content\/uploads\/2023\/09\/6303af25ca17c_1200.jpg","jetpack_sharing_enabled":true,"_links":{"self":[{"href":"https:\/\/comunicartesanluis.com\/index.php\/wp-json\/wp\/v2\/posts\/11631","targetHints":{"allow":["GET"]}}],"collection":[{"href":"https:\/\/comunicartesanluis.com\/index.php\/wp-json\/wp\/v2\/posts"}],"about":[{"href":"https:\/\/comunicartesanluis.com\/index.php\/wp-json\/wp\/v2\/types\/post"}],"author":[{"embeddable":true,"href":"https:\/\/comunicartesanluis.com\/index.php\/wp-json\/wp\/v2\/users\/3"}],"replies":[{"embeddable":true,"href":"https:\/\/comunicartesanluis.com\/index.php\/wp-json\/wp\/v2\/comments?post=11631"}],"version-history":[{"count":1,"href":"https:\/\/comunicartesanluis.com\/index.php\/wp-json\/wp\/v2\/posts\/11631\/revisions"}],"predecessor-version":[{"id":11633,"href":"https:\/\/comunicartesanluis.com\/index.php\/wp-json\/wp\/v2\/posts\/11631\/revisions\/11633"}],"wp:featuredmedia":[{"embeddable":true,"href":"https:\/\/comunicartesanluis.com\/index.php\/wp-json\/wp\/v2\/media\/11632"}],"wp:attachment":[{"href":"https:\/\/comunicartesanluis.com\/index.php\/wp-json\/wp\/v2\/media?parent=11631"}],"wp:term":[{"taxonomy":"category","embeddable":true,"href":"https:\/\/comunicartesanluis.com\/index.php\/wp-json\/wp\/v2\/categories?post=11631"},{"taxonomy":"post_tag","embeddable":true,"href":"https:\/\/comunicartesanluis.com\/index.php\/wp-json\/wp\/v2\/tags?post=11631"}],"curies":[{"name":"wp","href":"https:\/\/api.w.org\/{rel}","templated":true}]}}