{"id":11634,"date":"2023-09-06T10:32:40","date_gmt":"2023-09-06T13:32:40","guid":{"rendered":"https:\/\/comunicartesanluis.com\/?p=11634"},"modified":"2023-09-06T10:32:40","modified_gmt":"2023-09-06T13:32:40","slug":"sin-chance-de-pelear-por-el-titulo-mundial-maravilla-martinez-quedo-al-borde-del-retiro","status":"publish","type":"post","link":"https:\/\/comunicartesanluis.com\/index.php\/2023\/09\/06\/sin-chance-de-pelear-por-el-titulo-mundial-maravilla-martinez-quedo-al-borde-del-retiro\/","title":{"rendered":"Sin chance de pelear por el t\u00edtulo mundial, \u00abMaravilla\u00bb Mart\u00ednez qued\u00f3 al borde del retiro"},"content":{"rendered":"<div class=\"wrapper-header\">\n<div class=\"container-xl\">\n<div class=\"row\">\n<div class=\"col-12\">\n<div class=\"head-content mb-4\"><\/div>\n<\/div>\n<\/div>\n<\/div>\n<\/div>\n<div class=\"wrapper-editable-content\">\n<div>\n<div class=\"wrapper-editable-content\">\n<div class=\"container-md\">\n<div class=\"row\">\n<div class=\"col-md-12 speak\">\n<div class=\"paragraph\">El quilme\u00f1o\u00a0<strong>Sergio \u201cMaravilla\u201d Mart\u00ednez desliz\u00f3 que est\u00e1 pr\u00e1cticamente al borde de colgar los guantes<\/strong>, luego de frustrarse la anunciada pelea del 25 de noviembre pr\u00f3ximo con el italiano Etinosa Oliha por el t\u00edtulo mundial mediano de la IBO (Organizaci\u00f3n Internacional de Boxeo).<\/p>\n<p>En di\u00e1logo con T\u00e9lam, desde Madrid, Mart\u00ednez dio a entender que influy\u00f3 en la decisi\u00f3n su propio manager, Elvis Grant, con quien estaba disgustado desde los d\u00edas previos a su presentaci\u00f3n en el Luna Park.<\/p>\n<blockquote class=\"\"><p>\u201cGrant es un tipo bravo. Cinco d\u00edas antes de pelear en el Luna me hab\u00eda ordenado de malos modos que no peleara, a lo cual me negu\u00e9 porque quer\u00eda honrar mi compromiso\u00bb<\/p><\/blockquote>\n<p>\u201c<strong>Grant es un tipo bravo<\/strong>. Cinco d\u00edas antes de pelear en el Luna me hab\u00eda ordenado de malos modos que no peleara, a lo cual me negu\u00e9 porque quer\u00eda honrar mi compromiso con los organizadores de la velada, la gente de ESPN\u201d, explic\u00f3 Mart\u00ednez.<\/p>\n<p>\u201cDesde entonces no hablamos y como \u00e9l tiene amigos en la IBO, chau pelea por el t\u00edtulo, ese sue\u00f1o se esfum\u00f3\u201d, a\u00f1adi\u00f3 el ex campe\u00f3n mundial superwelter y mediano.<\/p>\n<p>Consultado por los estados de \u00e1nimo que promovi\u00f3 semejante noticia, \u201cMaravilla\u201d detall\u00f3 a T\u00e9lam:\u00a0<strong>\u00abMe cay\u00f3 mal y estuve amargado<\/strong>\u00a0y triste el viernes pasado. Y tambi\u00e9n parte del s\u00e1bado. Hasta me dije que jam\u00e1s volver\u00eda a meterme otra vez en un gimnasio, pero el domingo ya me sent\u00ed mejor y se me pas\u00f3\u201d.<\/p>\n<blockquote class=\"\"><p>\u00abVolv\u00ed al gimnasio y seguir\u00e9 yendo. Necesito sentirme bien y verme bien. No me permito estar con 25 kilos de sobrepeso\u00bb<\/p><\/blockquote>\n<p>De 48 a\u00f1os y una relevante foja de 57-3-2,\u00a0<strong>Mart\u00ednez interpret\u00f3 como t\u00e1cito que acaso ya sea un boxeador retirado<\/strong>: \u201cLa edad influye, claro, eso complico todo, pero tambi\u00e9n influye para tomarme esto como lo que es: un mal trago. Llevo 28 a\u00f1os en el boxeo y aunque no me las s\u00e9 todas, nadie se las sabe todas, s\u00e9 que en el boxeo internacional muchas cosas se manejan por amiguismos, simpat\u00edas y antipat\u00edas\u201d.<\/p>\n<p>Reci\u00e9n llegado de su fajina de entrenamiento, el quilme\u00f1o subray\u00f3:\u00a0<strong>\u00abVolv\u00ed al gimnasio<\/strong>\u00a0y seguir\u00e9 yendo. Necesito sentirme bien y verme bien. No me permito estar con 25 kilos de sobrepeso, salvo que, por ejemplo, sea la exigencia para trabajar en una pel\u00edcula\u201d.<\/p>\n<p>Por \u00faltimo, \u201cMaravilla\u201d admiti\u00f3: \u00ab<strong>Por ahora estoy afuera del boxeo<\/strong>, aunque nadie sabe. Todo lo que venga en ese sentido ser\u00e1 un regalo del cielo. Entretanto, mi cabeza est\u00e1 en el casting que hice para una serie. Estoy esperando novedades\u201d.<\/div>\n<\/div>\n<\/div>\n<\/div>\n<\/div>\n<\/div>\n<\/div>\n<div><\/div>\n<div><\/div>\n<div><\/div>\n<div><\/div>\n<div><\/div>\n<div><\/div>\n<div><\/div>\n<div>T\u00e9lam.<\/div>\n","protected":false},"excerpt":{"rendered":"<p>El quilmenio\u00a0dio a entender que cancelaron\u00a0la pelea con el italiano Etinosa Oliha, por decisi\u00f3n de su propio manager, Elvis Grant, con quien estaba disgustado desde los d\u00edas previos a su presentaci\u00f3n.<\/p>\n","protected":false},"author":3,"featured_media":11635,"comment_status":"open","ping_status":"open","sticky":false,"template":"","format":"standard","meta":{"_jetpack_memberships_contains_paid_content":false,"footnotes":""},"categories":[15,17],"tags":[],"class_list":["post-11634","post","type-post","status-publish","format-standard","has-post-thumbnail","hentry","category-deporte","category-nacional"],"jetpack_featured_media_url":"https:\/\/comunicartesanluis.com\/v1\/wp-content\/uploads\/2023\/09\/61505414e1fbc_1200.jpg","jetpack_sharing_enabled":true,"_links":{"self":[{"href":"https:\/\/comunicartesanluis.com\/index.php\/wp-json\/wp\/v2\/posts\/11634","targetHints":{"allow":["GET"]}}],"collection":[{"href":"https:\/\/comunicartesanluis.com\/index.php\/wp-json\/wp\/v2\/posts"}],"about":[{"href":"https:\/\/comunicartesanluis.com\/index.php\/wp-json\/wp\/v2\/types\/post"}],"author":[{"embeddable":true,"href":"https:\/\/comunicartesanluis.com\/index.php\/wp-json\/wp\/v2\/users\/3"}],"replies":[{"embeddable":true,"href":"https:\/\/comunicartesanluis.com\/index.php\/wp-json\/wp\/v2\/comments?post=11634"}],"version-history":[{"count":1,"href":"https:\/\/comunicartesanluis.com\/index.php\/wp-json\/wp\/v2\/posts\/11634\/revisions"}],"predecessor-version":[{"id":11636,"href":"https:\/\/comunicartesanluis.com\/index.php\/wp-json\/wp\/v2\/posts\/11634\/revisions\/11636"}],"wp:featuredmedia":[{"embeddable":true,"href":"https:\/\/comunicartesanluis.com\/index.php\/wp-json\/wp\/v2\/media\/11635"}],"wp:attachment":[{"href":"https:\/\/comunicartesanluis.com\/index.php\/wp-json\/wp\/v2\/media?parent=11634"}],"wp:term":[{"taxonomy":"category","embeddable":true,"href":"https:\/\/comunicartesanluis.com\/index.php\/wp-json\/wp\/v2\/categories?post=11634"},{"taxonomy":"post_tag","embeddable":true,"href":"https:\/\/comunicartesanluis.com\/index.php\/wp-json\/wp\/v2\/tags?post=11634"}],"curies":[{"name":"wp","href":"https:\/\/api.w.org\/{rel}","templated":true}]}}