{"id":11656,"date":"2023-09-07T11:19:51","date_gmt":"2023-09-07T14:19:51","guid":{"rendered":"https:\/\/comunicartesanluis.com\/?p=11656"},"modified":"2023-09-07T11:19:51","modified_gmt":"2023-09-07T14:19:51","slug":"retegui-se-perfila-como-titular-para-el-partido-de-italia-ante-macedonia","status":"publish","type":"post","link":"https:\/\/comunicartesanluis.com\/index.php\/2023\/09\/07\/retegui-se-perfila-como-titular-para-el-partido-de-italia-ante-macedonia\/","title":{"rendered":"Retegui se perfila como titular para el partido de Italia ante Macedonia"},"content":{"rendered":"<div class=\"wrapper-header\">\n<div class=\"container-xl\">\n<div class=\"row\">\n<div class=\"col-12\">\n<div class=\"head-content mb-4\">\n<div class=\"my-3\"><\/div>\n<\/div>\n<\/div>\n<\/div>\n<\/div>\n<\/div>\n<div class=\"wrapper-editable-content\">\n<div>\n<div class=\"wrapper-editable-content\">\n<div class=\"container-md\">\n<div class=\"row\">\n<div class=\"col-md-12 speak\">\n<div class=\"paragraph\">\n<figure class=\"mb-3\"><strong>El delantero argentino <\/strong>Mateo Retegui, reci\u00e9n incorporado al Genoa,\u00a0<strong>se perfila como titular para el partido<\/strong>\u00a0que el seleccionado\u00a0<strong>de<\/strong>\u00a0<strong>Italia<\/strong>\u00a0jugar\u00e1 el s\u00e1bado como visitante de\u00a0<strong>Macedonia<\/strong>\u00a0del Norte en la clasificaci\u00f3n para la Eurocopa a celebrarse en Alemania en 2024.<\/figure>\n<p>El peri\u00f3dico italiano La Gazzetta dello Sport public\u00f3 que en su partido de debut, el DT Luciano Spalletti (reemplaz\u00f3 a Roberto Mancini) eval\u00faa jugar con un delantero de punta ante los macedonios y el elegido ser\u00eda Retegui, ex Boca y Tigre, de acuerdo a lo que ensay\u00f3 durante las pr\u00e1cticas.<\/p>\n<p>\u00abLa duda de Spalletti pasar\u00eda por incluir a Retegui, lo que implicar\u00eda relegar a un hist\u00f3rico como Ciro Immobile, figura de la Lazio\u00bb, destac\u00f3 el peri\u00f3dico en alusi\u00f3n al encuentro del s\u00e1bado en Skopie, Macedonia del Norte.<\/p>\n<p>Italia, que est\u00e1 concentrada en Coverciano, ensay\u00f3 con Retegui o Inm\u00f3bile, uno de los dos, junto a Nicolo Zaniolo, el delantero del Aston Villa ingl\u00e9s que tiene otras caracter\u00edsticas y puede acompa\u00f1ar a un delantero de \u00e1rea.<\/p>\n<p>Italia jugar\u00e1 el s\u00e1bado ante Macedonia del Norte por la quinta fecha de la fase clasificatoria de la Eurocopa en un partido v\u00e1lido por la Grupo C que tambi\u00e9n integran Ucrania e Inglaterra.<\/p><\/div>\n<\/div>\n<\/div>\n<\/div>\n<\/div>\n<\/div>\n<\/div>\n<div><\/div>\n<div><\/div>\n<div><\/div>\n<div><\/div>\n<div><\/div>\n<div><\/div>\n<div><\/div>\n<div><\/div>\n<div>T\u00e9lam.<\/div>\n","protected":false},"excerpt":{"rendered":"<p>La \u00abAzzurra\u00bb est\u00e1 concentrada en Coverciano, ensay\u00f3 con el delantero argentino o Ciro Inm\u00f3bile, uno de los dos, junto a Nicolo Zaniolo, el delantero del Aston Villa, para el encuentro del pr\u00f3ximo s\u00e1bado.<\/p>\n","protected":false},"author":3,"featured_media":11657,"comment_status":"open","ping_status":"open","sticky":false,"template":"","format":"standard","meta":{"_jetpack_memberships_contains_paid_content":false,"footnotes":""},"categories":[8,15,18],"tags":[],"class_list":["post-11656","post","type-post","status-publish","format-standard","has-post-thumbnail","hentry","category-actualidad","category-deporte","category-internacional"],"jetpack_featured_media_url":"https:\/\/comunicartesanluis.com\/v1\/wp-content\/uploads\/2023\/09\/64f9c2669bdc9_1200-1.jpg","jetpack_sharing_enabled":true,"_links":{"self":[{"href":"https:\/\/comunicartesanluis.com\/index.php\/wp-json\/wp\/v2\/posts\/11656","targetHints":{"allow":["GET"]}}],"collection":[{"href":"https:\/\/comunicartesanluis.com\/index.php\/wp-json\/wp\/v2\/posts"}],"about":[{"href":"https:\/\/comunicartesanluis.com\/index.php\/wp-json\/wp\/v2\/types\/post"}],"author":[{"embeddable":true,"href":"https:\/\/comunicartesanluis.com\/index.php\/wp-json\/wp\/v2\/users\/3"}],"replies":[{"embeddable":true,"href":"https:\/\/comunicartesanluis.com\/index.php\/wp-json\/wp\/v2\/comments?post=11656"}],"version-history":[{"count":1,"href":"https:\/\/comunicartesanluis.com\/index.php\/wp-json\/wp\/v2\/posts\/11656\/revisions"}],"predecessor-version":[{"id":11658,"href":"https:\/\/comunicartesanluis.com\/index.php\/wp-json\/wp\/v2\/posts\/11656\/revisions\/11658"}],"wp:featuredmedia":[{"embeddable":true,"href":"https:\/\/comunicartesanluis.com\/index.php\/wp-json\/wp\/v2\/media\/11657"}],"wp:attachment":[{"href":"https:\/\/comunicartesanluis.com\/index.php\/wp-json\/wp\/v2\/media?parent=11656"}],"wp:term":[{"taxonomy":"category","embeddable":true,"href":"https:\/\/comunicartesanluis.com\/index.php\/wp-json\/wp\/v2\/categories?post=11656"},{"taxonomy":"post_tag","embeddable":true,"href":"https:\/\/comunicartesanluis.com\/index.php\/wp-json\/wp\/v2\/tags?post=11656"}],"curies":[{"name":"wp","href":"https:\/\/api.w.org\/{rel}","templated":true}]}}