{"id":11662,"date":"2023-09-07T14:51:09","date_gmt":"2023-09-07T17:51:09","guid":{"rendered":"https:\/\/comunicartesanluis.com\/?p=11662"},"modified":"2023-09-07T14:51:09","modified_gmt":"2023-09-07T17:51:09","slug":"los-pumas-tienen-el-equipo-confirmado-para-el-debut-frente-a-inglaterra","status":"publish","type":"post","link":"https:\/\/comunicartesanluis.com\/index.php\/2023\/09\/07\/los-pumas-tienen-el-equipo-confirmado-para-el-debut-frente-a-inglaterra\/","title":{"rendered":"Los Pumas tienen el equipo confirmado para el debut frente a Inglaterra"},"content":{"rendered":"<div class=\"wrapper-header\">\n<div class=\"container-xl\">\n<div class=\"row\">\n<div class=\"col-12\">\n<div class=\"head-content mb-4\"><\/div>\n<\/div>\n<\/div>\n<\/div>\n<\/div>\n<div class=\"wrapper-editable-content\">\n<div>\n<div class=\"wrapper-editable-content\">\n<div class=\"container-md\">\n<div class=\"row\">\n<div class=\"col-md-12 speak\">\n<div class=\"paragraph\">\n<figure class=\"mb-3\"><strong>Michael Cheika<\/strong>, entrenador del seleccionado argentino de rugby,\u00a0<strong>dio a conocer<\/strong>\u00a0este jueves\u00a0<strong>la formaci\u00f3n titular de Los Pumas<\/strong>\u00a0<strong>que jugar\u00e1<\/strong>\u00a0el pr\u00f3ximo s\u00e1bado\u00a0<strong>frente a su par de Inglaterra,<\/strong>\u00a0en su debut en el Mundial de Francia 2023.<\/figure>\n<p><strong>La alineaci\u00f3n de Los Pumas ser\u00e1 la siguiente<\/strong>: Thomas Gallo, Juli\u00e1n Montoya (capit\u00e1n) y Francisco G\u00f3mez Kodela; Mat\u00edas Alemanno y Tom\u00e1s Lavanini; Pablo Matera, Marcos Kremer y Juan Mar\u00edn Gonz\u00e1lez; Gonzalo Bertranou y Santiago Carreras; Mateo Carreras; Santiago Chocobares, Lucio Cinti y Emiliano Boffelli; Juan Cruz Mall\u00eda.<\/p>\n<p>El banco de suplentes que dispuso el DT australiano de Los Pumas estar\u00e1 integrado por: Agust\u00edn Creevy, Joel Sclavi, Eduardo Bello, Guido Petti, Pedro Rubiolo, Rodrigo Brun, Lautaro, Lautaro Baz\u00e1n V\u00e9lez y Mat\u00edas Moroni.<\/p>\n<p>El encuentro se disputar\u00e1 el s\u00e1bado -desde la 16- en el Stade V\u00e9lodrome, de la ciudad de Marsella.<\/p>\n<p>Argentina comparte el Grupo D junto con el debutante Chile, Jap\u00f3n, Samoa e Inglaterra.<\/p><\/div>\n<\/div>\n<\/div>\n<\/div>\n<\/div>\n<\/div>\n<\/div>\n<div><\/div>\n<div><\/div>\n<div><\/div>\n<div><\/div>\n<div><\/div>\n<div><\/div>\n<div><\/div>\n<div>T\u00e9lam.<\/div>\n","protected":false},"excerpt":{"rendered":"<p>El entrenador del seleccionado argentino de rugby,\u00a0Michael Cheika,\u00a0ya defini\u00f3 al quince titular para el encuentro que se disputar\u00e1 este s\u00e1bado -desde la 16- en el Stade V\u00e9lodrome, de la ciudad de Marsella.<\/p>\n","protected":false},"author":3,"featured_media":11663,"comment_status":"open","ping_status":"open","sticky":false,"template":"","format":"standard","meta":{"_jetpack_memberships_contains_paid_content":false,"footnotes":""},"categories":[15,17],"tags":[],"class_list":["post-11662","post","type-post","status-publish","format-standard","has-post-thumbnail","hentry","category-deporte","category-nacional"],"jetpack_featured_media_url":"https:\/\/comunicartesanluis.com\/v1\/wp-content\/uploads\/2023\/09\/64f9dd09d56ae_1200.jpg","jetpack_sharing_enabled":true,"_links":{"self":[{"href":"https:\/\/comunicartesanluis.com\/index.php\/wp-json\/wp\/v2\/posts\/11662","targetHints":{"allow":["GET"]}}],"collection":[{"href":"https:\/\/comunicartesanluis.com\/index.php\/wp-json\/wp\/v2\/posts"}],"about":[{"href":"https:\/\/comunicartesanluis.com\/index.php\/wp-json\/wp\/v2\/types\/post"}],"author":[{"embeddable":true,"href":"https:\/\/comunicartesanluis.com\/index.php\/wp-json\/wp\/v2\/users\/3"}],"replies":[{"embeddable":true,"href":"https:\/\/comunicartesanluis.com\/index.php\/wp-json\/wp\/v2\/comments?post=11662"}],"version-history":[{"count":1,"href":"https:\/\/comunicartesanluis.com\/index.php\/wp-json\/wp\/v2\/posts\/11662\/revisions"}],"predecessor-version":[{"id":11664,"href":"https:\/\/comunicartesanluis.com\/index.php\/wp-json\/wp\/v2\/posts\/11662\/revisions\/11664"}],"wp:featuredmedia":[{"embeddable":true,"href":"https:\/\/comunicartesanluis.com\/index.php\/wp-json\/wp\/v2\/media\/11663"}],"wp:attachment":[{"href":"https:\/\/comunicartesanluis.com\/index.php\/wp-json\/wp\/v2\/media?parent=11662"}],"wp:term":[{"taxonomy":"category","embeddable":true,"href":"https:\/\/comunicartesanluis.com\/index.php\/wp-json\/wp\/v2\/categories?post=11662"},{"taxonomy":"post_tag","embeddable":true,"href":"https:\/\/comunicartesanluis.com\/index.php\/wp-json\/wp\/v2\/tags?post=11662"}],"curies":[{"name":"wp","href":"https:\/\/api.w.org\/{rel}","templated":true}]}}