{"id":11665,"date":"2023-09-07T14:53:59","date_gmt":"2023-09-07T17:53:59","guid":{"rendered":"https:\/\/comunicartesanluis.com\/?p=11665"},"modified":"2023-09-07T14:53:59","modified_gmt":"2023-09-07T17:53:59","slug":"uruguay-con-el-debut-de-bielsa-como-dt-recibe-al-chile-de-berizzo","status":"publish","type":"post","link":"https:\/\/comunicartesanluis.com\/index.php\/2023\/09\/07\/uruguay-con-el-debut-de-bielsa-como-dt-recibe-al-chile-de-berizzo\/","title":{"rendered":"Uruguay, con el debut de Bielsa como DT, recibe al Chile de Berizzo"},"content":{"rendered":"<div class=\"wrapper-header\">\n<div class=\"container-xl\">\n<div class=\"row\">\n<div class=\"col-12\">\n<div class=\"head-content mb-4\"><\/div>\n<\/div>\n<\/div>\n<\/div>\n<\/div>\n<div class=\"wrapper-editable-content\">\n<div class=\"wrapper-info-note\">\n<div class=\"col-md-12\">\n<div class=\"wrapper-author-social\">\n<div class=\"author-box mb-4\">\n<div class=\"info\"><\/div>\n<\/div>\n<\/div>\n<\/div>\n<\/div>\n<div>\n<div class=\"wrapper-editable-content\">\n<div class=\"container-md\">\n<div class=\"row\">\n<div class=\"col-md-12 speak\">\n<div class=\"paragraph\"><strong>El seleccionado de Uruguay<\/strong>,\u00a0<strong>con el debut<\/strong>\u00a0oficial del entrenador argentino Marcelo Bielsa,<strong>\u00a0recibir\u00e1<\/strong>\u00a0este viernes<strong>\u00a0a Chile, dirigido<\/strong>\u00a0<strong>por su compatriota Eduardo Berizzo<\/strong>, en un encuentro de la fecha inicial de las Eliminatorias Sudamericanas para el Mundial de 2026.<\/p>\n<p>El partido se jugar\u00e1 en el Estadio Centenario de Montevideo desde las 20, con el arbitraje del argentino Dar\u00edo Herrera, el VAR a cargo de Mauro Vigliano y televisaci\u00f3n de TyC Sports.<\/p>\n<p>La expectativa por el debut oficial de Bielsa en la \u00abCeleste\u00bb lleg\u00f3 a su fin, luego de los amistosos ante Nicaragua (4-1) y Cuba (2-0), ahora lleg\u00f3 la hora de la verdad, por los puntos ante Chile para llegar al Mundial de Estados Unidos, Canad\u00e1 y M\u00e9xico.<\/p>\n<p><strong>Bielsa reemplaz\u00f3 a Diego Alonso en el cargo luego del fracaso del seleccionado \u00abCeleste\u00bb en Qatar 2022,<\/strong>\u00a0en donde fue eliminado en fase de grupos y con \u00e9l llegaron las mayores expectativas, no solo aguardando mejores resultados sino tambi\u00e9n ligadas a un cambio de esquema y estilo, m\u00e1s ofensivo, vertical y ambicioso.<\/p>\n<p>No es un entrenador \u00abcom\u00fan\u00bb el rosarino. Su vehemencia para estar a cargo del equipo y a la hora de dar el mensaje al jugador, su particulares mon\u00f3logos en las conferencia de prensa (\u00fanica v\u00eda para hablar con \u00e9l) y la toma de decisiones que no resisten oposici\u00f3n.<\/p>\n<p><strong>El DT marc\u00f3 el terreno al no citar a dos \u00abpr\u00f3ceres\u00bb como Luis Su\u00e1rez y Edinson Cavani<\/strong>, pese a la presi\u00f3n de la prensa, que consider\u00f3 un destrato el no comunicarse con ambos delanteros para hacerles saber que no ser\u00edan convocados y los motivos de la determinaci\u00f3n,<\/p>\n<p><strong>Bielsa tiene como objetivos la clasificaci\u00f3n para 2026 y la Copa Am\u00e9rica 2024, t<\/strong>ambi\u00e9n en Estados Unidos: la exigencia es grande, tiene muchos j\u00f3venes talentosos como Federico Valverde, Manuel Ugarte, Maximiliano Araujo, sumado a una notable camada que tiene como base al campe\u00f3n mundial sub-20 en Argentina y del cual puede sumar elementos.<\/p>\n<div class=\"twitter-tweet twitter-tweet-rendered\"><iframe id=\"twitter-widget-0\" class=\"\" title=\"Twitter Tweet\" src=\"https:\/\/platform.twitter.com\/embed\/Tweet.html?creatorScreenName=agenciatelam&amp;dnt=false&amp;embedId=twitter-widget-0&amp;features=eyJ0ZndfdGltZWxpbmVfbGlzdCI6eyJidWNrZXQiOltdLCJ2ZXJzaW9uIjpudWxsfSwidGZ3X2ZvbGxvd2VyX2NvdW50X3N1bnNldCI6eyJidWNrZXQiOnRydWUsInZlcnNpb24iOm51bGx9LCJ0ZndfdHdlZXRfZWRpdF9iYWNrZW5kIjp7ImJ1Y2tldCI6Im9uIiwidmVyc2lvbiI6bnVsbH0sInRmd19yZWZzcmNfc2Vzc2lvbiI6eyJidWNrZXQiOiJvbiIsInZlcnNpb24iOm51bGx9LCJ0ZndfZm9zbnJfc29mdF9pbnRlcnZlbnRpb25zX2VuYWJsZWQiOnsiYnVja2V0Ijoib24iLCJ2ZXJzaW9uIjpudWxsfSwidGZ3X21peGVkX21lZGlhXzE1ODk3Ijp7ImJ1Y2tldCI6InRyZWF0bWVudCIsInZlcnNpb24iOm51bGx9LCJ0ZndfZXhwZXJpbWVudHNfY29va2llX2V4cGlyYXRpb24iOnsiYnVja2V0IjoxMjA5NjAwLCJ2ZXJzaW9uIjpudWxsfSwidGZ3X3Nob3dfYmlyZHdhdGNoX3Bpdm90c19lbmFibGVkIjp7ImJ1Y2tldCI6Im9uIiwidmVyc2lvbiI6bnVsbH0sInRmd19kdXBsaWNhdGVfc2NyaWJlc190b19zZXR0aW5ncyI6eyJidWNrZXQiOiJvbiIsInZlcnNpb24iOm51bGx9LCJ0ZndfdXNlX3Byb2ZpbGVfaW1hZ2Vfc2hhcGVfZW5hYmxlZCI6eyJidWNrZXQiOiJvbiIsInZlcnNpb24iOm51bGx9LCJ0ZndfdmlkZW9faGxzX2R5bmFtaWNfbWFuaWZlc3RzXzE1MDgyIjp7ImJ1Y2tldCI6InRydWVfYml0cmF0ZSIsInZlcnNpb24iOm51bGx9LCJ0ZndfbGVnYWN5X3RpbWVsaW5lX3N1bnNldCI6eyJidWNrZXQiOnRydWUsInZlcnNpb24iOm51bGx9LCJ0ZndfdHdlZXRfZWRpdF9mcm9udGVuZCI6eyJidWNrZXQiOiJvbiIsInZlcnNpb24iOm51bGx9fQ%3D%3D&amp;frame=false&amp;hideCard=false&amp;hideThread=false&amp;id=1699508600593420315&amp;lang=es&amp;origin=https%3A%2F%2Fwww.telam.com.ar%2Fnotas%2F202309%2F639464-futbol-eliminatorias-sudamericanas-uruguay-debut-dt-bielsa-chile.html&amp;sessionId=7ec483827d223c68993d00f0e88d4527496f5526&amp;siteScreenName=agenciatelam&amp;theme=light&amp;widgetsVersion=aaf4084522e3a%3A1674595607486&amp;width=550px\" frameborder=\"0\" scrolling=\"no\" allowfullscreen=\"allowfullscreen\" data-tweet-id=\"1699508600593420315\" data-mce-fragment=\"1\"><\/iframe><\/div>\n<p>En el debut en las Eliminatorias jugar\u00eda con un dibujo t\u00e1ctico 4-2-3-1, con l\u00ednea de cuatro en defensa, m\u00e1s adelantados Valverde y Ugarte, con el riverplatense Nicol\u00e1s De La Cruz, como asistente de Facundo Pellistri por derecha, Ara\u00fajo, por izquierda y Darwin N\u00fa\u00f1ez comandando el centro del ataque en la posici\u00f3n del \u00abPistolero\u00bb Su\u00e1rez.<\/p>\n<p><strong>No ser\u00e1 un partido m\u00e1s para Bielsa tomando en cuenta al rival ya que \u00e9l llev\u00f3 a Chile a la Copa del Mundo de Sud\u00e1frica 2010<\/strong>\u00a0y tiene muy buenos recuerdos de su paso por all\u00ed.<\/p>\n<p><strong>Chile no llega en un buen momento. El proceso de Berizzo no est\u00e1 bien visto,<\/strong>\u00a0ya que dirigi\u00f3 11 cotejos con tres triunfos, cuatro empates y cuatro derrotas. El entrenador argentino, ex DT de Paraguay, no tiene mucho margen para el error y el debut no pod\u00eda ser m\u00e1s duro.<\/p>\n<p>El Chile actual solo cuenta con tres jugadores de la \u00abGeneraci\u00f3n Dorada\u00bb que fue bicampeona de Am\u00e9rica al vencer a Argentina en definici\u00f3n con tiros desde el punto penal en 2015 (en Chile) y 2016 (Estados Unidos): Gary Medel, Arturo Vidal y Alexis S\u00e1nchez.<\/p>\n<p><strong>El encuentro de ambos t\u00e9cnicos vendr\u00e1 acompa\u00f1ado de la potente carga emocional de una relaci\u00f3n que suma 41 a\u00f1os.<\/strong><\/p>\n<p>Chile lleg\u00f3 a Montevideo con cuatro bajas: Eugenio Mena (fractura de tibia y peron\u00e9), Javier Altamirano (lesi\u00f3n de Isquiotibiales), Dami\u00e1n Pizarro (fractura de metacarpiano) y Bruno Barticciotto (lesi\u00f3n de isquiotibiales).<\/p>\n<p>En el historial de eliminatorias jugaron 18 veces, con 10 victorias de Uruguay, cuatro de Chile y cuatro empates. Con los orientales como locales, hay ocho triunfos uruguayos y un empate en noviembre de 2007, 2-2 en el camino a Sud\u00e1frica.<\/p>\n<p><iframe class=\"\" src=\"https:\/\/estdeportes.telam.com.ar\/html\/v3\/minapp\/modules\/futbol\/gamecast\/gamecast.html?channel=deportes.futbol.eliminatorias.691438&amp;lang=es_LA&amp;page=gamecast&amp;hidePagesMenu=true\" width=\"100%\" height=\"1150\" scrolling=\"auto\" data-mce-fragment=\"1\"><\/iframe><br \/>\n<strong>Probables formaciones\u00a0<\/strong><\/p>\n<p><strong>Uruguay<\/strong>: Sergio Rochet; Nahitan N\u00e1ndez, Sebasti\u00e1n C\u00e1ceres, Mat\u00edas Vi\u00f1a y Joaqu\u00edn Piquerez; Federico Valverde y Manuel Ugarte; Facundo Pellistri, Nicol\u00e1s De La Cruz y Maximiliano Ara\u00fajo; Darwin N\u00fa\u00f1ez. DT: Marcelo Bielsa.<\/p>\n<p><strong>Chile<\/strong>: Brayan Cort\u00e9s; Mat\u00edas Catal\u00e1n, Gary Medel, Guillermo Marip\u00e1n y Gabriel Suazo; Erick Pulgar, Charles Ar\u00e1nguiz, Arturo Vidal y Marcelino N\u00fa\u00f1ez; Ben Brereton y Alexis S\u00e1nchez. DT: Eduardo Berizzo.<\/p>\n<p>Arbitro: Dar\u00edo Herrera (Argentina)<\/p>\n<p>VAR: Mauro Vigliano.<\/p>\n<p>Cancha: Centenario, de Uruguay.<\/p>\n<p>Hora de inicio: 20<\/p>\n<p>TV: TyC Sports<\/p><\/div>\n<\/div>\n<\/div>\n<\/div>\n<\/div>\n<\/div>\n<\/div>\n","protected":false},"excerpt":{"rendered":"<p>El encuentro entre la \u00abCeleste\u00bb y la \u00abRoja\u00bb, se jugar\u00e1 en el Estadio Centenario desde las 20, con el arbitraje del argentino Dar\u00edo Herrera, el VAR a cargo de Mauro Vigliano y televisaci\u00f3n de TyC Sports.<\/p>\n","protected":false},"author":3,"featured_media":11666,"comment_status":"open","ping_status":"open","sticky":false,"template":"","format":"standard","meta":{"_jetpack_memberships_contains_paid_content":false,"footnotes":""},"categories":[8,15,18],"tags":[],"class_list":["post-11665","post","type-post","status-publish","format-standard","has-post-thumbnail","hentry","category-actualidad","category-deporte","category-internacional"],"jetpack_featured_media_url":"https:\/\/comunicartesanluis.com\/v1\/wp-content\/uploads\/2023\/09\/64f9e242ed1c4_1200.jpg","jetpack_sharing_enabled":true,"_links":{"self":[{"href":"https:\/\/comunicartesanluis.com\/index.php\/wp-json\/wp\/v2\/posts\/11665","targetHints":{"allow":["GET"]}}],"collection":[{"href":"https:\/\/comunicartesanluis.com\/index.php\/wp-json\/wp\/v2\/posts"}],"about":[{"href":"https:\/\/comunicartesanluis.com\/index.php\/wp-json\/wp\/v2\/types\/post"}],"author":[{"embeddable":true,"href":"https:\/\/comunicartesanluis.com\/index.php\/wp-json\/wp\/v2\/users\/3"}],"replies":[{"embeddable":true,"href":"https:\/\/comunicartesanluis.com\/index.php\/wp-json\/wp\/v2\/comments?post=11665"}],"version-history":[{"count":1,"href":"https:\/\/comunicartesanluis.com\/index.php\/wp-json\/wp\/v2\/posts\/11665\/revisions"}],"predecessor-version":[{"id":11667,"href":"https:\/\/comunicartesanluis.com\/index.php\/wp-json\/wp\/v2\/posts\/11665\/revisions\/11667"}],"wp:featuredmedia":[{"embeddable":true,"href":"https:\/\/comunicartesanluis.com\/index.php\/wp-json\/wp\/v2\/media\/11666"}],"wp:attachment":[{"href":"https:\/\/comunicartesanluis.com\/index.php\/wp-json\/wp\/v2\/media?parent=11665"}],"wp:term":[{"taxonomy":"category","embeddable":true,"href":"https:\/\/comunicartesanluis.com\/index.php\/wp-json\/wp\/v2\/categories?post=11665"},{"taxonomy":"post_tag","embeddable":true,"href":"https:\/\/comunicartesanluis.com\/index.php\/wp-json\/wp\/v2\/tags?post=11665"}],"curies":[{"name":"wp","href":"https:\/\/api.w.org\/{rel}","templated":true}]}}