{"id":11692,"date":"2023-09-08T09:57:21","date_gmt":"2023-09-08T12:57:21","guid":{"rendered":"https:\/\/comunicartesanluis.com\/?p=11692"},"modified":"2023-09-08T09:57:21","modified_gmt":"2023-09-08T12:57:21","slug":"abel-pintos-interpreto-el-himno-nacional-en-el-partido-de-argentina","status":"publish","type":"post","link":"https:\/\/comunicartesanluis.com\/index.php\/2023\/09\/08\/abel-pintos-interpreto-el-himno-nacional-en-el-partido-de-argentina\/","title":{"rendered":"Abel Pintos interpret\u00f3 el Himno Nacional en el partido de Argentina"},"content":{"rendered":"<div class=\"wrapper-header\">\n<div class=\"container-xl\">\n<div class=\"row\">\n<div class=\"col-12\">\n<div class=\"head-content mb-4\">\n<div class=\"my-3\"><\/div>\n<\/div>\n<\/div>\n<\/div>\n<\/div>\n<\/div>\n<div class=\"wrapper-editable-content\">\n<div>\n<div class=\"wrapper-editable-content\">\n<div class=\"container-md\">\n<div class=\"row\">\n<div class=\"col-md-12 speak\">\n<div class=\"paragraph\">El cantante Abel Pintos fue el encargado de interpretar el Himno Nacional Argentino en la previa del partido del seleccionado \u00abalbiceleste\u00bb ante Ecuador por la primera fecha de las Eliminatorias sudamericanas para el Mundial 2026.<\/p>\n<p>El artista oriundo de Bah\u00eda Blanca prest\u00f3 su voz para entonar las estrofas del Himno y emocion\u00f3 a los m\u00e1s de 80 mil espectadores que colmaron el estadio Monumental.<\/p>\n<p>Esta f<u><strong><a href=\"https:\/\/www.telam.com.ar\/notas\/202309\/638926-afa-abel-pintos-himno-nacional-seleccion-argentina.html\" target=\"_blank\" rel=\"noopener\">ue la primera vez que la Asociaci\u00f3n del F\u00fatbol Argentino (AFA) eligi\u00f3 a Abel Pintos para continuar con esta tradici\u00f3n<\/a><\/strong><\/u>, siguiendo los pasos de artistas como Ariel Ardit, Ulises Bueno, Patricia Sosa, Lito Vitale, Juan Carlos Baglietto, Soledad Pastorutti, Sergio Torres y Nahuel Pennisi, entre otros.<\/p>\n<p>La interpretaci\u00f3n de Pintos se enmarca en la presentaci\u00f3n de su \u00faltimo \u00e1lbum,\u00a0<strong><u><a href=\"https:\/\/www.telam.com.ar\/notas\/202307\/633447-abel-pintos-teatro-colon-canciones-patrias.html\" target=\"_blank\" rel=\"noopener\">\u00abAlta en el Cielo\u00bb, en el que grab\u00f3 ocho emblem\u00e1ticas canciones patrias<\/a><\/u><\/strong>.<\/p>\n<p>Este proyecto cont\u00f3 con la colaboraci\u00f3n de la Asociaci\u00f3n del F\u00fatbol Argentino (AFA), y como gesto de agradecimiento, el presidente Claudio Tapia le obsequi\u00f3 a Abel Pintos una camiseta firmada por todos los jugadores del seleccionado cuando se encontraron en la gala de los Premios Mart\u00edn Fierro.<\/p>\n<p>Es relevante destacar que Abel Pintos tambi\u00e9n estuvo en el casamiento del capit\u00e1n Lionel Messi y Antonela Rocuzzo en Rosario en junio de 2017.<\/p><\/div>\n<\/div>\n<\/div>\n<\/div>\n<\/div>\n<\/div>\n<\/div>\n<div><\/div>\n<div><\/div>\n<div><\/div>\n<div><\/div>\n<div><\/div>\n<div><\/div>\n<div><\/div>\n<div><\/div>\n<div>T\u00e9lam.<\/div>\n","protected":false},"excerpt":{"rendered":"<p>Ante un Mas Monumental colmado, el cantante bahiense\u00a0emocion\u00f3 a los m\u00e1s de 80 mil espectadores. Fue la primera vez que la AFA eligi\u00f3 al artista para continuar con esta tradici\u00f3n.<\/p>\n","protected":false},"author":3,"featured_media":11693,"comment_status":"open","ping_status":"open","sticky":false,"template":"","format":"standard","meta":{"_jetpack_memberships_contains_paid_content":false,"footnotes":""},"categories":[8,15,17],"tags":[],"class_list":["post-11692","post","type-post","status-publish","format-standard","has-post-thumbnail","hentry","category-actualidad","category-deporte","category-nacional"],"jetpack_featured_media_url":"https:\/\/comunicartesanluis.com\/v1\/wp-content\/uploads\/2023\/09\/64fa692c5f19c_1200.jpg","jetpack_sharing_enabled":true,"_links":{"self":[{"href":"https:\/\/comunicartesanluis.com\/index.php\/wp-json\/wp\/v2\/posts\/11692","targetHints":{"allow":["GET"]}}],"collection":[{"href":"https:\/\/comunicartesanluis.com\/index.php\/wp-json\/wp\/v2\/posts"}],"about":[{"href":"https:\/\/comunicartesanluis.com\/index.php\/wp-json\/wp\/v2\/types\/post"}],"author":[{"embeddable":true,"href":"https:\/\/comunicartesanluis.com\/index.php\/wp-json\/wp\/v2\/users\/3"}],"replies":[{"embeddable":true,"href":"https:\/\/comunicartesanluis.com\/index.php\/wp-json\/wp\/v2\/comments?post=11692"}],"version-history":[{"count":1,"href":"https:\/\/comunicartesanluis.com\/index.php\/wp-json\/wp\/v2\/posts\/11692\/revisions"}],"predecessor-version":[{"id":11694,"href":"https:\/\/comunicartesanluis.com\/index.php\/wp-json\/wp\/v2\/posts\/11692\/revisions\/11694"}],"wp:featuredmedia":[{"embeddable":true,"href":"https:\/\/comunicartesanluis.com\/index.php\/wp-json\/wp\/v2\/media\/11693"}],"wp:attachment":[{"href":"https:\/\/comunicartesanluis.com\/index.php\/wp-json\/wp\/v2\/media?parent=11692"}],"wp:term":[{"taxonomy":"category","embeddable":true,"href":"https:\/\/comunicartesanluis.com\/index.php\/wp-json\/wp\/v2\/categories?post=11692"},{"taxonomy":"post_tag","embeddable":true,"href":"https:\/\/comunicartesanluis.com\/index.php\/wp-json\/wp\/v2\/tags?post=11692"}],"curies":[{"name":"wp","href":"https:\/\/api.w.org\/{rel}","templated":true}]}}