{"id":11737,"date":"2023-09-11T10:20:19","date_gmt":"2023-09-11T13:20:19","guid":{"rendered":"https:\/\/comunicartesanluis.com\/?p=11737"},"modified":"2023-09-11T12:01:35","modified_gmt":"2023-09-11T15:01:35","slug":"futbol-instituciones-de-la-b-solicitaron-a-la-liga-sanluisena-de-futbol-que-llamen-a-asamblea-extraordinaria-y-se-modifique-el-estatuto","status":"publish","type":"post","link":"https:\/\/comunicartesanluis.com\/index.php\/2023\/09\/11\/futbol-instituciones-de-la-b-solicitaron-a-la-liga-sanluisena-de-futbol-que-llamen-a-asamblea-extraordinaria-y-se-modifique-el-estatuto\/","title":{"rendered":"Futbol: Instituciones Solicitaron a la Liga Sanluise\u00f1a asamblea extraordinaria y modificaci\u00f3n del estatuto"},"content":{"rendered":"<p><img decoding=\"async\" class=\"alignnone size-medium wp-image-11747\" src=\"https:\/\/comunicartesanluis.com\/v1\/wp-content\/uploads\/2023\/09\/pedidod-212x300.jpg\" alt=\"\" width=\"212\" height=\"300\" srcset=\"https:\/\/comunicartesanluis.com\/v1\/wp-content\/uploads\/2023\/09\/pedidod-200x284.jpg 200w, https:\/\/comunicartesanluis.com\/v1\/wp-content\/uploads\/2023\/09\/pedidod-212x300.jpg 212w, https:\/\/comunicartesanluis.com\/v1\/wp-content\/uploads\/2023\/09\/pedidod-400x567.jpg 400w, https:\/\/comunicartesanluis.com\/v1\/wp-content\/uploads\/2023\/09\/pedidod.jpg 443w\" sizes=\"(max-width: 212px) 100vw, 212px\" \/><\/p>\n<p>En la sede de la casa madre del f\u00fatbol puntano, clubes de la segunda divisi\u00f3n le entregaron a la Comisi\u00f3n Directiva una nota con la firma de delegados y presidentes. Faltaron siete, que estaban de acuerdo con la medida, pero no pudieron asistir a la reuni\u00f3n habitual post fin de semana.<\/p>\n<p>En la nota expresan el pedido de llamado a una asamblea extraordinaria que trate el cambio de estatuto. La modificaci\u00f3n es para que las instituciones de la \u201cB\u201d tengan el mismo valor que los de Primera.<\/p>\n<p>Esto, porque se sienten sin voz dentro de la Liga Sanluise\u00f1a de F\u00fatbol y sus votos casi no tienen valor. En las \u00faltimas elecciones, de por s\u00ed pol\u00e9micas por la intervenci\u00f3n de Personas Jur\u00eddicas y los aprietes de la secretar\u00eda de Deportes, todos los clubes de la \u201cB\u201d no tuvieron la posibilidad democr\u00e1tica de votar y la categor\u00eda solo tiene dos puntos, que se suman a la general.<\/p>\n<p>Cada club de Primera tiene tres puntos cada uno. La situaci\u00f3n gener\u00f3 malestar en la asamblea de agosto del 2022. Pasando en limpio, los de la \u201cB\u201d suman dos puntos para 19 equipos.<\/p>\n<p>Esta vez, cansados de sentirse discriminados por las decisiones arbitrarias de la Liga, entre ellos los aumentos en los aranceles sin previo consenso, los clubes de la \u201cB\u201d enviaron la nota que indica que cada instituci\u00f3n deber\u00eda tener un voto cada una porque cumplen con todos los derechos y responsabilidades que la \u201cA\u201d.<\/p>\n<p>\u201cEs injusto porque adem\u00e1s nosotros tenemos m\u00e1s gastos que los de Primera y a la Liga le terminamos aportando m\u00e1s\u201d, manifestaron dirigentes a El Chorrillero.<\/p>\n<p>En la presentaci\u00f3n establecieron un plazo no mayor a los 30 d\u00edas, como m\u00e1ximo, para llamar a asamblea extraordinaria. \u201cEstamos todos unidos en esta solicitud que es muy importante para nuestros clubes y para que de a poco vayan incluy\u00e9ndonos en decisiones importantes por y para el crecimiento de nuestro f\u00fatbol\u201d, expresaron.<\/p>\n<p>Consideraron que el puntapi\u00e9 inicial es justo y esperan que la Liga tome una decisi\u00f3n por el bien de los clubes. \u201cEn caso contrario, se tomar\u00e1n otras medidas, pero se analizar\u00e1 la situaci\u00f3n m\u00e1s adelante\u201d, concluyeron.<\/p>\n<p>Fuente: ElChorrillero.com<\/p>\n","protected":false},"excerpt":{"rendered":"<p>Los clubes de la divisi\u00f3n \u201cB\u201d le acercaron una nota al presidente de la entidad, Daniel \u201cPela\u201d Miranda, con la firma de los presidentes y delegados de las instituciones. Quieren \u201cser considerados, tener voz y voto\u201d.<\/p>\n","protected":false},"author":5,"featured_media":11749,"comment_status":"open","ping_status":"open","sticky":false,"template":"","format":"standard","meta":{"_jetpack_memberships_contains_paid_content":false,"footnotes":""},"categories":[15,16],"tags":[],"class_list":["post-11737","post","type-post","status-publish","format-standard","has-post-thumbnail","hentry","category-deporte","category-local"],"jetpack_featured_media_url":"https:\/\/comunicartesanluis.com\/v1\/wp-content\/uploads\/2023\/09\/portada.jpg","jetpack_sharing_enabled":true,"_links":{"self":[{"href":"https:\/\/comunicartesanluis.com\/index.php\/wp-json\/wp\/v2\/posts\/11737","targetHints":{"allow":["GET"]}}],"collection":[{"href":"https:\/\/comunicartesanluis.com\/index.php\/wp-json\/wp\/v2\/posts"}],"about":[{"href":"https:\/\/comunicartesanluis.com\/index.php\/wp-json\/wp\/v2\/types\/post"}],"author":[{"embeddable":true,"href":"https:\/\/comunicartesanluis.com\/index.php\/wp-json\/wp\/v2\/users\/5"}],"replies":[{"embeddable":true,"href":"https:\/\/comunicartesanluis.com\/index.php\/wp-json\/wp\/v2\/comments?post=11737"}],"version-history":[{"count":6,"href":"https:\/\/comunicartesanluis.com\/index.php\/wp-json\/wp\/v2\/posts\/11737\/revisions"}],"predecessor-version":[{"id":11767,"href":"https:\/\/comunicartesanluis.com\/index.php\/wp-json\/wp\/v2\/posts\/11737\/revisions\/11767"}],"wp:featuredmedia":[{"embeddable":true,"href":"https:\/\/comunicartesanluis.com\/index.php\/wp-json\/wp\/v2\/media\/11749"}],"wp:attachment":[{"href":"https:\/\/comunicartesanluis.com\/index.php\/wp-json\/wp\/v2\/media?parent=11737"}],"wp:term":[{"taxonomy":"category","embeddable":true,"href":"https:\/\/comunicartesanluis.com\/index.php\/wp-json\/wp\/v2\/categories?post=11737"},{"taxonomy":"post_tag","embeddable":true,"href":"https:\/\/comunicartesanluis.com\/index.php\/wp-json\/wp\/v2\/tags?post=11737"}],"curies":[{"name":"wp","href":"https:\/\/api.w.org\/{rel}","templated":true}]}}