{"id":11793,"date":"2023-09-12T06:58:08","date_gmt":"2023-09-12T09:58:08","guid":{"rendered":"https:\/\/comunicartesanluis.com\/?p=11793"},"modified":"2023-09-12T07:03:51","modified_gmt":"2023-09-12T10:03:51","slug":"medallistas-binacionales-sanluisenos-recibiran-becas-al-merito-deportivo","status":"publish","type":"post","link":"https:\/\/comunicartesanluis.com\/index.php\/2023\/09\/12\/medallistas-binacionales-sanluisenos-recibiran-becas-al-merito-deportivo\/","title":{"rendered":"Medallistas Binacionales sanluise\u00f1os recibir\u00e1n Becas al M\u00e9rito Deportivo"},"content":{"rendered":"<p>Una de las bases en la planificaci\u00f3n estrat\u00e9gica para el crecimiento del deporte en San Luis es el apoyo a los j\u00f3venes que realizan sus primeros pasos en la vida competitiva, tomando a los Juegos Binacionales como par\u00e1metro para poder medir el desarrollo cualitativa y cuantitativamente.<\/p>\n<p>Las Becas al M\u00e9rito Deportivo fueron puestas en ejecuci\u00f3n por el gobernador Alberto Rodr\u00edguez Sa\u00e1 con la premisa de realizar un aporte al deportista, para alivianar aquellos gastos que componen la vida de un atleta, ya sea viajes, accesorios deportivos o inscripciones a competencias de car\u00e1cter privado. Este beneficio cuenta con categor\u00edas de acuerdo a los resultados del deportista: Beca de J\u00f3venes Talentos, Beca de Proyecci\u00f3n Nacional, Binacionales, Sudamericana, Panamericana y proyecci\u00f3n Ol\u00edmpica.<\/p>\n<p>Durante la reuni\u00f3n, los deportistas recibieron la noticia de que aquellos portadores de medallas en los Juegos Binacionales realizados en el mes de mayo en la Regi\u00f3n de Valpara\u00edso, comenzaran a apercibir la beca a partir del pr\u00f3ximo mes y de manera retroactiva con los meses anteriores.<\/p>\n<p>La ciclista de San Francisco, Bianca Tempestini, manifest\u00f3 con mucha alegr\u00eda su agradecimiento \u201ccon la Secretar\u00eda de Deportes por toda la ayuda que me ha brindado, sin eso, me hubiese costado mucho progresar, o quiz\u00e1 seguir compitiendo. Es un orgullo siempre defender la camiseta de San Luis\u201d.<\/p>\n<p>Por su parte, Juan Amaya, integrante de la selecci\u00f3n de handball, agreg\u00f3: \u201cEsta Beca nos ayuda much\u00edsimo, por ser juveniles y siendo un deporte casi amateur en el pa\u00eds, genera gastos a nuestras familias y poder contar con esto es buen\u00edsimo\u201d.<\/p>\n<p>Asimismo, la titular de Deportes afirm\u00f3 que desde la pr\u00f3xima semana comenzar\u00e1 a trabajar en un proyecto para convertir en ley la Beca al M\u00e9rito Deportivo, con el prop\u00f3sito de que el beneficio para los deportistas perdure en el tiempo.<\/p>\n<p>Al finalizar el encuentro, la selecci\u00f3n de handball masculino le regal\u00f3 un equipo de mates a Cintia Ram\u00edrez como muestra de agradecimiento \u201cpor el constante apoyo que nos da a todos los deportistas que representamos a San Luis\u201d.<\/p>\n","protected":false},"excerpt":{"rendered":"<p>M\u00e1s de 40 j\u00f3venes deportistas se reunieron con Cintia Ram\u00edrez para conversar sobre su incorporaci\u00f3n a las Becas al M\u00e9rito Deportivo tras su gran actuaci\u00f3n en Valpara\u00edso, ya que desde 2019, los medallistas de Binacionales son parte de esta iniciativa.<\/p>\n","protected":false},"author":5,"featured_media":11794,"comment_status":"open","ping_status":"open","sticky":false,"template":"","format":"standard","meta":{"_jetpack_memberships_contains_paid_content":false,"footnotes":""},"categories":[15,16],"tags":[],"class_list":["post-11793","post","type-post","status-publish","format-standard","has-post-thumbnail","hentry","category-deporte","category-local"],"jetpack_featured_media_url":"https:\/\/comunicartesanluis.com\/v1\/wp-content\/uploads\/2023\/09\/becarios.jpg","jetpack_sharing_enabled":true,"_links":{"self":[{"href":"https:\/\/comunicartesanluis.com\/index.php\/wp-json\/wp\/v2\/posts\/11793","targetHints":{"allow":["GET"]}}],"collection":[{"href":"https:\/\/comunicartesanluis.com\/index.php\/wp-json\/wp\/v2\/posts"}],"about":[{"href":"https:\/\/comunicartesanluis.com\/index.php\/wp-json\/wp\/v2\/types\/post"}],"author":[{"embeddable":true,"href":"https:\/\/comunicartesanluis.com\/index.php\/wp-json\/wp\/v2\/users\/5"}],"replies":[{"embeddable":true,"href":"https:\/\/comunicartesanluis.com\/index.php\/wp-json\/wp\/v2\/comments?post=11793"}],"version-history":[{"count":2,"href":"https:\/\/comunicartesanluis.com\/index.php\/wp-json\/wp\/v2\/posts\/11793\/revisions"}],"predecessor-version":[{"id":11796,"href":"https:\/\/comunicartesanluis.com\/index.php\/wp-json\/wp\/v2\/posts\/11793\/revisions\/11796"}],"wp:featuredmedia":[{"embeddable":true,"href":"https:\/\/comunicartesanluis.com\/index.php\/wp-json\/wp\/v2\/media\/11794"}],"wp:attachment":[{"href":"https:\/\/comunicartesanluis.com\/index.php\/wp-json\/wp\/v2\/media?parent=11793"}],"wp:term":[{"taxonomy":"category","embeddable":true,"href":"https:\/\/comunicartesanluis.com\/index.php\/wp-json\/wp\/v2\/categories?post=11793"},{"taxonomy":"post_tag","embeddable":true,"href":"https:\/\/comunicartesanluis.com\/index.php\/wp-json\/wp\/v2\/tags?post=11793"}],"curies":[{"name":"wp","href":"https:\/\/api.w.org\/{rel}","templated":true}]}}