{"id":11816,"date":"2023-09-12T09:56:33","date_gmt":"2023-09-12T12:56:33","guid":{"rendered":"https:\/\/comunicartesanluis.com\/?p=11816"},"modified":"2023-09-12T09:56:33","modified_gmt":"2023-09-12T12:56:33","slug":"brasil-busca-en-peru-un-cierre-perfecto-en-la-primera-ventana-de-las-eliminatorias","status":"publish","type":"post","link":"https:\/\/comunicartesanluis.com\/index.php\/2023\/09\/12\/brasil-busca-en-peru-un-cierre-perfecto-en-la-primera-ventana-de-las-eliminatorias\/","title":{"rendered":"Brasil busca en Per\u00fa un cierre perfecto en la primera ventana de las Eliminatorias"},"content":{"rendered":"<div class=\"wrapper-header\">\n<div class=\"container-xl\">\n<div class=\"row\">\n<div class=\"col-12\">\n<div class=\"head-content mb-4\">\n<div class=\"my-3\"><\/div>\n<\/div>\n<\/div>\n<\/div>\n<\/div>\n<\/div>\n<div class=\"wrapper-editable-content\">\n<div>\n<div class=\"wrapper-editable-content\">\n<div class=\"container-md\">\n<div class=\"row\">\n<div class=\"col-md-12 speak\">\n<div class=\"paragraph\">\n<figure class=\"mb-3\">Despu\u00e9s de golear a una d\u00e9bil Bolivia (5-1) como local, el seleccionado de Brasil visitar\u00e1 este martes a Per\u00fa con la misi\u00f3n de un triunfo que plasme un inicio perfecto en las Eliminatorias Sudamericanas para el Mundial 2026, bajo el interinato de Fernando Diniz.<\/figure>\n<p>Los pentacampeones del mundo animar\u00e1n el \u00faltimo partido de la segunda fecha en el Estadio Nacional de Lima, desde las 23.00 de Argentina, con arbitraje del argentino Fernando Rapallini, quien estar\u00e1 asistido por sus compatriotas Diego Bonf\u00e1, Facundo Rodr\u00edguez (l\u00edneas), Pablo Echavarr\u00eda (cuarto) y Germ\u00e1n Delfino (VAR).<\/p>\n<p>En la primera fecha, la \u00abCanarinha\u00bb cumpli\u00f3 con el mandato de ganar de forma contundente ante un rival de menor jerarqu\u00eda y dej\u00f3 buenas sensaciones en el comienzo de un ciclo que estar\u00e1 vigente hasta mediados del a\u00f1o pr\u00f3ximo cuando asuma el italiano Carlo Ancelotti, antes de la Copa Am\u00e9rica en Estados Unidos.<\/p>\n<p>Diniz, actual DT del Fluminense semifinalista de la Copa Libertadores, logr\u00f3 funcionamiento colectivo respetuoso de sus ideas de \u00abjogo bonito\u00bb en un debut que pas\u00f3 a la historia por la marca goleadora que alcanz\u00f3 Neymar.<\/p>\n<p>Con su doblete, el 10 de Brasil super\u00f3 a \u00abO Rey\u00bb Pel\u00e9 y se constituy\u00f3 en el nuevo m\u00e1ximo anotador del seleccionado brasile\u00f1o con 79 tantos.<\/p>\n<p>M\u00e1s all\u00e1 de lo estad\u00edstico, el crack paulista mostr\u00f3 la calidad de su f\u00fatbol en un rol m\u00e1s comprometido con la conducci\u00f3n del equipo, que en esta doble fecha no pudo contar por lesi\u00f3n con uno de sus futbolistas de mejor actualidad: Vin\u00edcius Junior.<\/p>\n<p>Brasil tendr\u00e1 enfrente a un Per\u00fa que comenz\u00f3 un nuevo proceso con la necesidad de hacer olvidar al hist\u00f3rico de Ricardo Gareca, quien lo puso nuevamente en una Copa del Mundo tras 36 a\u00f1os con la clasificaci\u00f3n a Rusia 2018.<\/p>\n<p>Al mando de Juan Reynoso, los peruanos debutaron con un valioso empate ante Paraguay (0-0) en Ciudad del Este, donde su arquero Pedro Gallese fue figura para sostener el resultado despu\u00e9s de la temprana expulsi\u00f3n del lateral Luis Adv\u00edncula.<\/p>\n<p>La baja del futbolista de Boca Juniors no ser\u00e1 la \u00fanica que deber\u00e1 resolver el entrenador ya que el mediocampista Chistofer Gonz\u00e1les, otro de los titulares, fue desafectado por lesi\u00f3n. Estas ausencias se suman a las del zaguero Carlos Zambrano, el mediocampista Christian Cueva y el delantero Gianluca Lapadula, ausentes en la convocatoria por diferentes dolencias.<\/p>\n<p>Con s\u00f3lo el 75 por ciento del estadio habilitado, por una sanci\u00f3n pendiente de la Conmebol, Per\u00fa jugar\u00e1 su primer partido en casa, previo al choque con Argentina, que ser\u00e1 el siguiente de local en la doble fecha de octubre.<\/p>\n<h2 class=\"\">Probables formaciones<\/h2>\n<p>Per\u00fa: Pedro Gallese; Aldo Corzo, Miguel Araujo, Luis Abram y Miguel Trauco; Renato Tapia, Yoshimar Yot\u00fan, Wilder Cartagena y Andr\u00e9 Carrillo; Andy Polo y Paolo Guerrero. DT: Juan Reynoso.<\/p>\n<p>Brasil: Ederson; Danilo, Marquinhos, Gabriel Magalh\u00e3es y Renan Lodi; Casemiro y Bruno Guimaraes; Rodrygo, Neymar y Raphinha; Richarlison. DT: Fernando Diniz.<\/p>\n<p>\u00c1rbitro: Fernando Rapallini (Argentina).<\/p>\n<p>VAR: Germ\u00e1n Delfino (Argentina)<\/p>\n<p>Estadio: Nacional de Lima.<\/p>\n<p>Hora de inicio: 23.00.<\/p>\n<p>TV: TyC Sports 2.<\/p><\/div>\n<\/div>\n<\/div>\n<\/div>\n<\/div>\n<\/div>\n<\/div>\n<div><\/div>\n<div><\/div>\n<div><\/div>\n<div><\/div>\n<div><\/div>\n<div><\/div>\n<div>T\u00e9lam.<\/div>\n","protected":false},"excerpt":{"rendered":"<p>Los pentacampeones del mundo animar\u00e1n este martes el \u00faltimo partido de la segunda fecha en el Estadio Nacional de Lima, desde las 23 de Argentina, con arbitraje del argentino Fernando Rapallini y la televisaci\u00f3n de TyC Sports 2.\u00a0<\/p>\n","protected":false},"author":3,"featured_media":11818,"comment_status":"open","ping_status":"open","sticky":false,"template":"","format":"standard","meta":{"_jetpack_memberships_contains_paid_content":false,"footnotes":""},"categories":[8,15,18],"tags":[],"class_list":["post-11816","post","type-post","status-publish","format-standard","has-post-thumbnail","hentry","category-actualidad","category-deporte","category-internacional"],"jetpack_featured_media_url":"https:\/\/comunicartesanluis.com\/v1\/wp-content\/uploads\/2023\/09\/64ff4eaf68bfa_1200.jpg","jetpack_sharing_enabled":true,"_links":{"self":[{"href":"https:\/\/comunicartesanluis.com\/index.php\/wp-json\/wp\/v2\/posts\/11816","targetHints":{"allow":["GET"]}}],"collection":[{"href":"https:\/\/comunicartesanluis.com\/index.php\/wp-json\/wp\/v2\/posts"}],"about":[{"href":"https:\/\/comunicartesanluis.com\/index.php\/wp-json\/wp\/v2\/types\/post"}],"author":[{"embeddable":true,"href":"https:\/\/comunicartesanluis.com\/index.php\/wp-json\/wp\/v2\/users\/3"}],"replies":[{"embeddable":true,"href":"https:\/\/comunicartesanluis.com\/index.php\/wp-json\/wp\/v2\/comments?post=11816"}],"version-history":[{"count":1,"href":"https:\/\/comunicartesanluis.com\/index.php\/wp-json\/wp\/v2\/posts\/11816\/revisions"}],"predecessor-version":[{"id":11819,"href":"https:\/\/comunicartesanluis.com\/index.php\/wp-json\/wp\/v2\/posts\/11816\/revisions\/11819"}],"wp:featuredmedia":[{"embeddable":true,"href":"https:\/\/comunicartesanluis.com\/index.php\/wp-json\/wp\/v2\/media\/11818"}],"wp:attachment":[{"href":"https:\/\/comunicartesanluis.com\/index.php\/wp-json\/wp\/v2\/media?parent=11816"}],"wp:term":[{"taxonomy":"category","embeddable":true,"href":"https:\/\/comunicartesanluis.com\/index.php\/wp-json\/wp\/v2\/categories?post=11816"},{"taxonomy":"post_tag","embeddable":true,"href":"https:\/\/comunicartesanluis.com\/index.php\/wp-json\/wp\/v2\/tags?post=11816"}],"curies":[{"name":"wp","href":"https:\/\/api.w.org\/{rel}","templated":true}]}}