{"id":11823,"date":"2023-09-12T10:04:14","date_gmt":"2023-09-12T13:04:14","guid":{"rendered":"https:\/\/comunicartesanluis.com\/?p=11823"},"modified":"2023-09-12T10:04:14","modified_gmt":"2023-09-12T13:04:14","slug":"uruguay-de-bielsa-se-prueba-en-la-altura-de-quito-frente-a-ecuador","status":"publish","type":"post","link":"https:\/\/comunicartesanluis.com\/index.php\/2023\/09\/12\/uruguay-de-bielsa-se-prueba-en-la-altura-de-quito-frente-a-ecuador\/","title":{"rendered":"Uruguay de Bielsa se prueba en la altura de Quito frente a Ecuador"},"content":{"rendered":"<div class=\"wrapper-header\">\n<div class=\"container-xl\">\n<div class=\"row\">\n<div class=\"col-12\">\n<div class=\"head-content mb-4\">\n<div class=\"my-3\"><\/div>\n<\/div>\n<\/div>\n<\/div>\n<\/div>\n<\/div>\n<div class=\"wrapper-editable-content\">\n<div>\n<div class=\"wrapper-editable-content\">\n<div class=\"container-md\">\n<div class=\"row\">\n<div class=\"col-md-12 speak\">\n<div class=\"paragraph\">\n<figure class=\"mb-3\">El seleccionado de Uruguay, dirigido por el entrenador argentino Marcelo Bielsa, visitar\u00e1 este martes a Ecuador en la altura de Quito en busca de otra victoria para mantenerse en la cima de las posiciones, en un encuentro correspondiente a la segunda jornada de las Eliminatorias Sudamericanas rumbo al Mundial 2026.<\/figure>\n<p>El partido se jugar\u00e1 desde las 18.00 (hora de Argentina) en el estadio Rodrigo Paz Delgado, ubicado a 2850 metros por encima del nivel del mar, contar\u00e1 con el arbitraje del brasile\u00f1o Wilton Sampaio y su compatriota Daniel Nobre en el VAR y la televisaci\u00f3n ser\u00e1 de la se\u00f1al de cable DSports.<\/p>\n<p>La \u00abCeleste\u00bb viene de vencer por 3 a 1 a Chile, del DT argentino Eduardo Berizzo en el banco de suplentes, el viernes pasado en condici\u00f3n de local en el estadio Centenario de Montevideo, con dos goles de Nicol\u00e1s de la Cruz (River Plate) y Federico Valverde.<\/p>\n<p>Con ese resultado, qued\u00f3 en la primera l\u00ednea de las clasificaci\u00f3n continental junto al resto de los ganadores de la jornada inicial: Argentina, Brasil y Colombia.<\/p>\n<p>La \u00faltima vez que Uruguay visit\u00f3 a Ecuador cay\u00f3 4 a 2 el 13 de octubre de 2020 en el marco de las Eliminatorias rumbo a Qatar 2022, mientras que posteriormente en el estadio Centenario se impuso por 1 a 0.<\/p>\n<p>Bielsa no podr\u00e1 contar con el mediocampista Emiliano Mart\u00ednez, quien fue desafectado del seleccionado con miras al choque ante Ecuador por una distensi\u00f3n muscular en el psoas il\u00edaco izquierdo.<\/p>\n<p>El ext\u00e9cnico del seleccionado argentino en el Mundial de Corea-Jap\u00f3n 2002 podr\u00eda realizar una sola modificaci\u00f3n respecto del equipo que consigui\u00f3 la primera victoria de la clasificatoria sudamericana ante los trasandinos.<\/p>\n<figure class=\"mb-3\"><img decoding=\"async\" class=\" lazy \" src=\"https:\/\/www.telam.com.ar\/thumbs\/bluesteel\/advf\/imagenes\/2023\/09\/64fbcec6436a5_1200.jpg\" alt=\"Valverde y De la Cruz fueron las figuras del triunfo uruguayo ante Chile \" width=\"100%\" height=\"100%\" \/><\/p>\n<div class=\"media-icons\"><\/div><figcaption>Valverde y De la Cruz fueron las figuras del triunfo uruguayo ante Chile.<\/figcaption><\/figure>\n<p>El delantero Darwin N\u00fa\u00f1ez, del Liverpool de Inglaterra, podr\u00eda salir del once titular para dejarle su lugar a Cristian \u00abKike\u00bb Olivera, de Los \u00c1ngeles FC de la Liga de Estados Unidos para acompa\u00f1ar a Maximiliano Araujo y Facundo Pellistri en la ofensiva \u00abcharr\u00faa\u00bb.<\/p>\n<p>En caso que Olivera, de 21 a\u00f1os, ingrese ante los ecuatorianos ser\u00e1 su debut oficial en el seleccionado mayor uruguayo.<\/p>\n<p>El resto del equipo ser\u00e1 el mismo que Bielsa par\u00f3 el viernes pasado frente al representativo chileno.<\/p>\n<p>Ecuador, por su parte, cay\u00f3 por 1 a 0 ante Argentina el jueves pasado en el estadio Monumental en el debut de las eliminatorias.<\/p>\n<p>Debido a la derrota se ubica en el fondo de la tabla, con -3 unidades, ya que debe pagar una sanci\u00f3n deportivo derivada del caso Byron Castillo en las eliminatorias pasadas.<\/p>\n<p>A pesar de la ca\u00edda ante el seleccionado campe\u00f3n mundial, el entrenador espa\u00f1ol Feliz S\u00e1nchez qued\u00f3 conforme con el rendimiento de su equipo, que s\u00f3lo se vio vulnerado por el gol de tiro libre de Lionel Messi, a los 33 minutos de la segunda etapa.<\/p>\n<p>El DT S\u00e1nchez, no obstante realizar\u00e1 dos modificaciones para recibir a los uruguayos: Robert Arboleda y Jos\u00e9 Cifuentes saldr\u00e1n para que ingresen Jhojan Julio y Julio Ortiz.<\/p>\n<p>En la tercera y pr\u00f3xima jornada Uruguay visitar\u00e1 a Colombia, con el entrenador argentino N\u00e9stor Lorenzo, mientras que Ecuador ir\u00e1 a la altura de La Paz para enfrentar a Bolivia, con el DT argentino Gustavo Costas.<\/p>\n<p>El historial entre Uruguay y Ecuador registra un total de 22 enfrentamientos con 13 victorias para la \u00abCeleste\u00bb, 4 para la \u00abTri\u00bb y cinco empates.<\/p>\n<h2 class=\"\">Probables formaciones<\/h2>\n<p>Ecuador: Hern\u00e1n Gal\u00edndez; Jos\u00e9 Hurtado Cheme, F\u00e9lix Torres, William Joel Pacho Tenorio, Pervis Estupi\u00f1\u00e1n; Carlos Gruezo, Julio Ortiz, Mois\u00e9s Caicedo; Gonzalo Plata, Jhojan Julio, Enner Valencia. DT: F\u00e9lix S\u00e1nchez.<\/p>\n<p>Uruguay: Sergio Rochet; Nahitan N\u00e1ndez, Sebasti\u00e1n C\u00e1ceres, Mat\u00edas Vi\u00f1a, Joaqu\u00edn Piquerez; Federico Valverde, Manuel Ugarte, Nicol\u00e1s de la Cruz; Facundo Pellistri, N\u00fa\u00f1ez u Olivera, Maximiliano Araujo. DT: Marcelo Bielsa.<\/p>\n<p>\u00c1rbitro: Wilton Sampaio (Brasil).<\/p>\n<p>VAR: Daniel Nobre (Brasil).<\/p>\n<p>Estadio: Rodrigo Paz Delgado (Quito).<\/p>\n<p>Hora de inicio: 18.00.<\/p>\n<p>TV: DSports.<\/p><\/div>\n<\/div>\n<\/div>\n<\/div>\n<\/div>\n<\/div>\n<\/div>\n<div><\/div>\n<div><\/div>\n<div><\/div>\n<div><\/div>\n<div><\/div>\n<div><\/div>\n<div><\/div>\n<div>T\u00e9lam.<\/div>\n","protected":false},"excerpt":{"rendered":"<p>El partido se jugar\u00e1 este martes desde las 18 (hora de Argentina) en el estadio Rodrigo Paz Delgado, ubicado a 2850 metros por encima del nivel del mar, contar\u00e1 con el arbitraje del brasile\u00f1o Wilton Sampaio y la televisaci\u00f3n ser\u00e1 de la se\u00f1al de cable DSports.<\/p>\n","protected":false},"author":3,"featured_media":11825,"comment_status":"open","ping_status":"open","sticky":false,"template":"","format":"standard","meta":{"_jetpack_memberships_contains_paid_content":false,"footnotes":""},"categories":[8,15,18],"tags":[],"class_list":["post-11823","post","type-post","status-publish","format-standard","has-post-thumbnail","hentry","category-actualidad","category-deporte","category-internacional"],"jetpack_featured_media_url":"https:\/\/comunicartesanluis.com\/v1\/wp-content\/uploads\/2023\/09\/64ff47f2c9804_1200.jpg","jetpack_sharing_enabled":true,"_links":{"self":[{"href":"https:\/\/comunicartesanluis.com\/index.php\/wp-json\/wp\/v2\/posts\/11823","targetHints":{"allow":["GET"]}}],"collection":[{"href":"https:\/\/comunicartesanluis.com\/index.php\/wp-json\/wp\/v2\/posts"}],"about":[{"href":"https:\/\/comunicartesanluis.com\/index.php\/wp-json\/wp\/v2\/types\/post"}],"author":[{"embeddable":true,"href":"https:\/\/comunicartesanluis.com\/index.php\/wp-json\/wp\/v2\/users\/3"}],"replies":[{"embeddable":true,"href":"https:\/\/comunicartesanluis.com\/index.php\/wp-json\/wp\/v2\/comments?post=11823"}],"version-history":[{"count":1,"href":"https:\/\/comunicartesanluis.com\/index.php\/wp-json\/wp\/v2\/posts\/11823\/revisions"}],"predecessor-version":[{"id":11828,"href":"https:\/\/comunicartesanluis.com\/index.php\/wp-json\/wp\/v2\/posts\/11823\/revisions\/11828"}],"wp:featuredmedia":[{"embeddable":true,"href":"https:\/\/comunicartesanluis.com\/index.php\/wp-json\/wp\/v2\/media\/11825"}],"wp:attachment":[{"href":"https:\/\/comunicartesanluis.com\/index.php\/wp-json\/wp\/v2\/media?parent=11823"}],"wp:term":[{"taxonomy":"category","embeddable":true,"href":"https:\/\/comunicartesanluis.com\/index.php\/wp-json\/wp\/v2\/categories?post=11823"},{"taxonomy":"post_tag","embeddable":true,"href":"https:\/\/comunicartesanluis.com\/index.php\/wp-json\/wp\/v2\/tags?post=11823"}],"curies":[{"name":"wp","href":"https:\/\/api.w.org\/{rel}","templated":true}]}}