{"id":11829,"date":"2023-09-12T10:07:52","date_gmt":"2023-09-12T13:07:52","guid":{"rendered":"https:\/\/comunicartesanluis.com\/?p=11829"},"modified":"2023-09-12T10:07:52","modified_gmt":"2023-09-12T13:07:52","slug":"argentina-visita-a-bolivia-en-la-altura-de-la-paz","status":"publish","type":"post","link":"https:\/\/comunicartesanluis.com\/index.php\/2023\/09\/12\/argentina-visita-a-bolivia-en-la-altura-de-la-paz\/","title":{"rendered":"Argentina visita a Bolivia en la altura de La Paz"},"content":{"rendered":"<div class=\"wrapper-header\">\n<div class=\"container-xl\">\n<div class=\"row\">\n<div class=\"col-12\">\n<div class=\"head-content mb-4\">\n<div class=\"my-3\"><\/div>\n<\/div>\n<\/div>\n<\/div>\n<\/div>\n<\/div>\n<div class=\"wrapper-editable-content\">\n<div>\n<div class=\"wrapper-editable-content\">\n<div class=\"container-md\">\n<div class=\"row\">\n<div class=\"col-md-12 speak\">\n<div class=\"paragraph\">\n<figure class=\"mb-3\">El seleccionado argentino enfrentar\u00e1 este martes a Bolivia, dirigida por Gustavo Costas, en la altura de La Paz, por la segunda fecha de las Eliminatorias Sudamericanas para el Mundial 2026.<\/figure>\n<p>El partido se disputar\u00e1 desde las 17 (16 hora local) en el estadio Hernando Siles, ubicado a 3.650 metros de altura sobre el nivel del mar, con arbitraje del uruguayo Esteban Ostojich y transmisi\u00f3n de la TV P\u00fablica y TyC Sports.<\/p>\n<p>Luego de la\u00a0<a href=\"https:\/\/www.telam.com.ar\/notas\/202309\/639360-argentina-messi-camino-mundial-2026-contra-ecuador-monumental.html\" target=\"_blank\" rel=\"noopener\">ajustada victoria en el debut ante Ecuador con un golazo de tiro libre de Messi<\/a>, el vigente campe\u00f3n del mundo y Am\u00e9rica afrontar\u00e1 un duro encuentro ante Bolivia en la siempre respetada altura de su capital andina.<\/p>\n<p>Bolivia, ausente en los Mundiales desde 1994, se ilusiona con volver a hacerse fuerte en La Paz para alcanzar uno de los seis cupos directos a la pr\u00f3xima Copa del Mundo o al menos el repechaje que acredita el s\u00e9ptimo lugar de la clasificaci\u00f3n.<\/p>\n<p>El equipo de Costas debut\u00f3 con una dura goleada por 5-1 contra Brasil en Bel\u00e9m y har\u00e1 su presentaci\u00f3n como local ante un p\u00fablico que est\u00e1 m\u00e1s entusiasmado de ver a Messi que a la Selecci\u00f3n.<\/p>\n<p>El astro finalmente viaj\u00f3 a La Paz y encabez\u00f3 el plantel de Lionel Scaloni pese a la molestia muscular que lo oblig\u00f3 a ser reemplazado sobre el final del partido ante Ecuador.<\/p>\n<p>El 10 se someti\u00f3 a estudios m\u00e9dicos por precauci\u00f3n y decidi\u00f3 subirse al avi\u00f3n que traslad\u00f3 a la delegaci\u00f3n nacional el domingo por la tarde.<\/p>\n<figure class=\"mb-3\"><img decoding=\"async\" class=\" lazy \" src=\"https:\/\/www.telam.com.ar\/thumbs\/bluesteel\/advf\/imagenes\/2023\/09\/64fa80e5ddd92_1200.jpg\" alt=\"Lionel Messi define de tiro libre el duelo con Ecuador Foto Julin lvarez \" width=\"100%\" height=\"100%\" \/><\/p>\n<div class=\"media-icons\"><\/div><figcaption>Lionel Messi define de tiro libre el duelo con Ecuador (Foto Juli\u00e1n \u00c1lvarez).<\/figcaption><\/figure>\n<p>Ahora la duda pasa por si Scaloni lo utiliza desde el inicio o si lo hace ingresar en el segundo tiempo.<\/p>\n<p>El resto del equipo ser\u00eda el mismo que inici\u00f3 la victoria ante la \u00abTri\u00bb pero el cuerpo t\u00e9cnico probar\u00e1 algunas variantes en la \u00fanica pr\u00e1ctica que realizar\u00e1n en la altura.<\/p>\n<p>En el mediocampo podr\u00edan meterse Leandro Paredes o Exequiel Palacios, de gran nivel en la \u00faltima victoria del seleccionado en el Siles en octubre del 2020.<\/p>\n<p>Adem\u00e1s, \u00c1ngel Di Mar\u00eda y Juli\u00e1n \u00c1lvarez tienen posibilidades de volver a la titularidad en lugar de Nicol\u00e1s Gonz\u00e1lez y Lautaro Mart\u00ednez, respectivamente.<\/p>\n<p>En aquella ocasi\u00f3n, el equipo de Scaloni se impuso por 2-1 y cort\u00f3 una racha de 15 a\u00f1os sin ganar en La Paz.<\/p>\n<p>El anterior hab\u00eda sido en marzo de 2005 con Jos\u00e9 Pekerman como entrenador y Scaloni como jugador.<\/p>\n<p>Bolivia lleva cinco derrotas seguidas en Eliminatorias y solo gan\u00f3 tres (todos de local) de los \u00faltimos catorce encuentros.<br \/>\nCostas se hizo cargo del seleccionado en medio de una fuerte crisis futbol\u00edstica e institucional de Bolivia.<\/p>\n<p>En varias ocasiones, el DT se quej\u00f3 y pidi\u00f3 mejoras en la infraestructura pero al mismo tiempo la FBF lucha con un red de corrupci\u00f3n y arreglo de partido que oblig\u00f3 a la suspensi\u00f3n de los torneos locales.<\/p>\n<figure class=\"mb-3\"><img decoding=\"async\" class=\" lazy \" src=\"https:\/\/www.telam.com.ar\/thumbs\/bluesteel\/advf\/imagenes\/2023\/09\/64fde28cd81f4_1200.jpg\" alt=\"Lionel Scaloni en el entrenamiento de la seleccin Foto Leo Vaca \" width=\"100%\" height=\"100%\" \/><\/p>\n<div class=\"media-icons\"><\/div><figcaption>Lionel Scaloni en el entrenamiento de la selecci\u00f3n (Foto Leo Vaca).<\/figcaption><\/figure>\n<p>La figura del seleccionado sigue siendo el delantero Marcelo Moreno Martins, quien alcanz\u00f3 los 103 partidos y super\u00f3 la marca del exdefensor Ronald Raldes.<\/p>\n<p>El atacante nacido en Brasil hace 36 a\u00f1os es el m\u00e1ximo goleador de Bolivia y al seleccionado argentino ya le marc\u00f3 cinco tantos.<\/p>\n<p>Pese a estar pen\u00faltimo en la tabla hist\u00f3rica de las Eliminatorias, Moreno Martins logr\u00f3 meterse en el podio de los m\u00e1ximos goleadores con 22 tantos, a siete de Lionel Messi y Luis Su\u00e1rez.<\/p>\n<p>El historial entre la Argentina y Bolivia indica que se enfrentaron 41 veces, con 29 triunfos de la \u00abalbiceleste\u00bb, 5 empates y 7 triunfos de Bolivia.<\/p>\n<\/div>\n<\/div>\n<\/div>\n<\/div>\n<\/div>\n<\/div>\n<\/div>\n<div><\/div>\n<div><\/div>\n<div><\/div>\n<div>T\u00e9lam.<\/div>\n","protected":false},"excerpt":{"rendered":"<p>El encuentro se disputar\u00e1 desde las 17 (16 hora local) en el estadio Hernando Siles, ubicado a 3.650 metros de altura sobre el nivel del mar, con arbitraje del uruguayo Esteban Ostojich y transmisi\u00f3n de la TV P\u00fablica y TyC Sports.<\/p>\n","protected":false},"author":3,"featured_media":0,"comment_status":"open","ping_status":"open","sticky":false,"template":"","format":"standard","meta":{"_jetpack_memberships_contains_paid_content":false,"footnotes":""},"categories":[8,15,18],"tags":[],"class_list":["post-11829","post","type-post","status-publish","format-standard","hentry","category-actualidad","category-deporte","category-internacional"],"jetpack_featured_media_url":"","jetpack_sharing_enabled":true,"_links":{"self":[{"href":"https:\/\/comunicartesanluis.com\/index.php\/wp-json\/wp\/v2\/posts\/11829","targetHints":{"allow":["GET"]}}],"collection":[{"href":"https:\/\/comunicartesanluis.com\/index.php\/wp-json\/wp\/v2\/posts"}],"about":[{"href":"https:\/\/comunicartesanluis.com\/index.php\/wp-json\/wp\/v2\/types\/post"}],"author":[{"embeddable":true,"href":"https:\/\/comunicartesanluis.com\/index.php\/wp-json\/wp\/v2\/users\/3"}],"replies":[{"embeddable":true,"href":"https:\/\/comunicartesanluis.com\/index.php\/wp-json\/wp\/v2\/comments?post=11829"}],"version-history":[{"count":1,"href":"https:\/\/comunicartesanluis.com\/index.php\/wp-json\/wp\/v2\/posts\/11829\/revisions"}],"predecessor-version":[{"id":11830,"href":"https:\/\/comunicartesanluis.com\/index.php\/wp-json\/wp\/v2\/posts\/11829\/revisions\/11830"}],"wp:attachment":[{"href":"https:\/\/comunicartesanluis.com\/index.php\/wp-json\/wp\/v2\/media?parent=11829"}],"wp:term":[{"taxonomy":"category","embeddable":true,"href":"https:\/\/comunicartesanluis.com\/index.php\/wp-json\/wp\/v2\/categories?post=11829"},{"taxonomy":"post_tag","embeddable":true,"href":"https:\/\/comunicartesanluis.com\/index.php\/wp-json\/wp\/v2\/tags?post=11829"}],"curies":[{"name":"wp","href":"https:\/\/api.w.org\/{rel}","templated":true}]}}