{"id":12358,"date":"2023-09-27T10:08:22","date_gmt":"2023-09-27T13:08:22","guid":{"rendered":"https:\/\/comunicartesanluis.com\/?p=12358"},"modified":"2023-09-27T10:08:22","modified_gmt":"2023-09-27T13:08:22","slug":"defensa-y-justicia-visitara-a-liga-de-quito-en-la-semifinal-de-ida-de-la-sudamericana","status":"publish","type":"post","link":"https:\/\/comunicartesanluis.com\/index.php\/2023\/09\/27\/defensa-y-justicia-visitara-a-liga-de-quito-en-la-semifinal-de-ida-de-la-sudamericana\/","title":{"rendered":"Defensa y Justicia visitar\u00e1 a Liga de Quito en la semifinal de ida de la Sudamericana"},"content":{"rendered":"<div class=\"wrapper-header\">\n<div class=\"container-xl\">\n<div class=\"row\">\n<div class=\"col-12\">\n<div class=\"head-content mb-4\">\n<div class=\"my-3\"><\/div>\n<\/div>\n<\/div>\n<\/div>\n<\/div>\n<\/div>\n<div class=\"wrapper-editable-content\">\n<div>\n<div class=\"wrapper-editable-content\">\n<div class=\"container-md\">\n<div class=\"row\">\n<div class=\"col-md-12 speak\">\n<div class=\"paragraph\"><strong>Defensa y Justicia visitar\u00e1<\/strong>\u00a0este mi\u00e9rcoles<strong>\u00a0a Liga Deportiva Universitaria de Quito<\/strong>, Ecuador, equipo dirigido por el argentino Luis Zubeld\u00eda, en el encuentro de ida de las semifinales de la Copa Sudamericana.<\/p>\n<p>El partido se jugar\u00e1 este mi\u00e9rcoles desde las 19 (hora de Argentina) en el estadio Rodrigo Paz Delgado, en Quito, ser\u00e1 arbitrado por el brasile\u00f1o Raphael Claus y televisado por ESPN.<\/p>\n<p>El \u00abHalc\u00f3n\u00bb de Varela, campe\u00f3n de la edici\u00f3n 2020 (gole\u00f3 en la final a Lan\u00fas por 3 a 0) accedi\u00f3 a \u00absemis\u00bb tras haber dejado en el camino a Botafogo de Brasil, luego del empate 1 a 1 en la ida y el triunfo 2 a 1 en la revancha.<\/p>\n<p>Adem\u00e1s, en el \u00e1mbito local el equipo conducido por el entrenador Julio Vaccari viene de perder\u00a0<a href=\"https:\/\/www.telam.com.ar\/notas\/202309\/641175-defensa-y-justicia-julio-vaccari-central-cordoba-omar-de-felippe-santiago-del-estero-punta-zona-b-copa-de-la-liga.html\" target=\"_blank\" rel=\"noopener\">por 2 a 1<\/a>\u00a0ante Central C\u00f3rdoba de Santiago del Estero y se ubica en la tercera posici\u00f3n de la Zona B con nueve unidades, a tres del l\u00edder Racing Club (12).<\/p>\n<p>Los regresos m\u00e1s destacados para intentar quedarse con el primer \u00abchico\u00bb de semifinales son los de Enrique Bologna en el arco, Alexis Soto en defensa, Gast\u00f3n Togni en el mediocampo y Nicol\u00e1s \u00abUvita\u00bb Fern\u00e1ndez en ataque.<\/p>\n<p>Liga de Quito, vencedor de la edici\u00f3n 2009 al imponerse por 5 a 1 ante Fluminense de Brasil, lleg\u00f3 a la presente fase luego de haber vencido por penales (5-4) a San Pablo, tras una victoria por 2 a 1 en la ida y una derrota por 1 a 0 en la vuelta en Brasil.<\/p>\n<p>El entrenador argentino Luis Zubeld\u00eda le dar\u00e1 la titularidad a sus compatriotas Lisandro Alzugaray y Ezequiel Piovi, mientras que el centrodelantero ser\u00e1 el peruano Paolo Guerrero, de \u00faltimo paso por Racing.<\/p>\n<p>La revancha entre el \u00abHalc\u00f3n\u00bb y el conjunto ecuatoriano se jugar\u00e1 el pr\u00f3ximo mi\u00e9rcoles 4 de octubre en el estadio Norberto Tomaghello.<\/p>\n<p>El ganador de este cruce se medir\u00e1 en la final con el ganador de la llave que comenzar\u00e1n a dirimir esta noche los equipos brasile\u00f1os Corinthians y Fortaleza, este \u00faltimo dirigido por el DT argentino Juan Pablo Vojvoda.<\/p>\n<p><strong>Probables formaciones\u00a0<\/strong><\/p>\n<p><strong>LDU de Quito<\/strong>: Alexander Dom\u00ednguez; Daykol Romero, Ricardo Ade, Leonel Qui\u00f1\u00f3nez y Bryan Ram\u00edrez; Ezequiel Piovi, Renato Ibarra, \u00d3scar Zambrano; Lisandro Alzugaray, Jos\u00e9 Angulo y Paolo Guerrero. DT: Luis Zubeld\u00eda.<\/p>\n<p><strong>Defensa y Justicia<\/strong>: Enrique Bologna; Agust\u00edn Sant\u2019Anna, Juli\u00e1n Malatini, Santiago Ramos Mingo y Alexis Soto; Nicol\u00e1s Tripichio, Juli\u00e1n L\u00f3pez; Santiago Solari, David Barbona, Gast\u00f3n Togni; Nicol\u00e1s Fern\u00e1ndez. DT: Julio Vaccari.<\/p>\n<p>\u00c1rbitro: Raphael Claus (Brasil).<\/p>\n<p>Estadio: Rodrigo Paz Delgado (Quito).<\/p>\n<p>Hora de inicio: 19.<\/p>\n<p>TV: ESPN.<\/p><\/div>\n<\/div>\n<\/div>\n<\/div>\n<\/div>\n<\/div>\n<\/div>\n<div><\/div>\n<div><\/div>\n<div><\/div>\n<div><\/div>\n<div><\/div>\n<div>T\u00e9lam.<\/div>\n","protected":false},"excerpt":{"rendered":"<p>El partido entre el conjunto el \u00abRey\u00bb y el \u00abHalc\u00f3n\u00bb, se jugar\u00e1 este mi\u00e9rcoles desde las 19 (hora de Argentina) en el estadio Rodrigo Paz Delgado, ser\u00e1 arbitrado por el brasile\u00f1o Raphael Claus y televisado por ESPN.<\/p>\n","protected":false},"author":3,"featured_media":12359,"comment_status":"open","ping_status":"open","sticky":false,"template":"","format":"standard","meta":{"_jetpack_memberships_contains_paid_content":false,"footnotes":""},"categories":[8,15,17],"tags":[],"class_list":["post-12358","post","type-post","status-publish","format-standard","has-post-thumbnail","hentry","category-actualidad","category-deporte","category-nacional"],"jetpack_featured_media_url":"https:\/\/comunicartesanluis.com\/v1\/wp-content\/uploads\/2023\/09\/6512e28a1a2d7_1200.jpg","jetpack_sharing_enabled":true,"_links":{"self":[{"href":"https:\/\/comunicartesanluis.com\/index.php\/wp-json\/wp\/v2\/posts\/12358","targetHints":{"allow":["GET"]}}],"collection":[{"href":"https:\/\/comunicartesanluis.com\/index.php\/wp-json\/wp\/v2\/posts"}],"about":[{"href":"https:\/\/comunicartesanluis.com\/index.php\/wp-json\/wp\/v2\/types\/post"}],"author":[{"embeddable":true,"href":"https:\/\/comunicartesanluis.com\/index.php\/wp-json\/wp\/v2\/users\/3"}],"replies":[{"embeddable":true,"href":"https:\/\/comunicartesanluis.com\/index.php\/wp-json\/wp\/v2\/comments?post=12358"}],"version-history":[{"count":1,"href":"https:\/\/comunicartesanluis.com\/index.php\/wp-json\/wp\/v2\/posts\/12358\/revisions"}],"predecessor-version":[{"id":12360,"href":"https:\/\/comunicartesanluis.com\/index.php\/wp-json\/wp\/v2\/posts\/12358\/revisions\/12360"}],"wp:featuredmedia":[{"embeddable":true,"href":"https:\/\/comunicartesanluis.com\/index.php\/wp-json\/wp\/v2\/media\/12359"}],"wp:attachment":[{"href":"https:\/\/comunicartesanluis.com\/index.php\/wp-json\/wp\/v2\/media?parent=12358"}],"wp:term":[{"taxonomy":"category","embeddable":true,"href":"https:\/\/comunicartesanluis.com\/index.php\/wp-json\/wp\/v2\/categories?post=12358"},{"taxonomy":"post_tag","embeddable":true,"href":"https:\/\/comunicartesanluis.com\/index.php\/wp-json\/wp\/v2\/tags?post=12358"}],"curies":[{"name":"wp","href":"https:\/\/api.w.org\/{rel}","templated":true}]}}