{"id":12368,"date":"2023-09-27T10:13:50","date_gmt":"2023-09-27T13:13:50","guid":{"rendered":"https:\/\/comunicartesanluis.com\/?p=12368"},"modified":"2023-09-27T10:13:50","modified_gmt":"2023-09-27T13:13:50","slug":"basquet-la-liga-argentina-comienza-con-atenas-de-cordoba-como-protagonista","status":"publish","type":"post","link":"https:\/\/comunicartesanluis.com\/index.php\/2023\/09\/27\/basquet-la-liga-argentina-comienza-con-atenas-de-cordoba-como-protagonista\/","title":{"rendered":"B\u00e1squet: La Liga Argentina comienza con Atenas de C\u00f3rdoba como protagonista"},"content":{"rendered":"<div class=\"wrapper-header\">\n<div class=\"container-xl\">\n<div class=\"row\">\n<div class=\"col-12\">\n<div class=\"head-content mb-4\">\n<div class=\"my-3\"><\/div>\n<\/div>\n<\/div>\n<\/div>\n<\/div>\n<\/div>\n<div class=\"wrapper-editable-content\">\n<div>\n<div class=\"wrapper-editable-content\">\n<div class=\"container-md\">\n<div class=\"row\">\n<div class=\"col-md-12 speak\">\n<div class=\"paragraph\">\n<figure class=\"mb-3\">El Departamento de Competencias de la Asociaci\u00f3n de Clubes (AdC) confirm\u00f3 la fecha para el comienzo de la fase regular de la temporada 2023\/24 de La Liga Argentina, segunda categor\u00eda del b\u00e1squetbol nacional, con un equipo hist\u00f3rico: Atenas de C\u00f3rdoba.<\/figure>\n<p>El \u201cGriego\u201d, el gigante cordob\u00e9s que descendi\u00f3 en la \u00faltima campa\u00f1a de la Liga Nacional de B\u00e1squet, debutar\u00e1 el 14 de octubre frente a un reci\u00e9n ascendido desde el Torneo Federal: Sportivo Suardi de Santa Fe, por la Conferencia Norte. Mientras que, por la Sur, Quilmes y Uni\u00f3n, jugar\u00e1n el cl\u00e1sico de Mar del Plata.<\/p>\n<p><strong>Dos Conferencias<\/strong><br \/>\nLa Norte tendr\u00e1 16 equipo, mientras que en la Sur contar\u00e1 con 17.<br \/>\nEl formato de competencia ser\u00e1 de todos contra todos y cada equipo de la Norte disputar\u00e1 30 partidos y los elencos de la Sur jugar\u00e1n 32 encuentros.<\/p>\n<p><strong>Los nuevos equipos<\/strong><br \/>\nAtenas de C\u00f3rdoba llega desde La Liga Nacional, en reemplazo de Z\u00e1rate Basket, el \u00faltimo campe\u00f3n. Provincial de Rosario y Union de Mar del Plata se adjudicaron los ascensos desde La Liga Federal y se suman en lugar de Parque Sur de Concepci\u00f3n del Uruguay y Tucum\u00e1n Basquet, los dos descendidos. Adem\u00e1s, se incorporan Amancay de La Rioja, Sportivo Suardi y Racing Club de Avellaneda.<\/p>\n<p><strong>Calendario<\/strong><br \/>\nEst\u00e1 pautado se dispute una primera vuelta de nueve semanas hasta el 15 de diciembre donde se espera que cada equipo juegue la mitad de sus partidos de fase regular. El receso de verano ser\u00e1 del 23 de diciembre al 5 de enero, retomando el 6 de enero con otras nueve semanas donde los equipos disputar\u00e1n la segunda mitad de sus juegos de fase regular.<\/p>\n<div class=\"jumbotron pt-4 mt-3\">\n<h3 class=\"module-title\">FIXTURE CONFERENCIA NORTE<\/h3>\n<p>S\u00e1bado 14\/10<br \/>\nAtenas de C\u00f3rdoba vs Sportivo Suardi<\/p>\n<p>Domingo 15\/10<br \/>\nGEPU de San Luis vs J\u00e1chal BC<br \/>\nIndependiente BBC vs Villa San Mart\u00edn<br \/>\nRivadavia B\u00e1squet vs Amancay de La Rioja<\/p>\n<p>Lunes 16\/10<br \/>\nAtenas de C\u00f3rdoba vs San Isidro<br \/>\nBarrio Parque vs Sportivo Suardi<\/p>\n<p>Martes 17\/10<br \/>\nGEPU de San Luis vs Amancay de La Rioja<br \/>\nMontmartre vs Villa San Mart\u00edn<br \/>\nRivadavia B\u00e1squet vs J\u00e1chal BC<\/p>\n<p>Mi\u00e9rcoles 18\/10<br \/>\nAtenas de C\u00f3rdoba vs Deportivo Norte<br \/>\nBarrio Parque vs San Isidro<br \/>\nIndependiente BBC vs Sarmiento de Resistencia<\/p>\n<p>Viernes 20\/10<br \/>\nBarrio Parque vs Deportivo Norte<br \/>\nMontmartre vs Sarmiento<\/p>\n<p>S\u00e1bado 21\/10<br \/>\nEchag\u00fce de Paran\u00e1 vs Col\u00f3n de Santa Fe<\/p>\n<p>Lunes 23\/10<br \/>\nRivadavia B\u00e1squet vs Salta Basket<br \/>\nSan Isidro vs Independiente BBC<\/p>\n<p>Martes 24\/10<br \/>\nVilla San Mart\u00edn vs Barrio Parque<\/p>\n<p>Mi\u00e9rcoles 25\/10<br \/>\nAmancay vs Echag\u00fce de Paran\u00e1<br \/>\nDeportivo Norte vs Montmartre<br \/>\nGEPU de San Luis vs Salta Basket<br \/>\nSarmiento de Resistencia vs Barrio Parque<br \/>\nSportivo Suardi vs Independiente BBC<\/p>\n<p>Jueves 26\/10<br \/>\nVilla San Mart\u00edn vs Atenas de C\u00f3rdoba<\/p>\n<p>Viernes 27\/10<br \/>\nAmancay vs Col\u00f3n de Santa Fe<br \/>\nDeportivo Norte vs Independiente BBC<br \/>\nJ\u00e1chal BC vs Echag\u00fce de Paran\u00e1<br \/>\nSan Isidro vs Montmartre<\/p>\n<p>S\u00e1bado 28\/10<br \/>\nSarmiento de Resistencia vs Atenas de C\u00f3rdoba<\/p>\n<p>Domingo 29\/10<br \/>\nJ\u00e1chal Bc vs Col\u00f3n de Santa Fe<br \/>\nSportivo Suardi vs Montmartre<\/p>\n<p>Martes 31\/10<br \/>\nEchag\u00fce de Paran\u00e1 vs Villa San Mart\u00edn<\/p>\n<p>Mi\u00e9rcoles 01\/11<br \/>\nAtenas de C\u00f3rdoba vs Amancay de La Rioja<\/p>\n<p>Jueves 02\/11<br \/>\nCol\u00f3n de Santa Fe vs Villa San Mart\u00edn<\/p>\n<p>Viernes 03\/11<br \/>\nAtenas de C\u00f3rdoba vs J\u00e1chal BC<br \/>\nBarrio Parque vs Amancay<br \/>\nMontmartre vs Rivadavia B\u00e1squet<\/p>\n<p>Domingo 05\/11<br \/>\nBarrio Parque vs J\u00e1chal BC<br \/>\nIndependiente BBC vs Rivadavia B\u00e1squet<\/p>\n<p>Martes 07\/11<br \/>\nAtenas de C\u00f3rdoba vs Salta Basket<br \/>\nIndependiente BBC vs GEPU de San Luis<\/p>\n<p>Jueves 09\/11<br \/>\nBarrio Parque vs Salta Basket<br \/>\nMontmartre vs GEPU de San Luis<\/p>\n<p>S\u00e1bado 11\/11<br \/>\nAmancay vs J\u00e1chal BC<\/p>\n<p>Domingo 12\/11<br \/>\nEchag\u00fce de Paran\u00e1 vs Sarmiento de Resistencia<\/p>\n<p>Lunes 13\/11<br \/>\nJ\u00e1chal BC vs Independiente BBC<\/p>\n<p>Martes 14\/11<br \/>\nCol\u00f3n de Santa Fe vs Sarmiento de Resistencia<\/p>\n<p>Mi\u00e9rcoles 15\/11<br \/>\nAmancay vs Independiente BBC<\/p>\n<p>Viernes 17\/11<br \/>\nSalta Basket vs Independiente BBC<\/p>\n<p>Lunes 20\/11<br \/>\nGEPU vs Rivadavia B\u00e1squet<\/p>\n<\/div>\n<div class=\"jumbotron pt-4 mt-3\">\n<h3 class=\"module-title\">FIXTURE CONFERENCIA SUR<\/h3>\n<p>Lunes 16\/10<br \/>\nQuilmes de Mar del Plata vs Uni\u00f3n de Mar del Plata<\/p>\n<p>Martes 17\/10<br \/>\nDeportivo Viedma vs Pico FC<br \/>\nTom\u00e1s de Rocamora vs Pergamino B\u00e1squet<\/p>\n<p>Jueves 19\/10<br \/>\nLa Uni\u00f3n de Col\u00f3n vs Pergamino B\u00e1squet<br \/>\nVilla Mitre vs Pico FC<\/p>\n<p>Viernes 20\/10<br \/>\nAtl\u00e9tico Pilar vs Lan\u00fas<\/p>\n<p>S\u00e1bado 21\/10<br \/>\nProvincial de Rosario vs Pergamino B\u00e1squet<\/p>\n<p>Lunes 23\/10<br \/>\nDeportivo Viedma vs Ameghino de Villa Mar\u00eda<br \/>\nLa Uni\u00f3n de Col\u00f3n vs Ciclista Juninense<br \/>\nAtl\u00e9tico Pilar vs Hispano Americano<br \/>\nProvincial de Rosario vs Racing de Chivilcoy<\/p>\n<p>Martes 24\/10<br \/>\nQuilmes de Mar del Plata vs Gimnasia de La Plata<\/p>\n<p>Mi\u00e9rcoles 25\/10<br \/>\nLan\u00fas vs Hispano Americano<br \/>\nProvincial de Rosario vs Ciclista Juninense<br \/>\nTom\u00e1s de Rocamora vs Racing de Chivilcoy<br \/>\nUni\u00f3n de Mar del Plata vs Gimnasia de La Plata<br \/>\nVilla Mitre vs Ameghino de Villa Mar\u00eda<\/p>\n<p>Viernes 27\/10<br \/>\nLa Uni\u00f3n de Col\u00f3n vs Racing de Chivilcoy<br \/>\nRacing de Avellaneda vs Hispano Americano<br \/>\nTom\u00e1s de Rocamora vs Ciclista Juninense<\/p>\n<p>Domingo 29\/10<br \/>\nGimnasia de La Plata vs Hispano Americano<br \/>\nPergamino B\u00e1squet vs Quilmes de Mar del Plata<br \/>\nPico FC vs Provincial de Rosario<\/p>\n<p>Lunes 30\/10<br \/>\nRacing de Avellaneda vs Lan\u00fas<\/p>\n<p>Martes 31\/10<br \/>\nAmeghino de Villa Mar\u00eda vs Provincial de Rosario<br \/>\nPergamino B\u00e1squet vs Uni\u00f3n de Mar del Plata<br \/>\nPico FC vs Tom\u00e1s de Rocamora<br \/>\nRacing de Chivilcoy vs Quilmes de Mar del Plata<\/p>\n<p>Jueves 02\/11<br \/>\nAmeghino de Villa Mar\u00eda vs Tom\u00e1s de Rocamora<br \/>\nCiclista Juninense vs Quilmes de Mar del Plata<br \/>\nGimnasia de La Plata vs Pergamino B\u00e1squet<br \/>\nPico FC vs La Uni\u00f3n de Col\u00f3n<br \/>\nRacing de Chivilcoy vs Uni\u00f3n de Mar del Plata<\/p>\n<p>S\u00e1bado 04\/11<br \/>\nAmeghino de Villa Mar\u00eda vs La Uni\u00f3n de Col\u00f3n<br \/>\nCiclista Juninense vs Uni\u00f3n de Mar del Plata<br \/>\nHispano Americano vs Pergamino B\u00e1squet<br \/>\nProvincial de Rosario vs Deportivo Viedma<br \/>\nRacing de Avellaneda vs Atl\u00e9tico Pilar<\/p>\n<p>Lunes 06\/11<br \/>\nGimnasia de La Plata vs Racing de Chivilcoy<br \/>\nLan\u00fas vs Pico FC<br \/>\nProvincial de Rosario vs Villa Mitre<br \/>\nTom\u00e1s de Rocamora vs Deportivo Viedma<\/p>\n<p>Mi\u00e9rcoles 08\/11<br \/>\nHispano Americano vs Racing de Chivilcoy<br \/>\nLa Uni\u00f3n de Col\u00f3n vs Deportivo Viedma<br \/>\nLan\u00fas vs Ameghino de Villa Mar\u00eda<br \/>\nRacing de Avellaneda vs Pico FC<br \/>\nTom\u00e1s de Rocamora vs Villa Mitre<\/p>\n<p>Viernes 10\/11<br \/>\nLa Uni\u00f3n de Col\u00f3n vs Villa Mitre<br \/>\nAtl\u00e9tico Pilar vs Pico FC<br \/>\nRacing de Avellaneda vs Ameghino de Villa Mar\u00eda<\/p>\n<p>Domingo 12\/11<br \/>\nGimnasia de La Plata vs Provincial de Rosario<br \/>\nAtl\u00e9tico Pilar vs Ameghino de Villa Mar\u00eda<\/p>\n<p>Martes 14\/11<br \/>\nGimnasia de La Plata vs La Uni\u00f3n de Col\u00f3n<br \/>\nHispano Americano vs Provincial de Rosario<br \/>\nPico FC vs Uni\u00f3n de Mar del Plata<br \/>\nVilla Mitre vs Racing de Avellaneda<\/p>\n<p>Jueves 16\/11<br \/>\nAmeghino de Villa Mar\u00eda vs Uni\u00f3n de Mar del Plata<br \/>\nDeportivo Viedma vs Racing de Avellaneda<br \/>\nHispano Americano vs La Uni\u00f3n de Col\u00f3n<br \/>\nPico FC vs Quilmes de Mar del Plata<br \/>\nVilla Mitre vs Atl\u00e9tico Pilar<\/p>\n<p>S\u00e1bado 18\/11<br \/>\nAmeghino de Villa Mar\u00eda vs Quilmes de Mar del Plata<br \/>\nDeportivo Viedma vs Atl\u00e9tico Pilar<br \/>\nGimnasia de La Plata vs Ciclista Juninense<br \/>\nVilla Mitre vs Lan\u00fas<\/p>\n<p>Lunes 20\/11<br \/>\nDeportivo Viedma vs Lan\u00fas<br \/>\nGimnasia de La Plata vs Tom\u00e1s de Rocamora<br \/>\nHispano Americano vs Ciclista Juninense<\/p>\n<p>Mi\u00e9rcoles 22\/11<br \/>\nHispano Americano vs Tom\u00e1s de Rocamora.<\/p>\n<\/div>\n<\/div>\n<\/div>\n<\/div>\n<\/div>\n<\/div>\n<\/div>\n<\/div>\n<p>&nbsp;<\/p>\n<p>&nbsp;<\/p>\n<p>&nbsp;<\/p>\n<p>&nbsp;<\/p>\n<p>&nbsp;<\/p>\n<p>&nbsp;<\/p>\n<p>&nbsp;<\/p>\n<p>&nbsp;<\/p>\n<p>T\u00e9lam.<\/p>\n","protected":false},"excerpt":{"rendered":"<p>La segunda categor\u00eda del b\u00e1squet nacional tendr\u00e1 su fecha de comienzo de la fase regular 2023\/24. Ser\u00e1n 33 equipos que disputar\u00e1n dos Conferencias.<\/p>\n","protected":false},"author":3,"featured_media":12369,"comment_status":"open","ping_status":"open","sticky":false,"template":"","format":"standard","meta":{"_jetpack_memberships_contains_paid_content":false,"footnotes":""},"categories":[8,15,17],"tags":[],"class_list":["post-12368","post","type-post","status-publish","format-standard","has-post-thumbnail","hentry","category-actualidad","category-deporte","category-nacional"],"jetpack_featured_media_url":"https:\/\/comunicartesanluis.com\/v1\/wp-content\/uploads\/2023\/09\/651341d1487df_1200.jpg","jetpack_sharing_enabled":true,"_links":{"self":[{"href":"https:\/\/comunicartesanluis.com\/index.php\/wp-json\/wp\/v2\/posts\/12368","targetHints":{"allow":["GET"]}}],"collection":[{"href":"https:\/\/comunicartesanluis.com\/index.php\/wp-json\/wp\/v2\/posts"}],"about":[{"href":"https:\/\/comunicartesanluis.com\/index.php\/wp-json\/wp\/v2\/types\/post"}],"author":[{"embeddable":true,"href":"https:\/\/comunicartesanluis.com\/index.php\/wp-json\/wp\/v2\/users\/3"}],"replies":[{"embeddable":true,"href":"https:\/\/comunicartesanluis.com\/index.php\/wp-json\/wp\/v2\/comments?post=12368"}],"version-history":[{"count":1,"href":"https:\/\/comunicartesanluis.com\/index.php\/wp-json\/wp\/v2\/posts\/12368\/revisions"}],"predecessor-version":[{"id":12370,"href":"https:\/\/comunicartesanluis.com\/index.php\/wp-json\/wp\/v2\/posts\/12368\/revisions\/12370"}],"wp:featuredmedia":[{"embeddable":true,"href":"https:\/\/comunicartesanluis.com\/index.php\/wp-json\/wp\/v2\/media\/12369"}],"wp:attachment":[{"href":"https:\/\/comunicartesanluis.com\/index.php\/wp-json\/wp\/v2\/media?parent=12368"}],"wp:term":[{"taxonomy":"category","embeddable":true,"href":"https:\/\/comunicartesanluis.com\/index.php\/wp-json\/wp\/v2\/categories?post=12368"},{"taxonomy":"post_tag","embeddable":true,"href":"https:\/\/comunicartesanluis.com\/index.php\/wp-json\/wp\/v2\/tags?post=12368"}],"curies":[{"name":"wp","href":"https:\/\/api.w.org\/{rel}","templated":true}]}}