{"id":12393,"date":"2023-09-28T09:26:43","date_gmt":"2023-09-28T12:26:43","guid":{"rendered":"https:\/\/comunicartesanluis.com\/?p=12393"},"modified":"2023-09-28T09:26:43","modified_gmt":"2023-09-28T12:26:43","slug":"olimpico-de-la-banda-ante-su-gente-grito-campeon-antes-de-la-liga-nacional","status":"publish","type":"post","link":"https:\/\/comunicartesanluis.com\/index.php\/2023\/09\/28\/olimpico-de-la-banda-ante-su-gente-grito-campeon-antes-de-la-liga-nacional\/","title":{"rendered":"Ol\u00edmpico de La Banda, ante su gente, grit\u00f3 campe\u00f3n antes de la Liga Nacional"},"content":{"rendered":"<div class=\"wrapper-header\">\n<div class=\"container-xl\">\n<div class=\"row\">\n<div class=\"col-12\">\n<div class=\"head-content mb-4\">\n<div class=\"my-3\"><\/div>\n<\/div>\n<\/div>\n<\/div>\n<\/div>\n<\/div>\n<div class=\"wrapper-editable-content\">\n<div>\n<div class=\"wrapper-editable-content\">\n<div class=\"container-md\">\n<div class=\"row\">\n<div class=\"col-md-12 speak\">\n<div class=\"paragraph\">Ol\u00edmpico de La Banda se adjudic\u00f3 este martes el t\u00edtulo del certamen Interligas de b\u00e1squetbol, al derrotar en la final al Cax\u00edas do Sul de Brasil, por 83 a 77, en partido jugado en un colmado estadio Vicente Rosales del equipo santiague\u00f1o.<\/p>\n<p>El conjunto dirigido por el t\u00e9cnico Leonardo Guti\u00e9rrez logr\u00f3, de esta manera, su primer campeonato internacional en la historia.<\/p>\n<p>El ala pivote puertorrique\u00f1o Devon Collier, con 20 tantos (7-11 en dobles, 1-1 en triples, 3-3 en libres), 8 rebotes y 3 asistencias en 30 minutos, result\u00f3 la principal v\u00eda de gol del quinteto local.<\/p>\n<figure class=\"mb-3\"><img decoding=\"async\" class=\" lazy \" src=\"https:\/\/www.telam.com.ar\/thumbs\/bluesteel\/advf\/imagenes\/2023\/09\/651482ae6ee02_1200.jpg\" alt=\"Foto Matas Garca LNB\" width=\"100%\" height=\"100%\" \/><\/p>\n<div class=\"media-icons\"><\/div><figcaption>Foto Mat\u00edas Garc\u00eda \/ LNB<\/figcaption><\/figure>\n<p>Tambi\u00e9n hubo una destacada labor del perimetral Juan Pablo Arango, quien firm\u00f3 una planilla de 17 unidades, 5 rebotes y 2 pases gol en 25m.<\/p>\n<p>En el quinteto brasile\u00f1o, en tanto, Wesley Da Silva colabor\u00f3 con 21 puntos (4-6 en dobles, 3-8 en triples, 4-6 en libres), 4 asistencias y 3 rebotes en 31m. Mientras que Wesley Sena consigui\u00f3 un balance de 18 tantos y 8 rebotes.<\/p>\n<p>De esta manera, Ol\u00edmpico se consagr\u00f3 campe\u00f3n invicto del torneo que aglutin\u00f3 a representantes argentinos y brasile\u00f1os.<\/p>\n<p>En la etapa clasificatoria, en San Pablo, el equipo santiague\u00f1o hab\u00eda vencido sucesivamente a los locales Corinthians (91-83) y Pinheiros (107-87), adem\u00e1s de Platense (77-68).<\/p><\/div>\n<\/div>\n<\/div>\n<\/div>\n<\/div>\n<\/div>\n<\/div>\n<div class=\"social mt-3\"><\/div>\n<div><\/div>\n<div><\/div>\n<div><\/div>\n<div><\/div>\n<div><\/div>\n<div><\/div>\n<div><\/div>\n<div><\/div>\n<div><\/div>\n<div><\/div>\n<div>T\u00e9lam.<\/div>\n","protected":false},"excerpt":{"rendered":"<p>Ol\u00edmpico de La Banda, ante su gente, grit\u00f3 campe\u00f3n antes de la Liga Nacional<\/p>\n","protected":false},"author":3,"featured_media":12394,"comment_status":"open","ping_status":"open","sticky":false,"template":"","format":"standard","meta":{"_jetpack_memberships_contains_paid_content":false,"footnotes":""},"categories":[8,15,17],"tags":[],"class_list":["post-12393","post","type-post","status-publish","format-standard","has-post-thumbnail","hentry","category-actualidad","category-deporte","category-nacional"],"jetpack_featured_media_url":"https:\/\/comunicartesanluis.com\/v1\/wp-content\/uploads\/2023\/09\/651482ae841bc_1200.jpg","jetpack_sharing_enabled":true,"_links":{"self":[{"href":"https:\/\/comunicartesanluis.com\/index.php\/wp-json\/wp\/v2\/posts\/12393","targetHints":{"allow":["GET"]}}],"collection":[{"href":"https:\/\/comunicartesanluis.com\/index.php\/wp-json\/wp\/v2\/posts"}],"about":[{"href":"https:\/\/comunicartesanluis.com\/index.php\/wp-json\/wp\/v2\/types\/post"}],"author":[{"embeddable":true,"href":"https:\/\/comunicartesanluis.com\/index.php\/wp-json\/wp\/v2\/users\/3"}],"replies":[{"embeddable":true,"href":"https:\/\/comunicartesanluis.com\/index.php\/wp-json\/wp\/v2\/comments?post=12393"}],"version-history":[{"count":1,"href":"https:\/\/comunicartesanluis.com\/index.php\/wp-json\/wp\/v2\/posts\/12393\/revisions"}],"predecessor-version":[{"id":12395,"href":"https:\/\/comunicartesanluis.com\/index.php\/wp-json\/wp\/v2\/posts\/12393\/revisions\/12395"}],"wp:featuredmedia":[{"embeddable":true,"href":"https:\/\/comunicartesanluis.com\/index.php\/wp-json\/wp\/v2\/media\/12394"}],"wp:attachment":[{"href":"https:\/\/comunicartesanluis.com\/index.php\/wp-json\/wp\/v2\/media?parent=12393"}],"wp:term":[{"taxonomy":"category","embeddable":true,"href":"https:\/\/comunicartesanluis.com\/index.php\/wp-json\/wp\/v2\/categories?post=12393"},{"taxonomy":"post_tag","embeddable":true,"href":"https:\/\/comunicartesanluis.com\/index.php\/wp-json\/wp\/v2\/tags?post=12393"}],"curies":[{"name":"wp","href":"https:\/\/api.w.org\/{rel}","templated":true}]}}