{"id":12467,"date":"2023-09-29T18:39:20","date_gmt":"2023-09-29T21:39:20","guid":{"rendered":"https:\/\/comunicartesanluis.com\/?p=12467"},"modified":"2023-09-29T18:39:20","modified_gmt":"2023-09-29T21:39:20","slug":"se-viene-un-superclasico-con-previa-expres-y-costo-diferido","status":"publish","type":"post","link":"https:\/\/comunicartesanluis.com\/index.php\/2023\/09\/29\/se-viene-un-superclasico-con-previa-expres-y-costo-diferido\/","title":{"rendered":"Se viene un Supercl\u00e1sico con previa expr\u00e9s y costo diferido"},"content":{"rendered":"<div class=\"wrapper-header\">\n<div class=\"container-xl\">\n<div class=\"row\">\n<div class=\"col-12\">\n<div class=\"head-content mb-4\">\n<div class=\"my-3\"><\/div>\n<\/div>\n<\/div>\n<\/div>\n<\/div>\n<\/div>\n<div class=\"wrapper-editable-content\">\n<div>\n<div class=\"wrapper-editable-content\">\n<div class=\"container-md\">\n<div class=\"row\">\n<div class=\"col-md-12 speak\">\n<div class=\"paragraph\">De manera excepcional, por capricho del calendario,\u00a0<strong>el Supercl\u00e1sico de este domingo en La Bombonera comenz\u00f3 a palpitarse a pocas horas de su pitazo inicial<\/strong>\u00a0y, desprovisto de un car\u00e1cter decisivo, sus efectos colaterales se proyectan a plazo diferido en la diferente realidad que atraviesan los dos gigantes del f\u00fatbol argentino.<\/p>\n<p>El clima del partido m\u00e1s convocante del f\u00fatbol argentino qued\u00f3 instalado reci\u00e9n este viernes,\u00a0<a href=\"https:\/\/www.telam.com.ar\/notas\/202309\/641741-boca-palmeiras-empate-bombonera-futbol-copa-libertadores-marcos-rojo.html\" target=\"_blank\" rel=\"noopener\">despu\u00e9s de la primera semifinal de Copa Libertadores que el \u00abXeneize\u00bb empat\u00f3 sin goles con Palmeiras de Brasil<\/a>\u00a0en el mismo escenario m\u00edtico de Brandsen 805 del barrio porte\u00f1o de La Boca.<\/p>\n<p><strong>La agenda internacional de Boca puso en segundo plano un Supercl\u00e1sico que se presume con mayor costo que ganancia<\/strong>, dado que una eventual derrota significar\u00e1 la considerable reducci\u00f3n del cr\u00e9dito para el entrenador en cuesti\u00f3n.<\/p>\n<p>La suerte de\u00a0<strong>Jorge Almir\u00f3n<\/strong>, en cualquier caso, estar\u00e1 m\u00e1s vinculada al descenlace de la revancha en San Pablo, el jueves pr\u00f3ximo; mientras que la situaci\u00f3n de Mart\u00edn Demichelis se presume m\u00e1s condicionada por el partido del domingo, despu\u00e9s del desgaste originado por su interna con los referentes del plantel \u00abmillonario\u00bb tras la conquista del t\u00edtulo de la Liga Profesional pasada.<\/p>\n<p>Sin competencia continental hasta el pr\u00f3ximo a\u00f1o,\u00a0<strong>River afronta el Supercl\u00e1sico como una plataforma de relanzamiento<\/strong>, que puede afianzarlo en zona de clasificaci\u00f3n para los cuartos de final de la Copa LPF y proyectarlo en la pelea por el t\u00edtulo.<\/p>\n<p>Eso mismo ocurri\u00f3 en el primer semestre cuando su equipo le gan\u00f3 a Boca en el Monumental, con un penal de Miguel Borja sobre la hora, y se encamin\u00f3 luego hacia una brillante conquista que hoy, producto de la pol\u00e9mica y la baja de rendimiento de sus individualidades, parece algo lejana.<\/p>\n<p><strong>Demichelis, quien visitar\u00e1 por primera vez La Bombonera en su rol de entrenador<\/strong>, puso su cabeza en el partido desde la previa del \u00faltimo encuentro con Banfield, para el que reserv\u00f3 algunos nombres de peso como Enzo P\u00e9rez o el uruguayo Nicol\u00e1s De la Cruz.<\/p>\n<p>De todos modos, frente al rendimiento oscilante de su equipo en la actual competici\u00f3n, mantiene dudas en todas las l\u00edneas para definir la formaci\u00f3n inicial. En sus posibilidades de elecci\u00f3n, el DT contar\u00e1 con cuatro jugadores (Franco Armani, Milton Casco, Enzo P\u00e9rez y Gonzalo Mart\u00ednez) presentes en la \u00faltima victoria ante Boca de visitante, un 2-0 logrado el 23 de septiembre de 2018 en la era de Marcelo Gallardo.<\/p>\n<p><a href=\"https:\/\/www.telam.com.ar\/notas\/202309\/641552-pity-martinez-bombonera-idolatria-river.html\" target=\"_blank\" rel=\"noopener\">El\u00a0<strong>\u00abPity\u00bb Mart\u00ednez<\/strong>\u00a0volver\u00e1 a disputar un Supercl\u00e1sico luego de haber transformado en un s\u00edmbolo ganador en duelos con el m\u00e1ximo rival<\/a>, especialmente por el gol que remat\u00f3 la final de la Copa Libertadores 2018 en el estadio Santiago Bernab\u00e9u.<\/p>\n<p>En Boca, el panorama tambi\u00e9n es de incertidumbre en cuanto a la formaci\u00f3n pero por la cercan\u00eda del primer partido con Palmeiras, que dejo un tocado: el capit\u00e1n Marcos Rojo. Al exdefensor central del seleccionado argentino se le descart\u00f3 una lesi\u00f3n muscular, pero igualmente ser\u00e1 reservado para la revancha en el Allianz Parque paulista.<\/p>\n<p>La formaci\u00f3n \u00abxeneize\u00bb, en su gran mayor\u00eda, se ordenar\u00e1 con futbolistas que no jugaron anoche o sumaron pocos minutos. Lucas Blondel, Marcelo Weigandt, Bruno Valdez, Nahuel Valentini, Marcelo Saracchi, Jorman Campuzano, Ezequiel Fern\u00e1ndez, Exequiel Zeballos, Dar\u00edo Benedetto y Lucas Janson tiene grandes posibilidades de iniciar.<\/p>\n<p>Entre los que podr\u00edan repetir se encuentra el arquero Sergio \u00abChiquito\u00bb Romero y el mediocampista Cristian Medina.<\/p>\n<p>\u201cEl partido que me toc\u00f3 jugar en cancha de River todos sabemos que fue un robo. Por eso el domingo hay que ganar, porque all\u00e1 nos robaron\u201d, dispar\u00f3 Almir\u00f3n anoche en la rueda de prensa posterior al empate con Palmeiras, en referencia al penal sancionado a favor de rival cerca del final del partido.<\/p>\n<p>Boca y River se enfrentar\u00e1n este domingo en el at\u00edpico horario de las 14:00, con arbitraje de Andr\u00e9s Merlos y transmisi\u00f3n de ESPN Premium y TNT Sports.<\/p>\n<p>El \u00abXeneize\u00bb lleva una ventaja de seis partidos (91-84-85) en el historial oficial de todas las competencias, nacionales e internacionales. Este domingo jugar\u00e1n la edici\u00f3n n\u00famero 261.<\/p>\n<div class=\"jumbotron pt-4 mt-3\">\n<h3 class=\"module-title\">RIVER, ENTRE POSIBLES DEBUTANTES Y GOLEADORES HIST\u00d3RICOS<\/h3>\n<p>River Plate cuenta para el pr\u00f3ximo supercl\u00e1sico tanto con posibles debutantes en este tipo de partidos y varios jugadores que ya le anotaron goles hist\u00f3ricos a Boca en los \u00faltimos a\u00f1os.<\/p>\n<p>Entre los que tienen la posibilidad de su primer \u00abderby\u00bb est\u00e1n el venezolano\u00a0<strong>Salom\u00f3n Rond\u00f3n<\/strong>\u00a0que en el enfrentamiento de este semestre no sali\u00f3 del banco de suplentes, los reci\u00e9n llegados\u00a0<strong>Sebasti\u00e1n Boselli<\/strong>\u00a0y\u00a0<strong>Facundo Colidio<\/strong>, formado en Boca, y el juvenil\u00a0<strong>Claudio Echeverri<\/strong>\u00a0aunque no tiene tantas posibilidades de concentrarse.<\/p>\n<p>En cuanto a los que se anotaron en la lista de goleadores en cl\u00e1sicos en el top est\u00e1 el\u00a0<strong>Gonzalo \u00abPity\u00bb Mart\u00ednez<\/strong>\u00a0que grit\u00f3 cuatro veces y dos de esas ocasiones fueron en finales hist\u00f3ricas como las de Madrid en 2018 y la de la Supercopa Argentina en Mendoza en el mismo a\u00f1o.<\/p>\n<p>Los otros dos tantos que convirti\u00f3 el Pity, que fueron en la Bombonera, datan de los \u00faltimos dos triunfos del Millo en ese estadio en el torneo del 2017 en un 3-1 y el del 2018 que termin\u00f3 2-0, ambos equipos de Gallardo.<\/p>\n<p><strong>Manuel Lanzini<\/strong>\u00a0tienen un par de goles a Boca y uno de los m\u00e1s recordados es el el m\u00e1s r\u00e1pido de la historia, a los 43 segundos en la Bombonera el 5 de mayo del 2013, de cabeza tras un centro del uruguayo Carlos S\u00e1nchez y el segundo lo hizo en 2014 en un triunfo en la misma cancha que signific\u00f3 casi el t\u00edtulo de aquel equipo de Ram\u00f3n D\u00edaz.<\/p>\n<p>En ese mismo partido anot\u00f3 tambi\u00e9n, tras c\u00f3rner de Lanzini,<strong>\u00a0Ramiro Funes Mori<\/strong>\u00a0de cabeza para el 2-1 que le dio la victoria a River y que qued\u00f3 en la historia como el \u00abRamirazo\u00bb ya que hac\u00eda mucho tiempo que el Millo no ganaba en la Bombonera.<\/p>\n<p>Otros dos jugadores que le convirtieron a Boca fueron\u00a0<strong>Miguel Borja<\/strong>\u00a0en el pol\u00e9mico penal del 7 de mayo pasado sobre la hora en el M\u00e1s Monumental por el que el \u00e1rbitro Dar\u00edo Herrera fue parado 15 d\u00edas, y Agust\u00edn Palavecino de cabeza en la Boca en el 1-1 de marzo del 2021 en el que fue su primera vez como titular en el equipo de Marcelo Gallardo.<\/p>\n<p>Tambi\u00e9n est\u00e1 en la lista el \u00abzurdo\u00bb\u00a0<strong>Ignacio Fern\u00e1ndez<\/strong>\u00a0que le hizo un gol en la ida de las semifinales de Copa Libertadores en el 2-0 que se jug\u00f3 en N\u00fa\u00f1ez el 1 de octubre del 2019, en la que fue la quinta eliminaci\u00f3n directa de River a Boca.<\/p>\n<p>Finalmente, un caso curioso es el de\u00a0<strong>Milton Casco<\/strong>\u00a0que hizo un gol en la Bombonera pero en aquel equipo de Newell\u2019s del Tata Martino un 13 de agosto de 2013 que abri\u00f3 el marcador con ese tanto en un partido que termin\u00f3 3-2 a favor de los rosarinos.<\/p>\n<\/div>\n<\/div>\n<\/div>\n<\/div>\n<\/div>\n<\/div>\n<\/div>\n<\/div>\n<p>&nbsp;<\/p>\n<p>&nbsp;<\/p>\n<p>&nbsp;<\/p>\n<p>&nbsp;<\/p>\n<p>&nbsp;<\/p>\n<p>&nbsp;<\/p>\n<p>T\u00e9lam.<\/p>\n","protected":false},"excerpt":{"rendered":"<p>El clima del partido m\u00e1s convocante del f\u00fatbol argentino qued\u00f3 instalado reci\u00e9n este viernes, despu\u00e9s de la primera semifinal de Copa Libertadores que el \u00abXeneize\u00bb empat\u00f3 sin goles con Palmeiras de Brasil en el mismo escenario, la m\u00edtica Bombonera.<\/p>\n","protected":false},"author":3,"featured_media":12468,"comment_status":"open","ping_status":"open","sticky":false,"template":"","format":"standard","meta":{"_jetpack_memberships_contains_paid_content":false,"footnotes":""},"categories":[15,17],"tags":[],"class_list":["post-12467","post","type-post","status-publish","format-standard","has-post-thumbnail","hentry","category-deporte","category-nacional"],"jetpack_featured_media_url":"https:\/\/comunicartesanluis.com\/v1\/wp-content\/uploads\/2023\/09\/645818cc7747c_1200.jpg","jetpack_sharing_enabled":true,"_links":{"self":[{"href":"https:\/\/comunicartesanluis.com\/index.php\/wp-json\/wp\/v2\/posts\/12467","targetHints":{"allow":["GET"]}}],"collection":[{"href":"https:\/\/comunicartesanluis.com\/index.php\/wp-json\/wp\/v2\/posts"}],"about":[{"href":"https:\/\/comunicartesanluis.com\/index.php\/wp-json\/wp\/v2\/types\/post"}],"author":[{"embeddable":true,"href":"https:\/\/comunicartesanluis.com\/index.php\/wp-json\/wp\/v2\/users\/3"}],"replies":[{"embeddable":true,"href":"https:\/\/comunicartesanluis.com\/index.php\/wp-json\/wp\/v2\/comments?post=12467"}],"version-history":[{"count":1,"href":"https:\/\/comunicartesanluis.com\/index.php\/wp-json\/wp\/v2\/posts\/12467\/revisions"}],"predecessor-version":[{"id":12469,"href":"https:\/\/comunicartesanluis.com\/index.php\/wp-json\/wp\/v2\/posts\/12467\/revisions\/12469"}],"wp:featuredmedia":[{"embeddable":true,"href":"https:\/\/comunicartesanluis.com\/index.php\/wp-json\/wp\/v2\/media\/12468"}],"wp:attachment":[{"href":"https:\/\/comunicartesanluis.com\/index.php\/wp-json\/wp\/v2\/media?parent=12467"}],"wp:term":[{"taxonomy":"category","embeddable":true,"href":"https:\/\/comunicartesanluis.com\/index.php\/wp-json\/wp\/v2\/categories?post=12467"},{"taxonomy":"post_tag","embeddable":true,"href":"https:\/\/comunicartesanluis.com\/index.php\/wp-json\/wp\/v2\/tags?post=12467"}],"curies":[{"name":"wp","href":"https:\/\/api.w.org\/{rel}","templated":true}]}}