{"id":17187,"date":"2024-08-23T10:56:54","date_gmt":"2024-08-23T13:56:54","guid":{"rendered":"https:\/\/comunicartesanluis.com\/?p=17187"},"modified":"2024-08-23T10:56:54","modified_gmt":"2024-08-23T13:56:54","slug":"cuatro-judocas-de-san-luis-representaran-a-argentina-en-el-sudamericano-de-judo-en-asuncion","status":"publish","type":"post","link":"https:\/\/comunicartesanluis.com\/index.php\/2024\/08\/23\/cuatro-judocas-de-san-luis-representaran-a-argentina-en-el-sudamericano-de-judo-en-asuncion\/","title":{"rendered":"Cuatro Judocas de San Luis Representar\u00e1n a Argentina en el Sudamericano de Judo en Asunci\u00f3n"},"content":{"rendered":"<p>Este evento, que re\u00fane a los mejores judocas del continente en las categor\u00edas Cadetes y Juniors, ser\u00e1 una gran oportunidad para que los atletas de nuestra provincia demuestren su potencial en un escenario de alto nivel.<\/p>\n<p>Promesas Puntanas en el Tatami Sudamericano<\/p>\n<p>La delegaci\u00f3n puntana estar\u00e1 compuesta por cuatro judocas que han brillado en los cert\u00e1menes nacionales, gan\u00e1ndose as\u00ed su lugar en el equipo argentino. En la categor\u00eda Junior, Aldo Torres Brandani competir\u00e1 en la divisional hasta 50 kg, llevando consigo la esperanza de un podio para San Luis. Torres Brandani, conocido por su agilidad y t\u00e9cnica, ha mostrado un crecimiento constante en su carrera, destac\u00e1ndose en torneos nacionales y obteniendo victorias claves que le han permitido ganarse un lugar en este campeonato continental.<\/p>\n<p>Por otro lado, en la categor\u00eda Cadetes, tres j\u00f3venes judocas representar\u00e1n a la provincia: Martina Ojeda, en la divisional hasta 63 kg, y Agust\u00edn Godoy junto a Angus Maldonado, ambos en la categor\u00eda hasta 100 kg. Martina Ojeda, que ha sido una revelaci\u00f3n en su categor\u00eda, viene de obtener importantes triunfos a nivel nacional y se espera que su desempe\u00f1o en Asunci\u00f3n sea igual de destacado. Agust\u00edn Godoy y Angus Maldonado, por su parte, han demostrado un gran dominio en los tatamis locales y nacionales, y se perfilan como serias promesas del judo argentino.<\/p>\n<p>Un Campeonato Clave para el Futuro del Judo Argentino<\/p>\n<p>El Campeonato Sudamericano de Judo es una de las citas m\u00e1s importantes del calendario internacional para las categor\u00edas Cadetes y Juniors. Este torneo no solo ofrece la oportunidad de competir contra los mejores judocas del continente, sino que tambi\u00e9n es una plataforma crucial para aquellos que buscan dejar su marca a nivel internacional y abrirse camino hacia competencias de mayor envergadura, como los Juegos Panamericanos o los Campeonatos Mundiales.<\/p>\n<p>La presencia de estos cuatro judocas de San Luis en el equipo nacional es un testimonio del crecimiento del judo en la provincia y de la calidad de formaci\u00f3n que reciben en sus clubes. Sus participaciones en torneos nacionales e internacionales no solo han fortalecido sus habilidades, sino que tambi\u00e9n han contribuido a elevar el perfil del judo puntano en el escenario argentino.<\/p>\n<p>La Ilusi\u00f3n de Todo San Luis<\/p>\n<p>Con la mirada puesta en Asunci\u00f3n, los cuatro judocas se preparan intensamente para representar a Argentina y, sobre todo, a San Luis. La expectativa en la provincia es alta, y la comunidad deportiva local sigue de cerca los pasos de estos j\u00f3venes que, con esfuerzo y dedicaci\u00f3n, han logrado llegar a lo m\u00e1s alto.<\/p>\n<p>Desde sus clubes y entrenadores, hasta sus familias y amigos, todos estar\u00e1n alentando a la distancia, con la esperanza de verlos regresar con medallas y la satisfacci\u00f3n de haber dejado todo en el tatami. El Sudamericano en Asunci\u00f3n no ser\u00e1 solo una competencia m\u00e1s; ser\u00e1 el escenario donde estos j\u00f3venes puntanos buscar\u00e1n consolidarse como las futuras estrellas del judo argentino.<\/p>\n<p>\u00a1Vamos, San Luis!<\/p>\n","protected":false},"excerpt":{"rendered":"<p>El judo puntano sigue dando que hablar a nivel internacional. Cuatro j\u00f3venes talentos de San Luis han asegurado su lugar en la selecci\u00f3n argentina que competir\u00e1 en el Campeonato Sudamericano de Judo, a realizarse del 14 al 15 de septiembre en el Estadio del Comit\u00e9 Ol\u00edmpico Paraguayo, en Asunci\u00f3n<\/p>\n","protected":false},"author":3,"featured_media":17188,"comment_status":"open","ping_status":"open","sticky":false,"template":"","format":"standard","meta":{"_jetpack_memberships_contains_paid_content":false,"footnotes":""},"categories":[8,15,16],"tags":[],"class_list":["post-17187","post","type-post","status-publish","format-standard","has-post-thumbnail","hentry","category-actualidad","category-deporte","category-local"],"jetpack_featured_media_url":"https:\/\/comunicartesanluis.com\/v1\/wp-content\/uploads\/2024\/08\/gfnfn.png","jetpack_sharing_enabled":true,"_links":{"self":[{"href":"https:\/\/comunicartesanluis.com\/index.php\/wp-json\/wp\/v2\/posts\/17187","targetHints":{"allow":["GET"]}}],"collection":[{"href":"https:\/\/comunicartesanluis.com\/index.php\/wp-json\/wp\/v2\/posts"}],"about":[{"href":"https:\/\/comunicartesanluis.com\/index.php\/wp-json\/wp\/v2\/types\/post"}],"author":[{"embeddable":true,"href":"https:\/\/comunicartesanluis.com\/index.php\/wp-json\/wp\/v2\/users\/3"}],"replies":[{"embeddable":true,"href":"https:\/\/comunicartesanluis.com\/index.php\/wp-json\/wp\/v2\/comments?post=17187"}],"version-history":[{"count":1,"href":"https:\/\/comunicartesanluis.com\/index.php\/wp-json\/wp\/v2\/posts\/17187\/revisions"}],"predecessor-version":[{"id":17189,"href":"https:\/\/comunicartesanluis.com\/index.php\/wp-json\/wp\/v2\/posts\/17187\/revisions\/17189"}],"wp:featuredmedia":[{"embeddable":true,"href":"https:\/\/comunicartesanluis.com\/index.php\/wp-json\/wp\/v2\/media\/17188"}],"wp:attachment":[{"href":"https:\/\/comunicartesanluis.com\/index.php\/wp-json\/wp\/v2\/media?parent=17187"}],"wp:term":[{"taxonomy":"category","embeddable":true,"href":"https:\/\/comunicartesanluis.com\/index.php\/wp-json\/wp\/v2\/categories?post=17187"},{"taxonomy":"post_tag","embeddable":true,"href":"https:\/\/comunicartesanluis.com\/index.php\/wp-json\/wp\/v2\/tags?post=17187"}],"curies":[{"name":"wp","href":"https:\/\/api.w.org\/{rel}","templated":true}]}}