{"id":17190,"date":"2024-08-26T17:11:30","date_gmt":"2024-08-26T20:11:30","guid":{"rendered":"https:\/\/comunicartesanluis.com\/?p=17190"},"modified":"2024-08-26T17:12:11","modified_gmt":"2024-08-26T20:12:11","slug":"paso-con-exito-el-nacional-u23-por-el-presti","status":"publish","type":"post","link":"https:\/\/comunicartesanluis.com\/index.php\/2024\/08\/26\/paso-con-exito-el-nacional-u23-por-el-presti\/","title":{"rendered":"Pas\u00f3 con \u00e9xito el Nacional U23 por el Presti"},"content":{"rendered":"<p>Este s\u00e1bado y domingo en el Centro de Desarrollo Deportivo Pedro Presti en Ciudad, se disput\u00f3 la 20\u00b0 edici\u00f3n del Campeonato Argentino de Atletismo U23.<\/p>\n<p>Fue con la organizaci\u00f3n de la Federaci\u00f3n Atl\u00e9tica Sanluise\u00f1a (FAS), la fiscalizaci\u00f3n de la Confederaci\u00f3n Argentina (CADA) y el auspicio de la Secretar\u00eda de Deportes de la Provincia de San Luis.<\/p>\n<div class=\"google-auto-placed ap_container\"><ins class=\"adsbygoogle adsbygoogle-noablate\" data-ad-format=\"auto\" data-ad-client=\"ca-pub-8571060145129305\" data-adsbygoogle-status=\"done\" data-ad-status=\"unfilled\"><\/p>\n<div id=\"aswift_1_host\"><iframe id=\"aswift_1\" tabindex=\"0\" title=\"Advertisement\" src=\"https:\/\/googleads.g.doubleclick.net\/pagead\/ads?client=ca-pub-8571060145129305&amp;output=html&amp;h=280&amp;adk=163131746&amp;adf=891344333&amp;pi=t.aa~a.2878201585~i.2~rp.4&amp;w=696&amp;abgtt=7&amp;fwrn=4&amp;fwrnh=100&amp;lmt=1724702933&amp;num_ads=1&amp;rafmt=1&amp;armr=3&amp;sem=mc&amp;pwprc=8266058000&amp;ad_type=text_image&amp;format=696x280&amp;url=https%3A%2F%2Fdeportesanluis.com.ar%2F%3Fp%3D23152&amp;host=ca-host-pub-2644536267352236&amp;fwr=0&amp;pra=3&amp;rh=174&amp;rw=695&amp;rpe=1&amp;resp_fmts=3&amp;wgl=1&amp;fa=27&amp;uach=WyJXaW5kb3dzIiwiNy4wLjAiLCJ4ODYiLCIiLCIxMjcuMC42NTMzLjEyMCIsbnVsbCwwLG51bGwsIjY0IixbWyJOb3QpQTtCcmFuZCIsIjk5LjAuMC4wIl0sWyJHb29nbGUgQ2hyb21lIiwiMTI3LjAuNjUzMy4xMjAiXSxbIkNocm9taXVtIiwiMTI3LjAuNjUzMy4xMjAiXV0sMF0.&amp;dt=1724702933538&amp;bpp=2&amp;bdt=2113&amp;idt=3&amp;shv=r20240822&amp;mjsv=m202408210101&amp;ptt=9&amp;saldr=aa&amp;abxe=1&amp;cookie=ID%3D60b623b0076e9940%3AT%3D1712175206%3ART%3D1724702877%3AS%3DALNI_Ma0KKhHykJWiceXcXFbeQfsDHKJkQ&amp;gpic=UID%3D00000a15daa66eb6%3AT%3D1712175206%3ART%3D1724702877%3AS%3DALNI_Ma6mBC0ORcxXyqsr5S_XYZIICT8QA&amp;eo_id_str=ID%3D51c64ee70f2aa7f4%3AT%3D1712175206%3ART%3D1724702877%3AS%3DAA-Afjbi4lmTjmBURhRUoIc4G7xk&amp;prev_fmts=0x0&amp;nras=2&amp;correlator=8344737160321&amp;frm=20&amp;pv=1&amp;u_tz=-180&amp;u_his=3&amp;u_h=768&amp;u_w=1366&amp;u_ah=738&amp;u_aw=1366&amp;u_cd=24&amp;u_sd=1.1&amp;dmc=4&amp;adx=79&amp;ady=1337&amp;biw=1226&amp;bih=561&amp;scr_x=0&amp;scr_y=0&amp;eid=44759876%2C44759927%2C44759842%2C42531705%2C95334828%2C95338229%2C95340284%2C21065725&amp;oid=2&amp;pvsid=1127370739139846&amp;tmod=84135424&amp;uas=0&amp;nvt=1&amp;ref=https%3A%2F%2Fdeportesanluis.com.ar%2F&amp;fc=1408&amp;brdim=0%2C0%2C0%2C0%2C1366%2C0%2C1366%2C738%2C1242%2C561&amp;vis=1&amp;rsz=%7C%7Cs%7C&amp;abl=NS&amp;fu=128&amp;bc=31&amp;bz=1.1&amp;td=1&amp;tdf=2&amp;psd=W251bGwsbnVsbCxudWxsLDNd&amp;nt=1&amp;ifi=2&amp;uci=a!2&amp;btvi=1&amp;fsb=1&amp;dtd=47\" name=\"aswift_1\" width=\"696\" height=\"0\" frameborder=\"0\" marginwidth=\"0\" marginheight=\"0\" scrolling=\"no\" sandbox=\"allow-forms allow-popups allow-popups-to-escape-sandbox allow-same-origin allow-scripts allow-top-navigation-by-user-activation\" data-google-container-id=\"a!2\" aria-label=\"Advertisement\" data-google-query-id=\"CMix9fa6k4gDFWNI3QIdnDgSwg\" data-load-complete=\"true\" data-mce-fragment=\"1\"><\/iframe><\/div>\n<p><\/ins><\/div>\n<p>La delegaci\u00f3n de la Federaci\u00f3n Metropolitana de Atletismo (FMA) fue la gran ganadora de la edici\u00f3n. San Luis, por su parte, sum\u00f3 un total de diez medallas (3 de Oro, 3 de Plata y 4 de Bronce).<\/p>\n<p>&nbsp;<\/p>\n<p>Dos medallas doradas fue obra de Tom\u00e1s Villegas en los 100 y 200mts. llanos con marcas de 10,61seg. y 21,06seg., respectivamente.<\/p>\n<p>La tercer presea de Oro para San Luis fue para\u00a0Bruno De Genaro que logr\u00f3 su cuarto t\u00edtulo consecutivo en los 400mts. con vallas anotando un registro de 53,32seg.<\/p>\n<div class=\"google-auto-placed ap_container\"><ins class=\"adsbygoogle adsbygoogle-noablate\" data-ad-format=\"auto\" data-ad-client=\"ca-pub-8571060145129305\" data-adsbygoogle-status=\"done\" data-ad-status=\"unfilled\"><\/p>\n<div id=\"aswift_2_host\"><iframe id=\"aswift_2\" tabindex=\"0\" title=\"Advertisement\" src=\"https:\/\/googleads.g.doubleclick.net\/pagead\/ads?client=ca-pub-8571060145129305&amp;output=html&amp;h=280&amp;adk=163131746&amp;adf=3003416154&amp;pi=t.aa~a.2878201585~i.12~rp.4&amp;w=696&amp;abgtt=7&amp;fwrn=4&amp;fwrnh=100&amp;lmt=1724702933&amp;num_ads=1&amp;rafmt=1&amp;armr=3&amp;sem=mc&amp;pwprc=8266058000&amp;ad_type=text_image&amp;format=696x280&amp;url=https%3A%2F%2Fdeportesanluis.com.ar%2F%3Fp%3D23152&amp;host=ca-host-pub-2644536267352236&amp;fwr=0&amp;pra=3&amp;rh=174&amp;rw=695&amp;rpe=1&amp;resp_fmts=3&amp;wgl=1&amp;fa=27&amp;uach=WyJXaW5kb3dzIiwiNy4wLjAiLCJ4ODYiLCIiLCIxMjcuMC42NTMzLjEyMCIsbnVsbCwwLG51bGwsIjY0IixbWyJOb3QpQTtCcmFuZCIsIjk5LjAuMC4wIl0sWyJHb29nbGUgQ2hyb21lIiwiMTI3LjAuNjUzMy4xMjAiXSxbIkNocm9taXVtIiwiMTI3LjAuNjUzMy4xMjAiXV0sMF0.&amp;dt=1724702933560&amp;bpp=2&amp;bdt=2136&amp;idt=2&amp;shv=r20240822&amp;mjsv=m202408210101&amp;ptt=9&amp;saldr=aa&amp;abxe=1&amp;cookie=ID%3D60b623b0076e9940%3AT%3D1712175206%3ART%3D1724702877%3AS%3DALNI_Ma0KKhHykJWiceXcXFbeQfsDHKJkQ&amp;gpic=UID%3D00000a15daa66eb6%3AT%3D1712175206%3ART%3D1724702877%3AS%3DALNI_Ma6mBC0ORcxXyqsr5S_XYZIICT8QA&amp;eo_id_str=ID%3D51c64ee70f2aa7f4%3AT%3D1712175206%3ART%3D1724702877%3AS%3DAA-Afjbi4lmTjmBURhRUoIc4G7xk&amp;prev_fmts=0x0%2C696x280&amp;nras=3&amp;correlator=8344737160321&amp;frm=20&amp;pv=1&amp;u_tz=-180&amp;u_his=3&amp;u_h=768&amp;u_w=1366&amp;u_ah=738&amp;u_aw=1366&amp;u_cd=24&amp;u_sd=1.1&amp;dmc=4&amp;adx=79&amp;ady=2166&amp;biw=1226&amp;bih=561&amp;scr_x=0&amp;scr_y=0&amp;eid=44759876%2C44759927%2C44759842%2C42531705%2C95334828%2C95338229%2C95340284%2C21065725&amp;oid=2&amp;pvsid=1127370739139846&amp;tmod=84135424&amp;uas=0&amp;nvt=1&amp;ref=https%3A%2F%2Fdeportesanluis.com.ar%2F&amp;fc=1408&amp;brdim=0%2C0%2C0%2C0%2C1366%2C0%2C1366%2C738%2C1242%2C561&amp;vis=1&amp;rsz=%7C%7Cs%7C&amp;abl=NS&amp;fu=128&amp;bc=31&amp;bz=1.1&amp;td=1&amp;tdf=2&amp;psd=W251bGwsbnVsbCxudWxsLDNd&amp;nt=1&amp;ifi=3&amp;uci=a!3&amp;btvi=2&amp;fsb=1&amp;dtd=355\" name=\"aswift_2\" width=\"696\" height=\"0\" frameborder=\"0\" marginwidth=\"0\" marginheight=\"0\" scrolling=\"no\" sandbox=\"allow-forms allow-popups allow-popups-to-escape-sandbox allow-same-origin allow-scripts allow-top-navigation-by-user-activation\" data-google-container-id=\"a!3\" aria-label=\"Advertisement\" data-google-query-id=\"CK_Ahfe6k4gDFd5N3QIdp5oBmw\" data-load-complete=\"true\" data-mce-fragment=\"1\"><\/iframe><\/div>\n<p><\/ins><\/div>\n<p>Las medallas de Plata fue para Lucas Villegas en los 100mts. llanos, para Mar\u00eda Jos\u00e9 Rosales en los 800mts. llanos y para la Posta 4x100mts. masculinos con Mario Escalante, Lucas Villegas, Tom\u00e1s Villegas y Tom\u00e1s Pa\u00e9z Figueroa.<\/p>\n<p>Finalmente, de las cuatro medallas de Bronce, dos fueron obra de Mar\u00eda Jos\u00e9 Rosales (1500 y 5000mts.), una para Marcela Reynoso (200mts.) y la restante para la Posta 4x400mts. con el equipo conformado por\u00a0Gemma Rojas, Candela P\u00e9rez, Luana Grille y Marcela Reynoso.<\/p>\n<p>Tambi\u00e9n se destacaron Lucas Villegas (4\u00b0 en los 200mts.); Gonzalo Torres (5\u00b0 en los 800mts.); Mateo Barrozo (6\u00b0 en Lanzamiento de Martillo); Marcela Reynoso (6\u00b0 en los 200mts.); Marianela Arrieta (6\u00b0 en Salto Triple) y la Posta 4x100mts. que ocup\u00f3 el 4\u00b0 lugar con\u00a0Camila Quiroga, Luana Grille, Marcela Reynoso y Gemma Rojas.<\/p>\n<p><em><strong>RESULTADOS OFICIALES:<\/strong><\/em><\/p>\n<p><img decoding=\"async\" class=\"alignnone size-full wp-image-17191\" src=\"https:\/\/comunicartesanluis.com\/v1\/wp-content\/uploads\/2024\/08\/descarga.png\" alt=\"\" width=\"764\" height=\"990\" srcset=\"https:\/\/comunicartesanluis.com\/v1\/wp-content\/uploads\/2024\/08\/descarga-200x259.png 200w, https:\/\/comunicartesanluis.com\/v1\/wp-content\/uploads\/2024\/08\/descarga-232x300.png 232w, https:\/\/comunicartesanluis.com\/v1\/wp-content\/uploads\/2024\/08\/descarga-400x518.png 400w, https:\/\/comunicartesanluis.com\/v1\/wp-content\/uploads\/2024\/08\/descarga-600x777.png 600w, https:\/\/comunicartesanluis.com\/v1\/wp-content\/uploads\/2024\/08\/descarga.png 764w\" sizes=\"(max-width: 764px) 100vw, 764px\" \/><\/p>\n<p>Nota: DeportesSanLuis<\/p>\n","protected":false},"excerpt":{"rendered":"<p>Fue el pasado fin de semana con la delegaci\u00f3n puntana sumando tres doradas para un total de diez medallas. Tom\u00e1s Villegas y Bruno De Genaro fueron las grandes estrellas. <\/p>\n","protected":false},"author":3,"featured_media":17192,"comment_status":"open","ping_status":"open","sticky":false,"template":"","format":"standard","meta":{"_jetpack_memberships_contains_paid_content":false,"footnotes":""},"categories":[1],"tags":[],"class_list":["post-17190","post","type-post","status-publish","format-standard","has-post-thumbnail","hentry","category-sin-categoria"],"jetpack_featured_media_url":"https:\/\/comunicartesanluis.com\/v1\/wp-content\/uploads\/2024\/08\/Atletismo24-NacionalU23-SanLuis-5-768x512-1.jpg","jetpack_sharing_enabled":true,"_links":{"self":[{"href":"https:\/\/comunicartesanluis.com\/index.php\/wp-json\/wp\/v2\/posts\/17190","targetHints":{"allow":["GET"]}}],"collection":[{"href":"https:\/\/comunicartesanluis.com\/index.php\/wp-json\/wp\/v2\/posts"}],"about":[{"href":"https:\/\/comunicartesanluis.com\/index.php\/wp-json\/wp\/v2\/types\/post"}],"author":[{"embeddable":true,"href":"https:\/\/comunicartesanluis.com\/index.php\/wp-json\/wp\/v2\/users\/3"}],"replies":[{"embeddable":true,"href":"https:\/\/comunicartesanluis.com\/index.php\/wp-json\/wp\/v2\/comments?post=17190"}],"version-history":[{"count":1,"href":"https:\/\/comunicartesanluis.com\/index.php\/wp-json\/wp\/v2\/posts\/17190\/revisions"}],"predecessor-version":[{"id":17193,"href":"https:\/\/comunicartesanluis.com\/index.php\/wp-json\/wp\/v2\/posts\/17190\/revisions\/17193"}],"wp:featuredmedia":[{"embeddable":true,"href":"https:\/\/comunicartesanluis.com\/index.php\/wp-json\/wp\/v2\/media\/17192"}],"wp:attachment":[{"href":"https:\/\/comunicartesanluis.com\/index.php\/wp-json\/wp\/v2\/media?parent=17190"}],"wp:term":[{"taxonomy":"category","embeddable":true,"href":"https:\/\/comunicartesanluis.com\/index.php\/wp-json\/wp\/v2\/categories?post=17190"},{"taxonomy":"post_tag","embeddable":true,"href":"https:\/\/comunicartesanluis.com\/index.php\/wp-json\/wp\/v2\/tags?post=17190"}],"curies":[{"name":"wp","href":"https:\/\/api.w.org\/{rel}","templated":true}]}}