{"id":17201,"date":"2024-08-26T17:21:51","date_gmt":"2024-08-26T20:21:51","guid":{"rendered":"https:\/\/comunicartesanluis.com\/?p=17201"},"modified":"2024-08-26T17:25:57","modified_gmt":"2024-08-26T20:25:57","slug":"murio-el-director-tecnico-sven-goran-eriksson-que-padecia-un-cancer-terminal","status":"publish","type":"post","link":"https:\/\/comunicartesanluis.com\/index.php\/2024\/08\/26\/murio-el-director-tecnico-sven-goran-eriksson-que-padecia-un-cancer-terminal\/","title":{"rendered":"Muri\u00f3 el director t\u00e9cnico Sven-Goran Eriksson, que padec\u00eda un c\u00e1ncer terminal"},"content":{"rendered":"<p class=\"com-paragraph  --capital --s\">El exentrenador sueco <strong>Sven-G\u00f6ran Eriksson muri\u00f3 este lunes a los 76 a\u00f1os,\u00a0<\/strong>seg\u00fan confirm\u00f3 su familia en un comunicado. El f\u00fatbol ingl\u00e9s y mundial est\u00e1n de luto por la p\u00e9rdida de este DT nacido en Sunne, en 1948, a quien en enero de 2024 le diagnosticaron c\u00e1ncer de p\u00e1ncreas en fase terminal y los m\u00e9dicos le aseguraran que,\u00a0<strong>\u201cen el mejor de los casos\u201d,<\/strong>\u00a0le quedar\u00eda un a\u00f1o de vida.<\/p>\n<p class=\"com-paragraph   --s\">Su \u00faltima labor dentro del f\u00fatbol, desde que comenzara su carrera en los bancos a finales de la d\u00e9cada de 1970 en su pa\u00eds de origen, fue como director deportivo del modesto club sueco IF Karlstad, cargo que dej\u00f3 argumentando problemas de salud meses antes de anunciar p\u00fablicamente su enfermedad. Las islas brit\u00e1nicas despiden as\u00ed al que fuera el primer t\u00e9cnico no brit\u00e1nico en la historia de los\u00a0<em>Three Lions<\/em>.\u00a0<strong>\u201cDespu\u00e9s de una larga enfermedad, SGE falleci\u00f3 durante la ma\u00f1ana en su casa rodeado de familiares\u201d,\u00a0<\/strong>comunicaron sus seres queridos.<\/p>\n<p>Sven-Goran Eriksson pas\u00f3 por Manchester City, Leicester City (Inglaterra), Roma, Fiorentina, Lazio y Sampdoria (Italia) y Benfica (Portugal), entre otros equipos. Tambi\u00e9n, las selecciones de Inglaterra, M\u00e9xico y Costa de Marfil. El sueco se convirti\u00f3 en el primer entrenador extranjero de la selecci\u00f3n masculina de f\u00fatbol de Inglaterra en 2001 y le toc\u00f3 entrenar a la llamada \u201cgeneraci\u00f3n dorada\u201d de jugadores como David Beckham, Steven Gerrard, Wayne Rooney y Frank Lampard.<\/p>\n<p class=\"com-paragraph   --s\">En enero de este a\u00f1o,\u00a0<strong>Eriksson\u00a0<\/strong>hizo p\u00fablico el diagn\u00f3stico, que le lleg\u00f3 luego de cinco episodios card\u00edacos. Cont\u00f3 adem\u00e1s que, \u201ccon suerte\u201d, le quedaba un a\u00f1o de vida. La semana pasada, cuestiones de salud le impidieron asistir a la premiere del documental en Londres. Lo representaron sus hijos. El diario ingl\u00e9s\u00a0<em>Daily Mail\u00a0<\/em>report\u00f3 que la enfermedad lo llev\u00f3 a regresar a su pueblo natal de Sunne, en Suecia, \u201cdonde se reconect\u00f3 con su familia\u201d. La serie lo retrata en el cercano lago\u00a0<strong>Fryken<\/strong>, mirando al horizonte: \u201cEs un lugar maravilloso, que me calma. Detr\u00e1s de las monta\u00f1as se cri\u00f3 mi padre. Y all\u00ed adelante est\u00e1 Thornsby, donde yo crec\u00ed.\u00a0<strong>Y esto es Sunne, donde nac\u00ed<\/strong>\u201d, describ\u00eda el ex DT.<\/p>\n<p class=\"com-paragraph   --s\">\u201cSiempre cre\u00ed que el lago era un\u00a0<strong>gran lugar para dormir<\/strong>. Aqu\u00ed podr\u00edan tirarse incluso mis cenizas. Se siente como si fuera mi casa\u201d, reflexiona Eriksson en otro pasaje del documental, que cuenta con testimonios de\u00a0<strong>Roberto Mancini<\/strong>,\u00a0<strong>Wayne Rooney\u00a0<\/strong>y\u00a0<strong>David Beckham<\/strong>, entre otras estrellas del f\u00fatbol. \u201cLa vida no es al 100%. Me dieron inyecciones durante muchos meses, pero ahora los m\u00e9dicos cambiaron a las p\u00edldoras. Tienen muchos efectos colaterales en la garganta y la nariz,\u00a0<strong>pero es parte de todo esto y puedo vivir con eso. S\u00e9 que la vida no durar\u00e1 para siempre, pero estoy ok<\/strong>\u201d, se confesaba Eriksson.<\/p>\n","protected":false},"excerpt":{"rendered":"<p>El sueco ten\u00eda 76 a\u00f1os y hab\u00eda aparecido en un documental donde repasaba su trayectoria en el f\u00fatbol mundial<\/p>\n","protected":false},"author":3,"featured_media":17202,"comment_status":"open","ping_status":"open","sticky":false,"template":"","format":"standard","meta":{"_jetpack_memberships_contains_paid_content":false,"footnotes":""},"categories":[1],"tags":[],"class_list":["post-17201","post","type-post","status-publish","format-standard","has-post-thumbnail","hentry","category-sin-categoria"],"jetpack_featured_media_url":"https:\/\/comunicartesanluis.com\/v1\/wp-content\/uploads\/2024\/08\/images.jpg","jetpack_sharing_enabled":true,"_links":{"self":[{"href":"https:\/\/comunicartesanluis.com\/index.php\/wp-json\/wp\/v2\/posts\/17201","targetHints":{"allow":["GET"]}}],"collection":[{"href":"https:\/\/comunicartesanluis.com\/index.php\/wp-json\/wp\/v2\/posts"}],"about":[{"href":"https:\/\/comunicartesanluis.com\/index.php\/wp-json\/wp\/v2\/types\/post"}],"author":[{"embeddable":true,"href":"https:\/\/comunicartesanluis.com\/index.php\/wp-json\/wp\/v2\/users\/3"}],"replies":[{"embeddable":true,"href":"https:\/\/comunicartesanluis.com\/index.php\/wp-json\/wp\/v2\/comments?post=17201"}],"version-history":[{"count":1,"href":"https:\/\/comunicartesanluis.com\/index.php\/wp-json\/wp\/v2\/posts\/17201\/revisions"}],"predecessor-version":[{"id":17203,"href":"https:\/\/comunicartesanluis.com\/index.php\/wp-json\/wp\/v2\/posts\/17201\/revisions\/17203"}],"wp:featuredmedia":[{"embeddable":true,"href":"https:\/\/comunicartesanluis.com\/index.php\/wp-json\/wp\/v2\/media\/17202"}],"wp:attachment":[{"href":"https:\/\/comunicartesanluis.com\/index.php\/wp-json\/wp\/v2\/media?parent=17201"}],"wp:term":[{"taxonomy":"category","embeddable":true,"href":"https:\/\/comunicartesanluis.com\/index.php\/wp-json\/wp\/v2\/categories?post=17201"},{"taxonomy":"post_tag","embeddable":true,"href":"https:\/\/comunicartesanluis.com\/index.php\/wp-json\/wp\/v2\/tags?post=17201"}],"curies":[{"name":"wp","href":"https:\/\/api.w.org\/{rel}","templated":true}]}}