{"id":17204,"date":"2024-08-26T17:25:18","date_gmt":"2024-08-26T20:25:18","guid":{"rendered":"https:\/\/comunicartesanluis.com\/?p=17204"},"modified":"2024-08-26T17:26:19","modified_gmt":"2024-08-26T20:26:19","slug":"paulo-dybala-fue-citado-por-lionel-scaloni-para-los-partidos-de-la-seleccion-argentina-ante-chile-y-colombia-en-las-eliminatorias","status":"publish","type":"post","link":"https:\/\/comunicartesanluis.com\/index.php\/2024\/08\/26\/paulo-dybala-fue-citado-por-lionel-scaloni-para-los-partidos-de-la-seleccion-argentina-ante-chile-y-colombia-en-las-eliminatorias\/","title":{"rendered":"Paulo Dybala fue citado por Lionel Scaloni para los partidos de la selecci\u00f3n argentina ante Chile y Colombia, en las Eliminatorias"},"content":{"rendered":"<p class=\"com-paragraph  --capital --s\">Parec\u00eda marginado de la selecci\u00f3n argentina y hab\u00eda quedado fuera de la \u00faltima Copa Am\u00e9rica, pero volvi\u00f3 m\u00e1s pronto que lo imaginado: Paulo Dybala fue convocado para la doble fecha de Eliminatorias, clasificatorias para<strong>\u00a0el Mundial Estados Unidos-M\u00e9xico-Canad\u00e1 2026.<\/strong>\u00a0Concretamente, el DT Lionel Scaloni lo incorpor\u00f3 al plantel que se enfrentar\u00e1 el\u00a0<strong>5 de septiembre a las 21 ante Chile, en el Monumental,\u00a0<\/strong>en el marco de la fecha 7 de las Eliminatorias. Y tambi\u00e9n, con miras al encuentro del martes 10 de septiembre, ante Colombia, en Barranquilla. As\u00ed, el volante\u00a0<strong>volver\u00e1 a vestirse con la camiseta celeste y blanca luego de casi un a\u00f1o y medio<\/strong>: su \u00faltima aparici\u00f3n se dio en el 7 a 0 ante\u00a0<strong>Curazao<\/strong>, que se disput\u00f3 el\u00a0<strong>28 de marzo de 2023<\/strong>.<\/p>\n<p class=\"com-paragraph   --s\">Para esta convocatoria, fue decisivo que el volante cordob\u00e9s se haya quedado en\u00a0<strong>Roma<\/strong>, a pesar de haber recibido una\u00a0<strong>oferta millonaria<\/strong>\u00a0del club saudita\u00a0<strong>Al Qadsiah<\/strong>. La confirmaci\u00f3n de su permanencia en Italia dej\u00f3 felices a los hinchas del conjunto de la capital, que perdi\u00f3 en la \u00faltima fecha en el Estadio Ol\u00edmpico ante Empoli por 2 a 1. Pero m\u00e1s all\u00e1 de la derrota del equipo de Daniele De Rossi, los fan\u00e1ticos agradecieron la fidelidad con la Loba de la Joya, que rechaz\u00f3 la incre\u00edble oferta de\u00a0<strong>75 millones de euros. \u201cPuse muchas cosas sobre la mesa:\u00a0<\/strong>mi familia, mi esposa, la ciudad, el equipo y la posibilidad de volver a la selecci\u00f3n argentina. Aunque se critica mucho por mis lesiones, me siento bien y estoy comprometido a trabajar duro cada d\u00eda\u201d.<\/p>\n<p class=\"com-paragraph   --s\">La semana pasada, Scaloni hab\u00eda difundido una convocatoria para los encuentros ante Chile y Colombia, en la que sobresale la ausencia de\u00a0<strong>Lionel Messi<\/strong>, quien se lesion\u00f3 su tobillo derecho en la definici\u00f3n de la Copa Am\u00e9rica contra el Colombia y atraviesa las \u00faltimas semanas de su recuperaci\u00f3n para volver a ponerse la camiseta de Inter Miami. Tampoco est\u00e1\u00a0<strong>\u00c1ngel Di Mar\u00eda<\/strong>\u00a0porque se retir\u00f3 de la selecci\u00f3n nacional. Otras ausencias de renombre son las de\u00a0<strong>Franco Armani\u00a0<\/strong>-habr\u00eda concluido su ciclo con la albiceleste-,<strong>\u00a0Lucas Mart\u00ednez Quarta<\/strong>,\u00a0<strong>Marcos Acu\u00f1a<\/strong>\u00a0y\u00a0<strong>Exequiel Palacios\u00a0<\/strong>quien, al igual que el \u201810\u2032, su no convocatoria es por una lesi\u00f3n. Tampoco estaba Dybala, pero finalmente fue rescatado por el entrenador.<\/p>\n<p class=\"com-paragraph   --s\">Sin Armani, Scaloni llam\u00f3 nuevamente a\u00a0<strong>Walter Ben\u00edtez<\/strong>\u00a0y\u00a0<strong>Juan Musso<\/strong>. Adem\u00e1s,\u00a0<strong>Valent\u00edn Barco, Alejandro Garnacho\u00a0<\/strong>y\u00a0<strong>Valent\u00edn Carboni<\/strong>\u00a0fueron respaldados tras conformar el plantel preliminar de la Copa Am\u00e9rica -en el caso de Garnacho y Carboni fueron campeones- mientras que las sorpresas son\u00a0<strong>Ezequiel Fern\u00e1ndez<\/strong>, recientemente traspasado de Boca a Al-Qadisiyah de Arabia Saudita;\u00a0<strong>Mat\u00edas Soul\u00e9,<\/strong>\u00a0<strong>Giuliano Simeone<\/strong>\u00a0y\u00a0<strong>Valent\u00edn Castellanos<\/strong>.<\/p>\n","protected":false},"excerpt":{"rendered":"<p>La Joya hab\u00eda quedado fuera del plantel que se consagr\u00f3 en la Copa Am\u00e9rica<\/p>\n","protected":false},"author":3,"featured_media":17205,"comment_status":"open","ping_status":"open","sticky":false,"template":"","format":"standard","meta":{"_jetpack_memberships_contains_paid_content":false,"footnotes":""},"categories":[1],"tags":[],"class_list":["post-17204","post","type-post","status-publish","format-standard","has-post-thumbnail","hentry","category-sin-categoria"],"jetpack_featured_media_url":"https:\/\/comunicartesanluis.com\/v1\/wp-content\/uploads\/2024\/08\/paulodybala4jpg.webp","jetpack_sharing_enabled":true,"_links":{"self":[{"href":"https:\/\/comunicartesanluis.com\/index.php\/wp-json\/wp\/v2\/posts\/17204","targetHints":{"allow":["GET"]}}],"collection":[{"href":"https:\/\/comunicartesanluis.com\/index.php\/wp-json\/wp\/v2\/posts"}],"about":[{"href":"https:\/\/comunicartesanluis.com\/index.php\/wp-json\/wp\/v2\/types\/post"}],"author":[{"embeddable":true,"href":"https:\/\/comunicartesanluis.com\/index.php\/wp-json\/wp\/v2\/users\/3"}],"replies":[{"embeddable":true,"href":"https:\/\/comunicartesanluis.com\/index.php\/wp-json\/wp\/v2\/comments?post=17204"}],"version-history":[{"count":1,"href":"https:\/\/comunicartesanluis.com\/index.php\/wp-json\/wp\/v2\/posts\/17204\/revisions"}],"predecessor-version":[{"id":17206,"href":"https:\/\/comunicartesanluis.com\/index.php\/wp-json\/wp\/v2\/posts\/17204\/revisions\/17206"}],"wp:featuredmedia":[{"embeddable":true,"href":"https:\/\/comunicartesanluis.com\/index.php\/wp-json\/wp\/v2\/media\/17205"}],"wp:attachment":[{"href":"https:\/\/comunicartesanluis.com\/index.php\/wp-json\/wp\/v2\/media?parent=17204"}],"wp:term":[{"taxonomy":"category","embeddable":true,"href":"https:\/\/comunicartesanluis.com\/index.php\/wp-json\/wp\/v2\/categories?post=17204"},{"taxonomy":"post_tag","embeddable":true,"href":"https:\/\/comunicartesanluis.com\/index.php\/wp-json\/wp\/v2\/tags?post=17204"}],"curies":[{"name":"wp","href":"https:\/\/api.w.org\/{rel}","templated":true}]}}