{"id":17221,"date":"2024-08-27T08:53:29","date_gmt":"2024-08-27T11:53:29","guid":{"rendered":"https:\/\/comunicartesanluis.com\/?p=17221"},"modified":"2024-08-27T08:53:29","modified_gmt":"2024-08-27T11:53:29","slug":"san-luis-brilla-en-el-nacional-u23-tres-medallas-doradas-para-la-delegacion-puntana","status":"publish","type":"post","link":"https:\/\/comunicartesanluis.com\/index.php\/2024\/08\/27\/san-luis-brilla-en-el-nacional-u23-tres-medallas-doradas-para-la-delegacion-puntana\/","title":{"rendered":"San Luis brilla en el Nacional U23: Tres medallas doradas para la delegaci\u00f3n puntana"},"content":{"rendered":"<p>Organizado por la Federaci\u00f3n Atl\u00e9tica Sanluise\u00f1a (FAS) y fiscalizado por la Confederaci\u00f3n Argentina de Atletismo (CADA), el certamen cont\u00f3 con el auspicio de la Secretar\u00eda de Deportes de la Provincia de San Luis y congreg\u00f3 a las mejores promesas del atletismo nacional.<\/p>\n<p>Villegas y De Genaro, los h\u00e9roes de San Luis<\/p>\n<p>Tom\u00e1s Villegas fue uno de los protagonistas m\u00e1s destacados de la delegaci\u00f3n puntana al colgarse dos medallas de oro en las pruebas de 100 y 200 metros llanos. Con tiempos impresionantes de 10,61 segundos y 21,06 segundos, respectivamente, Villegas demostr\u00f3 que es una de las j\u00f3venes promesas m\u00e1s veloces del pa\u00eds.<\/p>\n<p>Por su parte, Bruno De Genaro confirm\u00f3 su dominio en los 400 metros con vallas, conquistando su cuarto t\u00edtulo consecutivo en la disciplina con un tiempo de 53,32 segundos, lo que le vali\u00f3 la tercera medalla dorada para San Luis en esta edici\u00f3n del campeonato.<\/p>\n<p><img decoding=\"async\" class=\"aligncenter wp-image-17229 size-full\" src=\"https:\/\/comunicartesanluis.com\/v1\/wp-content\/uploads\/2024\/08\/AERGAEGYJDTYDT.png\" alt=\"\" width=\"629\" height=\"420\" srcset=\"https:\/\/comunicartesanluis.com\/v1\/wp-content\/uploads\/2024\/08\/AERGAEGYJDTYDT-200x134.png 200w, https:\/\/comunicartesanluis.com\/v1\/wp-content\/uploads\/2024\/08\/AERGAEGYJDTYDT-300x200.png 300w, https:\/\/comunicartesanluis.com\/v1\/wp-content\/uploads\/2024\/08\/AERGAEGYJDTYDT-400x267.png 400w, https:\/\/comunicartesanluis.com\/v1\/wp-content\/uploads\/2024\/08\/AERGAEGYJDTYDT-600x401.png 600w, https:\/\/comunicartesanluis.com\/v1\/wp-content\/uploads\/2024\/08\/AERGAEGYJDTYDT.png 629w\" sizes=\"(max-width: 629px) 100vw, 629px\" \/><\/p>\n<p>San Luis suma diez medallas<\/p>\n<p>Adem\u00e1s de las tres preseas doradas, la delegaci\u00f3n puntana acumul\u00f3 tres medallas de plata y cuatro de bronce, consolid\u00e1ndose como una de las fuerzas destacadas del torneo.<\/p>\n<p>Lucas Villegas obtuvo la medalla de plata en los 100 metros llanos, mientras que Mar\u00eda Jos\u00e9 Rosales se colg\u00f3 la plata en los 800 metros llanos. El equipo masculino de la posta 4&#215;100 metros, compuesto por Mario Escalante, Lucas Villegas, Tom\u00e1s Villegas y Tom\u00e1s Pa\u00e9z Figueroa, tambi\u00e9n subi\u00f3 al podio para recibir la medalla plateada.<\/p>\n<p><img decoding=\"async\" class=\"aligncenter wp-image-17225 size-full\" src=\"https:\/\/comunicartesanluis.com\/v1\/wp-content\/uploads\/2024\/08\/WEFGHSRTYJDTYJDTJ.png\" alt=\"\" width=\"629\" height=\"420\" srcset=\"https:\/\/comunicartesanluis.com\/v1\/wp-content\/uploads\/2024\/08\/WEFGHSRTYJDTYJDTJ-200x134.png 200w, https:\/\/comunicartesanluis.com\/v1\/wp-content\/uploads\/2024\/08\/WEFGHSRTYJDTYJDTJ-300x200.png 300w, https:\/\/comunicartesanluis.com\/v1\/wp-content\/uploads\/2024\/08\/WEFGHSRTYJDTYJDTJ-400x267.png 400w, https:\/\/comunicartesanluis.com\/v1\/wp-content\/uploads\/2024\/08\/WEFGHSRTYJDTYJDTJ-600x401.png 600w, https:\/\/comunicartesanluis.com\/v1\/wp-content\/uploads\/2024\/08\/WEFGHSRTYJDTYJDTJ.png 629w\" sizes=\"(max-width: 629px) 100vw, 629px\" \/><\/p>\n<p>Las medallas de bronce llegaron de la mano de Mar\u00eda Jos\u00e9 Rosales, quien se destac\u00f3 en las pruebas de 1500 y 5000 metros. Marcela Reynoso tambi\u00e9n brill\u00f3 al conseguir el tercer puesto en los 200 metros llanos, y el equipo femenino de la posta 4&#215;400 metros, integrado por Gemma Rojas, Candela P\u00e9rez, Luana Grille y Marcela Reynoso, complet\u00f3 el medallero para San Luis.<\/p>\n<p><img decoding=\"async\" class=\"aligncenter wp-image-17222 size-full\" src=\"https:\/\/comunicartesanluis.com\/v1\/wp-content\/uploads\/2024\/08\/WEFETHRTHJDTYJT.png\" alt=\"\" width=\"629\" height=\"420\" srcset=\"https:\/\/comunicartesanluis.com\/v1\/wp-content\/uploads\/2024\/08\/WEFETHRTHJDTYJT-200x134.png 200w, https:\/\/comunicartesanluis.com\/v1\/wp-content\/uploads\/2024\/08\/WEFETHRTHJDTYJT-300x200.png 300w, https:\/\/comunicartesanluis.com\/v1\/wp-content\/uploads\/2024\/08\/WEFETHRTHJDTYJT-400x267.png 400w, https:\/\/comunicartesanluis.com\/v1\/wp-content\/uploads\/2024\/08\/WEFETHRTHJDTYJT-600x401.png 600w, https:\/\/comunicartesanluis.com\/v1\/wp-content\/uploads\/2024\/08\/WEFETHRTHJDTYJT.png 629w\" sizes=\"(max-width: 629px) 100vw, 629px\" \/><\/p>\n<p>Destacados puntanos en acci\u00f3n<\/p>\n<p>Adem\u00e1s de las medallas, varios atletas puntanos lograron destacarse en sus respectivas disciplinas, alcanzando posiciones relevantes. Lucas Villegas finaliz\u00f3 4\u00b0 en los 200 metros llanos, Gonzalo Torres ocup\u00f3 el 5\u00b0 puesto en los 800 metros, y Mateo Barrozo fue 6\u00b0 en lanzamiento de martillo. En la rama femenina, Marcela Reynoso finaliz\u00f3 6\u00b0 en los 200 metros, Marianela Arrieta fue 6\u00b0 en salto triple, y la posta 4&#215;100 metros, conformada por Camila Quiroga, Luana Grille, Marcela Reynoso y Gemma Rojas, alcanz\u00f3 el 4\u00b0 lugar.<\/p>\n<p>Con estos resultados, San Luis reafirma su potencial en el atletismo nacional y contin\u00faa demostrando que cuenta con talentos emergentes que prometen seguir dando alegr\u00edas en los pr\u00f3ximos a\u00f1os.<\/p>\n<p>&nbsp;<\/p>\n<p>&nbsp;<\/p>\n<p>&nbsp;<\/p>\n<p>&nbsp;<\/p>\n<p>&nbsp;<\/p>\n<p>&nbsp;<\/p>\n<p>&nbsp;<\/p>\n<p>Fuente: Deporte San Luis.<\/p>\n","protected":false},"excerpt":{"rendered":"<p>El pasado fin de semana, el Centro de Desarrollo Deportivo Pedro Presti de San Luis fue el escenario de la 20\u00b0 edici\u00f3n del Campeonato Argentino de Atletismo U23, donde la delegaci\u00f3n puntana dej\u00f3 una marca indeleble al sumar un total de diez medallas, destac\u00e1ndose especialmente Tom\u00e1s Villegas y Bruno De Genaro, quienes se convirtieron en las grandes figuras del evento.<\/p>\n","protected":false},"author":3,"featured_media":17230,"comment_status":"open","ping_status":"open","sticky":false,"template":"","format":"standard","meta":{"_jetpack_memberships_contains_paid_content":false,"footnotes":""},"categories":[8,15,16],"tags":[],"class_list":["post-17221","post","type-post","status-publish","format-standard","has-post-thumbnail","hentry","category-actualidad","category-deporte","category-local"],"jetpack_featured_media_url":"https:\/\/comunicartesanluis.com\/v1\/wp-content\/uploads\/2024\/08\/WSEFERSRJTJFYUJKFYU.png","jetpack_sharing_enabled":true,"_links":{"self":[{"href":"https:\/\/comunicartesanluis.com\/index.php\/wp-json\/wp\/v2\/posts\/17221","targetHints":{"allow":["GET"]}}],"collection":[{"href":"https:\/\/comunicartesanluis.com\/index.php\/wp-json\/wp\/v2\/posts"}],"about":[{"href":"https:\/\/comunicartesanluis.com\/index.php\/wp-json\/wp\/v2\/types\/post"}],"author":[{"embeddable":true,"href":"https:\/\/comunicartesanluis.com\/index.php\/wp-json\/wp\/v2\/users\/3"}],"replies":[{"embeddable":true,"href":"https:\/\/comunicartesanluis.com\/index.php\/wp-json\/wp\/v2\/comments?post=17221"}],"version-history":[{"count":1,"href":"https:\/\/comunicartesanluis.com\/index.php\/wp-json\/wp\/v2\/posts\/17221\/revisions"}],"predecessor-version":[{"id":17231,"href":"https:\/\/comunicartesanluis.com\/index.php\/wp-json\/wp\/v2\/posts\/17221\/revisions\/17231"}],"wp:featuredmedia":[{"embeddable":true,"href":"https:\/\/comunicartesanluis.com\/index.php\/wp-json\/wp\/v2\/media\/17230"}],"wp:attachment":[{"href":"https:\/\/comunicartesanluis.com\/index.php\/wp-json\/wp\/v2\/media?parent=17221"}],"wp:term":[{"taxonomy":"category","embeddable":true,"href":"https:\/\/comunicartesanluis.com\/index.php\/wp-json\/wp\/v2\/categories?post=17221"},{"taxonomy":"post_tag","embeddable":true,"href":"https:\/\/comunicartesanluis.com\/index.php\/wp-json\/wp\/v2\/tags?post=17221"}],"curies":[{"name":"wp","href":"https:\/\/api.w.org\/{rel}","templated":true}]}}