{"id":17306,"date":"2024-09-02T10:08:49","date_gmt":"2024-09-02T13:08:49","guid":{"rendered":"https:\/\/comunicartesanluis.com\/?p=17306"},"modified":"2024-09-02T10:08:49","modified_gmt":"2024-09-02T13:08:49","slug":"una-jornada-inolvidable-en-merlo-4-000-barriletes-pintaron-el-cielo-en-la-10ma-barrileteada-merlina","status":"publish","type":"post","link":"https:\/\/comunicartesanluis.com\/index.php\/2024\/09\/02\/una-jornada-inolvidable-en-merlo-4-000-barriletes-pintaron-el-cielo-en-la-10ma-barrileteada-merlina\/","title":{"rendered":"Una jornada inolvidable en Merlo: 4.000 barriletes pintaron el cielo en la 10ma Barrileteada Merlina"},"content":{"rendered":"<p>La tarde del 2 de septiembre de 2024 quedar\u00e1 grabada en la memoria de los merlinos. Con un cielo despejado y un clima perfecto, m\u00e1s de 10.000 vecinos se congregaron en la Plaza del Barrio \u00abLos Fresnos\u00bb para participar en la d\u00e9cima edici\u00f3n de la Barrileteada Merlina, un evento que ha crecido a\u00f1o tras a\u00f1o y que en esta ocasi\u00f3n decor\u00f3 el cielo con 4.000 barriletes multicolores.<\/p>\n<p><img decoding=\"async\" class=\"aligncenter wp-image-17307 size-full\" src=\"https:\/\/comunicartesanluis.com\/v1\/wp-content\/uploads\/2024\/09\/WhatsApp-Image-2024-09-02-at-08.37.23-2.jpeg\" alt=\"\" width=\"1600\" height=\"1094\" srcset=\"https:\/\/comunicartesanluis.com\/v1\/wp-content\/uploads\/2024\/09\/WhatsApp-Image-2024-09-02-at-08.37.23-2-200x137.jpeg 200w, https:\/\/comunicartesanluis.com\/v1\/wp-content\/uploads\/2024\/09\/WhatsApp-Image-2024-09-02-at-08.37.23-2-300x205.jpeg 300w, https:\/\/comunicartesanluis.com\/v1\/wp-content\/uploads\/2024\/09\/WhatsApp-Image-2024-09-02-at-08.37.23-2-400x274.jpeg 400w, https:\/\/comunicartesanluis.com\/v1\/wp-content\/uploads\/2024\/09\/WhatsApp-Image-2024-09-02-at-08.37.23-2-600x410.jpeg 600w, https:\/\/comunicartesanluis.com\/v1\/wp-content\/uploads\/2024\/09\/WhatsApp-Image-2024-09-02-at-08.37.23-2-768x525.jpeg 768w, https:\/\/comunicartesanluis.com\/v1\/wp-content\/uploads\/2024\/09\/WhatsApp-Image-2024-09-02-at-08.37.23-2-800x547.jpeg 800w, https:\/\/comunicartesanluis.com\/v1\/wp-content\/uploads\/2024\/09\/WhatsApp-Image-2024-09-02-at-08.37.23-2-1024x700.jpeg 1024w, https:\/\/comunicartesanluis.com\/v1\/wp-content\/uploads\/2024\/09\/WhatsApp-Image-2024-09-02-at-08.37.23-2-1200x821.jpeg 1200w, https:\/\/comunicartesanluis.com\/v1\/wp-content\/uploads\/2024\/09\/WhatsApp-Image-2024-09-02-at-08.37.23-2-1536x1050.jpeg 1536w, https:\/\/comunicartesanluis.com\/v1\/wp-content\/uploads\/2024\/09\/WhatsApp-Image-2024-09-02-at-08.37.23-2.jpeg 1600w\" sizes=\"(max-width: 1600px) 100vw, 1600px\" \/><\/p>\n<p>Una fiesta de uni\u00f3n y alegr\u00eda<\/p>\n<p>Desde temprano, familias enteras llegaron al lugar, emocionadas por participar en la celebraci\u00f3n. La plaza se llen\u00f3 de risas y m\u00fasica, mientras los ni\u00f1os, acompa\u00f1ados de sus padres, se preparaban para hacer volar sus barriletes. La jornada fue organizada por el Municipio de Merlo, a trav\u00e9s de su Secretar\u00eda de Gobierno y Deportes, y cont\u00f3 con una serie de actividades pensadas para toda la familia.<\/p>\n<p><em><strong>\u00abEs impresionante ver c\u00f3mo ha crecido este evento. Lo que empez\u00f3 como una peque\u00f1a reuni\u00f3n para los chicos del barrio, hoy es una fiesta a la que asisten miles de personas de toda la ciudad<\/strong><\/em>\u00ab, coment\u00f3 Mar\u00eda Fern\u00e1ndez, una vecina que participa en la barrileteada desde su primera edici\u00f3n.<\/p>\n<p>Un momento cargado de emoci\u00f3n<\/p>\n<p>Uno de los momentos m\u00e1s emotivos del d\u00eda fue la suelta de globos en homenaje a R\u00f3mulo Nieto, Ayel\u00e9n Austikalis, Diego Oviedo y Mariano Aisa &#8216;Pirul\u00edn&#8217;, vecinos de Merlo que dejaron una huella imborrable en la comunidad.<\/p>\n<p><strong><em>\u00abEste gesto es un recordatorio de que siempre estar\u00e1n con nosotros, en cada barrilete que vuela alto y en cada risa de los ni\u00f1os\u00bb<\/em><\/strong>, expres\u00f3 conmovido el Intendente, quien encabez\u00f3 la ceremonia junto a su gabinete.<\/p>\n<p><img decoding=\"async\" class=\"aligncenter wp-image-17309 size-large\" src=\"https:\/\/comunicartesanluis.com\/v1\/wp-content\/uploads\/2024\/09\/WhatsApp-Image-2024-09-02-at-08.37.23-1024x791.jpeg\" alt=\"\" width=\"1024\" height=\"791\" srcset=\"https:\/\/comunicartesanluis.com\/v1\/wp-content\/uploads\/2024\/09\/WhatsApp-Image-2024-09-02-at-08.37.23-200x154.jpeg 200w, https:\/\/comunicartesanluis.com\/v1\/wp-content\/uploads\/2024\/09\/WhatsApp-Image-2024-09-02-at-08.37.23-300x232.jpeg 300w, https:\/\/comunicartesanluis.com\/v1\/wp-content\/uploads\/2024\/09\/WhatsApp-Image-2024-09-02-at-08.37.23-400x309.jpeg 400w, https:\/\/comunicartesanluis.com\/v1\/wp-content\/uploads\/2024\/09\/WhatsApp-Image-2024-09-02-at-08.37.23-600x463.jpeg 600w, https:\/\/comunicartesanluis.com\/v1\/wp-content\/uploads\/2024\/09\/WhatsApp-Image-2024-09-02-at-08.37.23-768x593.jpeg 768w, https:\/\/comunicartesanluis.com\/v1\/wp-content\/uploads\/2024\/09\/WhatsApp-Image-2024-09-02-at-08.37.23-800x618.jpeg 800w, https:\/\/comunicartesanluis.com\/v1\/wp-content\/uploads\/2024\/09\/WhatsApp-Image-2024-09-02-at-08.37.23-1024x791.jpeg 1024w, https:\/\/comunicartesanluis.com\/v1\/wp-content\/uploads\/2024\/09\/WhatsApp-Image-2024-09-02-at-08.37.23-1200x927.jpeg 1200w, https:\/\/comunicartesanluis.com\/v1\/wp-content\/uploads\/2024\/09\/WhatsApp-Image-2024-09-02-at-08.37.23-1536x1186.jpeg 1536w\" sizes=\"(max-width: 1024px) 100vw, 1024px\" \/><\/p>\n<p>Diversi\u00f3n para todos los gustos<\/p>\n<p>La Barrileteada Merlina no solo fue una oportunidad para disfrutar del vuelo de los barriletes, sino que tambi\u00e9n ofreci\u00f3 una amplia variedad de actividades para todas las edades. Desde clases de zumba y folclore infantil hasta estaciones deportivas y maquillaje art\u00edstico, la plaza se convirti\u00f3 en un gran espacio de entretenimiento.<\/p>\n<p>El \u201cBallet Entrelazando Caminos\u201d ofreci\u00f3 una presentaci\u00f3n que hizo vibrar a todos los presentes, mientras que los m\u00e1s peque\u00f1os disfrutaron de los peloteros inflables y las estaciones de arte.<\/p>\n<p><strong><em>\u00abLo que m\u00e1s me gust\u00f3 fue pintar y hacer mi propio barrilete\u00bb<\/em><\/strong>, coment\u00f3 Santiago, un ni\u00f1o de 8 a\u00f1os, mientras mostraba orgulloso su creaci\u00f3n.<\/p>\n<p>Un cierre dulce y especial<\/p>\n<p>La jornada culmin\u00f3 con una merienda compartida, donde los asistentes pudieron disfrutar de las famosas TFC (Tortitas Fritas Caseras) que se repartieron entre todos.<strong><em> \u00abEsta es una fiesta para disfrutar en familia, para reencontrarse con vecinos y para celebrar lo m\u00e1s importante: la felicidad de nuestros ni\u00f1os\u00bb<\/em><\/strong>, concluy\u00f3 Valeria Ruiz, una madre que asisti\u00f3 al evento con sus hijos.<\/p>\n<p>La Barrileteada Merlina sigue consolid\u00e1ndose como uno de los eventos m\u00e1s esperados en la Villa de Merlo, un d\u00eda en el que la comunidad se une en torno a la alegr\u00eda de ver c\u00f3mo sus sue\u00f1os, representados en miles de barriletes, vuelan alto en el cielo.<\/p>\n","protected":false},"excerpt":{"rendered":"<p>Miles de vecinos se reunieron en la Plaza \u00abLos Fresnos\u00bb para disfrutar de la d\u00e9cima Barrileteada Merlina, donde 4.000 barriletes llenaron de color el cielo en una jornada de alegr\u00eda y emoci\u00f3n.<\/p>\n","protected":false},"author":3,"featured_media":17308,"comment_status":"open","ping_status":"open","sticky":false,"template":"","format":"standard","meta":{"_jetpack_memberships_contains_paid_content":false,"footnotes":""},"categories":[15,16],"tags":[],"class_list":["post-17306","post","type-post","status-publish","format-standard","has-post-thumbnail","hentry","category-deporte","category-local"],"jetpack_featured_media_url":"https:\/\/comunicartesanluis.com\/v1\/wp-content\/uploads\/2024\/09\/WhatsApp-Image-2024-09-02-at-08.37.23-1.jpeg","jetpack_sharing_enabled":true,"_links":{"self":[{"href":"https:\/\/comunicartesanluis.com\/index.php\/wp-json\/wp\/v2\/posts\/17306","targetHints":{"allow":["GET"]}}],"collection":[{"href":"https:\/\/comunicartesanluis.com\/index.php\/wp-json\/wp\/v2\/posts"}],"about":[{"href":"https:\/\/comunicartesanluis.com\/index.php\/wp-json\/wp\/v2\/types\/post"}],"author":[{"embeddable":true,"href":"https:\/\/comunicartesanluis.com\/index.php\/wp-json\/wp\/v2\/users\/3"}],"replies":[{"embeddable":true,"href":"https:\/\/comunicartesanluis.com\/index.php\/wp-json\/wp\/v2\/comments?post=17306"}],"version-history":[{"count":1,"href":"https:\/\/comunicartesanluis.com\/index.php\/wp-json\/wp\/v2\/posts\/17306\/revisions"}],"predecessor-version":[{"id":17311,"href":"https:\/\/comunicartesanluis.com\/index.php\/wp-json\/wp\/v2\/posts\/17306\/revisions\/17311"}],"wp:featuredmedia":[{"embeddable":true,"href":"https:\/\/comunicartesanluis.com\/index.php\/wp-json\/wp\/v2\/media\/17308"}],"wp:attachment":[{"href":"https:\/\/comunicartesanluis.com\/index.php\/wp-json\/wp\/v2\/media?parent=17306"}],"wp:term":[{"taxonomy":"category","embeddable":true,"href":"https:\/\/comunicartesanluis.com\/index.php\/wp-json\/wp\/v2\/categories?post=17306"},{"taxonomy":"post_tag","embeddable":true,"href":"https:\/\/comunicartesanluis.com\/index.php\/wp-json\/wp\/v2\/tags?post=17306"}],"curies":[{"name":"wp","href":"https:\/\/api.w.org\/{rel}","templated":true}]}}