{"id":17344,"date":"2024-09-04T09:05:28","date_gmt":"2024-09-04T12:05:28","guid":{"rendered":"https:\/\/comunicartesanluis.com\/?p=17344"},"modified":"2024-09-04T09:05:28","modified_gmt":"2024-09-04T12:05:28","slug":"franco-colapinto-un-debut-que-supero-expectativas-en-monza-y-enciende-la-ilusion-en-williams","status":"publish","type":"post","link":"https:\/\/comunicartesanluis.com\/index.php\/2024\/09\/04\/franco-colapinto-un-debut-que-supero-expectativas-en-monza-y-enciende-la-ilusion-en-williams\/","title":{"rendered":"Franco Colapinto: Un Debut que Super\u00f3 Expectativas en Monza y Enciende la Ilusi\u00f3n en Williams"},"content":{"rendered":"<p>En tan solo 72 horas, Colapinto pas\u00f3 de ser un candidato prometedor en la F\u00f3rmula 2 a un protagonista inesperado en la m\u00e1xima categor\u00eda del automovilismo mundial. Su actuaci\u00f3n no solo fue destacada en la pista, sino que tambi\u00e9n encendi\u00f3 el entusiasmo entre los aficionados y el equipo brit\u00e1nico.<\/p>\n<p>Colapinto, de 21 a\u00f1os, fue seleccionado para reemplazar a Logan Sargeant tras una serie de malos resultados del piloto estadounidense, culminando en un accidente en la pr\u00e1ctica libre del Gran Premio de los Pa\u00edses Bajos. Sin embargo, Colapinto no se dej\u00f3 intimidar por la magnitud del desaf\u00edo. \u00abConocemos bien Monza y sab\u00edamos que Franco pod\u00eda adaptarse r\u00e1pido. Lo que hizo en pista super\u00f3 nuestras expectativas\u00bb, afirm\u00f3 Mar\u00eda Catarineu, su manager desde 2018.<\/p>\n<p><img decoding=\"async\" class=\"aligncenter wp-image-17346 size-full\" src=\"https:\/\/comunicartesanluis.com\/v1\/wp-content\/uploads\/2024\/09\/ewfWFwfwFWEFWEFW.png\" alt=\"\" width=\"768\" height=\"512\" srcset=\"https:\/\/comunicartesanluis.com\/v1\/wp-content\/uploads\/2024\/09\/ewfWFwfwFWEFWEFW-200x133.png 200w, https:\/\/comunicartesanluis.com\/v1\/wp-content\/uploads\/2024\/09\/ewfWFwfwFWEFWEFW-300x200.png 300w, https:\/\/comunicartesanluis.com\/v1\/wp-content\/uploads\/2024\/09\/ewfWFwfwFWEFWEFW-400x267.png 400w, https:\/\/comunicartesanluis.com\/v1\/wp-content\/uploads\/2024\/09\/ewfWFwfwFWEFWEFW-600x400.png 600w, https:\/\/comunicartesanluis.com\/v1\/wp-content\/uploads\/2024\/09\/ewfWFwfwFWEFWEFW.png 768w\" sizes=\"(max-width: 768px) 100vw, 768px\" \/><\/p>\n<p>Una Adaptaci\u00f3n Asombrosa<\/p>\n<p>La experiencia previa de Colapinto en Monza, donde gan\u00f3 en la F\u00f3rmula 3 en 2022 y 2023, fue crucial para su r\u00e1pida adaptaci\u00f3n al Williams FW46. Durante el fin de semana, Colapinto alcanz\u00f3 el noveno puesto en la tercera pr\u00e1ctica, y aunque un peque\u00f1o error en la curva de Lesmo le impidi\u00f3 avanzar en la clasificaci\u00f3n, su rendimiento fue suficiente para recibir elogios del director del equipo, James Vowles. \u00abNo muchos pilotos podr\u00edan haber controlado el auto como \u00e9l lo hizo en esa situaci\u00f3n\u00bb, coment\u00f3 Vowles.<\/p>\n<p>En la carrera, Colapinto demostr\u00f3 su habilidad al avanzar cinco posiciones en pista, superando a pilotos experimentados como Lance Stroll y Valtteri Bottas. \u00abFue emocionante verlo competir de t\u00fa a t\u00fa con grandes nombres de la F1\u00bb, expres\u00f3 Catarineu.<\/p>\n<p><img decoding=\"async\" class=\"aligncenter wp-image-17345 size-full\" src=\"https:\/\/comunicartesanluis.com\/v1\/wp-content\/uploads\/2024\/09\/wefWEFWEFWF.png\" alt=\"\" width=\"992\" height=\"606\" srcset=\"https:\/\/comunicartesanluis.com\/v1\/wp-content\/uploads\/2024\/09\/wefWEFWEFWF-200x122.png 200w, https:\/\/comunicartesanluis.com\/v1\/wp-content\/uploads\/2024\/09\/wefWEFWEFWF-300x183.png 300w, https:\/\/comunicartesanluis.com\/v1\/wp-content\/uploads\/2024\/09\/wefWEFWEFWF-400x244.png 400w, https:\/\/comunicartesanluis.com\/v1\/wp-content\/uploads\/2024\/09\/wefWEFWEFWF-600x367.png 600w, https:\/\/comunicartesanluis.com\/v1\/wp-content\/uploads\/2024\/09\/wefWEFWEFWF-768x469.png 768w, https:\/\/comunicartesanluis.com\/v1\/wp-content\/uploads\/2024\/09\/wefWEFWEFWF-800x489.png 800w, https:\/\/comunicartesanluis.com\/v1\/wp-content\/uploads\/2024\/09\/wefWEFWEFWF.png 992w\" sizes=\"(max-width: 992px) 100vw, 992px\" \/><\/p>\n<p>El Fervor de los Aficionados<\/p>\n<p>El debut de Colapinto no solo captur\u00f3 la atenci\u00f3n dentro de la pista. La presencia masiva de aficionados argentinos en Monza sorprendi\u00f3 al equipo y al piloto. \u00abNo esper\u00e1bamos tanta gente en el hotel, todos los d\u00edas desde temprano hab\u00eda fan\u00e1ticos esperando para verlo\u00bb, relat\u00f3 Catarineu. Incluso en momentos de descanso, la marea de seguidores fue una constante. \u00abFranco siempre se tom\u00f3 el tiempo para firmar aut\u00f3grafos y compartir con ellos\u00bb, a\u00f1adi\u00f3.<\/p>\n<p>El impacto de Colapinto en su debut ha generado una ola de optimismo en Williams. \u00abEstamos aqu\u00ed y no nos va a echar nadie\u00bb, dijo Catarineu, destacando la determinaci\u00f3n del equipo de continuar apoyando al joven talento argentino. Con un contrato que lo vincula hasta el final de la temporada, y la posibilidad de pruebas adicionales en autos de temporadas anteriores, el futuro de Colapinto en la F1 parece prometedor.<\/p>\n<p>Lo que Viene<\/p>\n<p>El calendario sigue con el Gran Premio de Azerbaiy\u00e1n en Bak\u00fa el pr\u00f3ximo 15 de septiembre, un circuito desconocido para Colapinto, pero Catarineu conf\u00eda en la r\u00e1pida adaptaci\u00f3n de su piloto. \u00abFranco ha demostrado que puede aprender r\u00e1pido, y con el apoyo de Williams, no tengo dudas de que lo har\u00e1 muy bien\u00bb, concluy\u00f3.<\/p>\n<p>Mientras tanto, el joven piloto sigue trabajando intensamente en la sede de Williams en Inglaterra, prepar\u00e1ndose para lo que promete ser una emocionante segunda mitad de la temporada. La historia de Franco Colapinto en la F\u00f3rmula 1 apenas comienza, y su debut en Monza ha dejado claro que el argentino tiene mucho que ofrecer al mundo del automovilismo.<\/p>\n","protected":false},"excerpt":{"rendered":"<p>El joven piloto argentino, Franco Colapinto, dej\u00f3 una marca imborrable en su debut en la F\u00f3rmula 1, conduciendo para el equipo Williams en el ic\u00f3nico Gran Premio de Italia en Monza.<\/p>\n","protected":false},"author":3,"featured_media":17347,"comment_status":"open","ping_status":"open","sticky":false,"template":"","format":"standard","meta":{"_jetpack_memberships_contains_paid_content":false,"footnotes":""},"categories":[15,18],"tags":[],"class_list":["post-17344","post","type-post","status-publish","format-standard","has-post-thumbnail","hentry","category-deporte","category-internacional"],"jetpack_featured_media_url":"https:\/\/comunicartesanluis.com\/v1\/wp-content\/uploads\/2024\/09\/rwefgwefwefwefwfwf.png","jetpack_sharing_enabled":true,"_links":{"self":[{"href":"https:\/\/comunicartesanluis.com\/index.php\/wp-json\/wp\/v2\/posts\/17344","targetHints":{"allow":["GET"]}}],"collection":[{"href":"https:\/\/comunicartesanluis.com\/index.php\/wp-json\/wp\/v2\/posts"}],"about":[{"href":"https:\/\/comunicartesanluis.com\/index.php\/wp-json\/wp\/v2\/types\/post"}],"author":[{"embeddable":true,"href":"https:\/\/comunicartesanluis.com\/index.php\/wp-json\/wp\/v2\/users\/3"}],"replies":[{"embeddable":true,"href":"https:\/\/comunicartesanluis.com\/index.php\/wp-json\/wp\/v2\/comments?post=17344"}],"version-history":[{"count":1,"href":"https:\/\/comunicartesanluis.com\/index.php\/wp-json\/wp\/v2\/posts\/17344\/revisions"}],"predecessor-version":[{"id":17348,"href":"https:\/\/comunicartesanluis.com\/index.php\/wp-json\/wp\/v2\/posts\/17344\/revisions\/17348"}],"wp:featuredmedia":[{"embeddable":true,"href":"https:\/\/comunicartesanluis.com\/index.php\/wp-json\/wp\/v2\/media\/17347"}],"wp:attachment":[{"href":"https:\/\/comunicartesanluis.com\/index.php\/wp-json\/wp\/v2\/media?parent=17344"}],"wp:term":[{"taxonomy":"category","embeddable":true,"href":"https:\/\/comunicartesanluis.com\/index.php\/wp-json\/wp\/v2\/categories?post=17344"},{"taxonomy":"post_tag","embeddable":true,"href":"https:\/\/comunicartesanluis.com\/index.php\/wp-json\/wp\/v2\/tags?post=17344"}],"curies":[{"name":"wp","href":"https:\/\/api.w.org\/{rel}","templated":true}]}}