{"id":17494,"date":"2024-09-16T10:06:29","date_gmt":"2024-09-16T13:06:29","guid":{"rendered":"https:\/\/comunicartesanluis.com\/?p=17494"},"modified":"2024-09-16T10:06:29","modified_gmt":"2024-09-16T13:06:29","slug":"santero-fue-imparable-gano-de-punta-a-punta-la-1a-fecha-de-la-copa-de-oro","status":"publish","type":"post","link":"https:\/\/comunicartesanluis.com\/index.php\/2024\/09\/16\/santero-fue-imparable-gano-de-punta-a-punta-la-1a-fecha-de-la-copa-de-oro\/","title":{"rendered":"Santero fue imparable: gan\u00f3 de punta a punta la 1\u00aa fecha de la Copa de Oro"},"content":{"rendered":"<p class=\"blog-post-meta\">El mendocino Juli\u00e1n Santero brill\u00f3 en el \u2018Rosendo Hern\u00e1ndez\u2019 al quedarse com la 1\u00aa fecha de la Copa de Oro del Turismo Carretera. A bordo de su Ford Mustang del equipo LCA Racing, \u2018el mendocino volador\u2019 (como lo apoda su hinchada) domin\u00f3 de principio a fin, en un evento que reuni\u00f3 a m\u00e1s de 31 mil espectadores, seg\u00fan inform\u00f3 la ACTC.<\/p>\n<div class=\"contenido-post\">\n<p>Santero fue el m\u00e1s veloz desde la clasificaci\u00f3n, gan\u00f3 su serie y, en la final, se impuso con autoridad para alcanzar su segunda victoria en el a\u00f1o dentro del TC. Este triunfo tiene un valor especial, ya que es la primera vez que lo consigue con su nuevo Ford Mustang. Antes, hab\u00eda logrado la victoria en Viedma, pero con un Ford Falcon. La cercan\u00eda entre Mendoza y San Luis fue un condimento extra, ya que terminada la carrera, los fan\u00e1ticos mendocinos coparon la zona de la premiaci\u00f3n para festejar con Santero.<\/p>\n<p><img decoding=\"async\" class=\"aligncenter wp-image-979803 size-full img-fluid\" src=\"https:\/\/agenciasanluis.com\/wp-content\/uploads\/2024\/09\/PHOTO-2024-09-15-15-41-24.jpg\" sizes=\"(max-width: 1280px) 100vw, 1280px\" srcset=\"https:\/\/agenciasanluis.com\/wp-content\/uploads\/2024\/09\/PHOTO-2024-09-15-15-41-24.jpg 1280w, https:\/\/agenciasanluis.com\/wp-content\/uploads\/2024\/09\/PHOTO-2024-09-15-15-41-24-300x200.jpg 300w, https:\/\/agenciasanluis.com\/wp-content\/uploads\/2024\/09\/PHOTO-2024-09-15-15-41-24-900x600.jpg 900w, https:\/\/agenciasanluis.com\/wp-content\/uploads\/2024\/09\/PHOTO-2024-09-15-15-41-24-768x512.jpg 768w\" alt=\"\" width=\"1280\" height=\"853\" \/><\/p>\n<p>El podio lo completaron Jos\u00e9 Manuel Urcera, tambi\u00e9n con Ford Mustang, y Facundo Ardusso, quien alcanz\u00f3 su mejor posici\u00f3n de la temporada al terminar tercero con un Chevrolet Camaro.<\/p>\n<p>Tras el triunfo, Santero expres\u00f3 su satisfacci\u00f3n: \u201cEstoy muy feliz por este resultado tan cerca de mi casa. El auto funcion\u00f3 de maravillas todo el fin de semana, es muy bueno arrancar la Copa de esta manera y creo que si seguimos por este camino seremos protagonistas a la hora del t\u00edtulo, igual prefiero la cautela y seguir paso a paso\u201d.<\/p>\n<p><img decoding=\"async\" class=\"aligncenter wp-image-979804 size-full img-fluid\" src=\"https:\/\/agenciasanluis.com\/wp-content\/uploads\/2024\/09\/PHOTO-2024-09-15-15-41-24_1.jpg\" sizes=\"(max-width: 1280px) 100vw, 1280px\" srcset=\"https:\/\/agenciasanluis.com\/wp-content\/uploads\/2024\/09\/PHOTO-2024-09-15-15-41-24_1.jpg 1280w, https:\/\/agenciasanluis.com\/wp-content\/uploads\/2024\/09\/PHOTO-2024-09-15-15-41-24_1-300x200.jpg 300w, https:\/\/agenciasanluis.com\/wp-content\/uploads\/2024\/09\/PHOTO-2024-09-15-15-41-24_1-900x600.jpg 900w, https:\/\/agenciasanluis.com\/wp-content\/uploads\/2024\/09\/PHOTO-2024-09-15-15-41-24_1-768x512.jpg 768w\" alt=\"\" width=\"1280\" height=\"854\" \/><\/p>\n<p>Sin embargo, el piloto de Toyota, Esteban Gini, encendi\u00f3 la pol\u00e9mica al denunciar a los pilotos del podio por \u201cirregularidades en sus autos\u201d. \u201cQuiero denunciar a Fritzler y los tres podios. No puede ser la diferencia que hacen, Fritzler me pasa como si nada. O estoy muy poco competitivo\u00a0 o tengo que cambiar de equipo, o hay algo irregular en los dem\u00e1s\u201d, agreg\u00f3. Por esto, la carrera quedar\u00e1 en suspenso hasta que los comisarios deportivos verifiquen la denuncia.<\/p>\n<p>De quedar todo as\u00ed, Santero seguir\u00e1 arriba en el campeonato de la Copa de Oro con 70 puntos, seguido por Urcera con 50, y Ardusso con 39. El Turismo Carretera continuar\u00e1 su competencia el pr\u00f3ximo 29 de septiembre en Paran\u00e1, Entre R\u00edos, donde la categor\u00eda disputar\u00e1 la 12\u00aa fecha de su calendario.<\/p>\n<\/div>\n<p>&nbsp;<\/p>\n<p>&nbsp;<\/p>\n<p>&nbsp;<\/p>\n<p>ANSL<\/p>\n","protected":false},"excerpt":{"rendered":"<p>Ante m\u00e1s de 31 mil personas que coparon el \u2018Rosendo Hern\u00e1ndez\u2019, el piloto mendocino se qued\u00f3 con el triunfo y sigue en lo m\u00e1s alto del campeonato. Lo siguieron Jos\u00e9 Manuel Urcera y Facundo Ardusso.<\/p>\n","protected":false},"author":3,"featured_media":17495,"comment_status":"open","ping_status":"open","sticky":false,"template":"","format":"standard","meta":{"_jetpack_memberships_contains_paid_content":false,"footnotes":""},"categories":[15,16],"tags":[],"class_list":["post-17494","post","type-post","status-publish","format-standard","has-post-thumbnail","hentry","category-deporte","category-local"],"jetpack_featured_media_url":"https:\/\/comunicartesanluis.com\/v1\/wp-content\/uploads\/2024\/09\/PHOTO-2024-09-15-15-41-24_5.jpg","jetpack_sharing_enabled":true,"_links":{"self":[{"href":"https:\/\/comunicartesanluis.com\/index.php\/wp-json\/wp\/v2\/posts\/17494","targetHints":{"allow":["GET"]}}],"collection":[{"href":"https:\/\/comunicartesanluis.com\/index.php\/wp-json\/wp\/v2\/posts"}],"about":[{"href":"https:\/\/comunicartesanluis.com\/index.php\/wp-json\/wp\/v2\/types\/post"}],"author":[{"embeddable":true,"href":"https:\/\/comunicartesanluis.com\/index.php\/wp-json\/wp\/v2\/users\/3"}],"replies":[{"embeddable":true,"href":"https:\/\/comunicartesanluis.com\/index.php\/wp-json\/wp\/v2\/comments?post=17494"}],"version-history":[{"count":1,"href":"https:\/\/comunicartesanluis.com\/index.php\/wp-json\/wp\/v2\/posts\/17494\/revisions"}],"predecessor-version":[{"id":17496,"href":"https:\/\/comunicartesanluis.com\/index.php\/wp-json\/wp\/v2\/posts\/17494\/revisions\/17496"}],"wp:featuredmedia":[{"embeddable":true,"href":"https:\/\/comunicartesanluis.com\/index.php\/wp-json\/wp\/v2\/media\/17495"}],"wp:attachment":[{"href":"https:\/\/comunicartesanluis.com\/index.php\/wp-json\/wp\/v2\/media?parent=17494"}],"wp:term":[{"taxonomy":"category","embeddable":true,"href":"https:\/\/comunicartesanluis.com\/index.php\/wp-json\/wp\/v2\/categories?post=17494"},{"taxonomy":"post_tag","embeddable":true,"href":"https:\/\/comunicartesanluis.com\/index.php\/wp-json\/wp\/v2\/tags?post=17494"}],"curies":[{"name":"wp","href":"https:\/\/api.w.org\/{rel}","templated":true}]}}