{"id":17536,"date":"2024-09-18T10:15:44","date_gmt":"2024-09-18T13:15:44","guid":{"rendered":"https:\/\/comunicartesanluis.com\/?p=17536"},"modified":"2024-09-18T10:20:52","modified_gmt":"2024-09-18T13:20:52","slug":"el-torneo-regional-federal-amateur-ya-tiene-fecha-de-inicio","status":"publish","type":"post","link":"https:\/\/comunicartesanluis.com\/index.php\/2024\/09\/18\/el-torneo-regional-federal-amateur-ya-tiene-fecha-de-inicio\/","title":{"rendered":"El Torneo Regional Federal Amateur ya tiene fecha de inicio?"},"content":{"rendered":"<p>El f\u00fatbol regional se prepara para vivir grandes emociones con el inicio del Torneo Regional Federal Amateur, y la fecha de debut ya est\u00e1 confirmada el *13 de octubre*, cuando San Mart\u00edn de Merlo se enfrente a Colegiales de Villa Mercedes. Este prometedor encuentro abrir\u00e1 un certamen cargado de intensidad y pasi\u00f3n, donde los equipos dejar\u00e1n todo en la cancha.\u00a0 Pero de que depende esto? de la confirmaci\u00f3n del Consejo Federal de F\u00fatbol, en palabras de Mario Echeverr\u00eda Presidente de la Liga Sanluise\u00f1a.<\/p>\n<p>Para ir calentando motores hablamos con los protagonistas de los equipos del valle, nuestra liga.<\/p>\n<p>Nicol\u00e1s Arias, arquero de San Mart\u00edn, nos comparti\u00f3 sus sensaciones respecto a la preparaci\u00f3n del equipo:<\/p>\n<p style=\"text-align: center;\"><strong><em>*\u00bbEstamos 10 puntos, tuvimos una buena pretemporada y ya conocemos los rivales. Sabemos que alg\u00fan refuerzo vendr\u00e1, porque necesitamos calidad. El torneo ser\u00e1 intenso y estamos listos para dar lo mejor.\u00bb* \ud83d\udcaa<\/em><\/strong><\/p>\n<p><img decoding=\"async\" class=\"aligncenter wp-image-17539 size-full\" src=\"https:\/\/comunicartesanluis.com\/v1\/wp-content\/uploads\/2024\/09\/WhatsApp-Image-2024-09-17-at-15.54.05.jpeg\" alt=\"\" width=\"828\" height=\"553\" srcset=\"https:\/\/comunicartesanluis.com\/v1\/wp-content\/uploads\/2024\/09\/WhatsApp-Image-2024-09-17-at-15.54.05-200x134.jpeg 200w, https:\/\/comunicartesanluis.com\/v1\/wp-content\/uploads\/2024\/09\/WhatsApp-Image-2024-09-17-at-15.54.05-300x200.jpeg 300w, https:\/\/comunicartesanluis.com\/v1\/wp-content\/uploads\/2024\/09\/WhatsApp-Image-2024-09-17-at-15.54.05-400x267.jpeg 400w, https:\/\/comunicartesanluis.com\/v1\/wp-content\/uploads\/2024\/09\/WhatsApp-Image-2024-09-17-at-15.54.05-600x401.jpeg 600w, https:\/\/comunicartesanluis.com\/v1\/wp-content\/uploads\/2024\/09\/WhatsApp-Image-2024-09-17-at-15.54.05-768x513.jpeg 768w, https:\/\/comunicartesanluis.com\/v1\/wp-content\/uploads\/2024\/09\/WhatsApp-Image-2024-09-17-at-15.54.05-800x534.jpeg 800w, https:\/\/comunicartesanluis.com\/v1\/wp-content\/uploads\/2024\/09\/WhatsApp-Image-2024-09-17-at-15.54.05.jpeg 828w\" sizes=\"(max-width: 828px) 100vw, 828px\" \/><\/p>\n<p>Por su parte, tambi\u00e9n conversamos con Maxi Funes, jugador de BAP de Concar\u00e1n, quien nos habl\u00f3 del presente de su equipo tras un cambio en la direcci\u00f3n t\u00e9cnica:<\/p>\n<p><img decoding=\"async\" class=\"aligncenter wp-image-17538 size-large\" src=\"https:\/\/comunicartesanluis.com\/v1\/wp-content\/uploads\/2024\/09\/WhatsApp-Image-2024-09-17-at-22.47.21-768x1024.jpeg\" alt=\"\" width=\"768\" height=\"1024\" srcset=\"https:\/\/comunicartesanluis.com\/v1\/wp-content\/uploads\/2024\/09\/WhatsApp-Image-2024-09-17-at-22.47.21-200x267.jpeg 200w, https:\/\/comunicartesanluis.com\/v1\/wp-content\/uploads\/2024\/09\/WhatsApp-Image-2024-09-17-at-22.47.21-225x300.jpeg 225w, https:\/\/comunicartesanluis.com\/v1\/wp-content\/uploads\/2024\/09\/WhatsApp-Image-2024-09-17-at-22.47.21-400x533.jpeg 400w, https:\/\/comunicartesanluis.com\/v1\/wp-content\/uploads\/2024\/09\/WhatsApp-Image-2024-09-17-at-22.47.21-600x800.jpeg 600w, https:\/\/comunicartesanluis.com\/v1\/wp-content\/uploads\/2024\/09\/WhatsApp-Image-2024-09-17-at-22.47.21-768x1024.jpeg 768w, https:\/\/comunicartesanluis.com\/v1\/wp-content\/uploads\/2024\/09\/WhatsApp-Image-2024-09-17-at-22.47.21-800x1067.jpeg 800w, https:\/\/comunicartesanluis.com\/v1\/wp-content\/uploads\/2024\/09\/WhatsApp-Image-2024-09-17-at-22.47.21-1152x1536.jpeg 1152w, https:\/\/comunicartesanluis.com\/v1\/wp-content\/uploads\/2024\/09\/WhatsApp-Image-2024-09-17-at-22.47.21.jpeg 1200w\" sizes=\"(max-width: 768px) 100vw, 768px\" \/><\/p>\n<p style=\"text-align: center;\"><strong><em>\u00abVenimos ajustando tras el cambio de t\u00e9cnico. El equipo est\u00e1 bien, con jugadores que se reincorporaron. Tuvimos algunas lesiones, pero nos estamos recuperando. Personalmente, me siento mejorando d\u00eda a d\u00eda, y creo que el grupo est\u00e1 muy unido, lo que nos representa. Estamos enfocados y con mucha ilusi\u00f3n por lo que viene. Vamos a dejar todo en la cancha.\u00bb \u26a1<\/em><\/strong><\/p>\n<p>Este torneo promete ser uno de los m\u00e1s competitivos, con equipos que llegan con grandes expectativas y listos para dar batalla en cada partido. Los fan\u00e1ticos del f\u00fatbol regional est\u00e1n expectantes y listos para apoyar a sus equipos con toda la energ\u00eda que caracteriza a este torneo.<\/p>\n<p>&nbsp;<\/p>\n<p>Bueno volvamos a lo presentado en el Consejo Federal, aunque quedan por confirmar la semana que viene las licencias:<\/p>\n<div class=\"x11i5rnm xat24cr x1mh8g0r x1vvkbs xtlvy1s x126k92a\">\n<div dir=\"auto\">Torneo Regional Federal Amateur, contar\u00e1 con ocho equipos que serian parte del evento que arranca el pr\u00f3ximo 13 de octubre.<\/div>\n<\/div>\n<div class=\"x11i5rnm xat24cr x1mh8g0r x1vvkbs xtlvy1s x126k92a\">\n<div dir=\"auto\">Los grupos:<\/div>\n<\/div>\n<div class=\"x11i5rnm xat24cr x1mh8g0r x1vvkbs xtlvy1s x126k92a\">\n<div dir=\"auto\">Grupo A<\/div>\n<div dir=\"auto\">Estaci\u00f3n, Dep. La Punta, Colegiales de Villa Mercedes, San Martin de Merlo,<\/div>\n<\/div>\n<div class=\"x11i5rnm xat24cr x1mh8g0r x1vvkbs xtlvy1s x126k92a\">\n<div dir=\"auto\">Grupo B<\/div>\n<div dir=\"auto\">Dolores BAP de Concaran, Jorge Newbery de Villa Mercedes, San Antonio de Estancia Grande y El EFI Jrs de San Luis.<\/div>\n<\/div>\n<p>&nbsp;<\/p>\n<p>&nbsp;<\/p>\n<p>&nbsp;<\/p>\n<p>Foto: El amateurs de Quines -Sl.<\/p>\n","protected":false},"excerpt":{"rendered":"<p>El Torneo Regional esta al caer y el Secretario de Coordinaci\u00f3n del Consejo Federal y Presidente Federaci\u00f3n Sanluise\u00f1a, Mario Javier Echevarr\u00eda, nos cuenta los detalles de la presentacion que se hizo frente al Consejo Federal.  <\/p>\n","protected":false},"author":3,"featured_media":17537,"comment_status":"open","ping_status":"open","sticky":false,"template":"","format":"standard","meta":{"_jetpack_memberships_contains_paid_content":false,"footnotes":""},"categories":[15,16],"tags":[],"class_list":["post-17536","post","type-post","status-publish","format-standard","has-post-thumbnail","hentry","category-deporte","category-local"],"jetpack_featured_media_url":"https:\/\/comunicartesanluis.com\/v1\/wp-content\/uploads\/2024\/09\/wefawfawefw.png","jetpack_sharing_enabled":true,"_links":{"self":[{"href":"https:\/\/comunicartesanluis.com\/index.php\/wp-json\/wp\/v2\/posts\/17536","targetHints":{"allow":["GET"]}}],"collection":[{"href":"https:\/\/comunicartesanluis.com\/index.php\/wp-json\/wp\/v2\/posts"}],"about":[{"href":"https:\/\/comunicartesanluis.com\/index.php\/wp-json\/wp\/v2\/types\/post"}],"author":[{"embeddable":true,"href":"https:\/\/comunicartesanluis.com\/index.php\/wp-json\/wp\/v2\/users\/3"}],"replies":[{"embeddable":true,"href":"https:\/\/comunicartesanluis.com\/index.php\/wp-json\/wp\/v2\/comments?post=17536"}],"version-history":[{"count":3,"href":"https:\/\/comunicartesanluis.com\/index.php\/wp-json\/wp\/v2\/posts\/17536\/revisions"}],"predecessor-version":[{"id":17542,"href":"https:\/\/comunicartesanluis.com\/index.php\/wp-json\/wp\/v2\/posts\/17536\/revisions\/17542"}],"wp:featuredmedia":[{"embeddable":true,"href":"https:\/\/comunicartesanluis.com\/index.php\/wp-json\/wp\/v2\/media\/17537"}],"wp:attachment":[{"href":"https:\/\/comunicartesanluis.com\/index.php\/wp-json\/wp\/v2\/media?parent=17536"}],"wp:term":[{"taxonomy":"category","embeddable":true,"href":"https:\/\/comunicartesanluis.com\/index.php\/wp-json\/wp\/v2\/categories?post=17536"},{"taxonomy":"post_tag","embeddable":true,"href":"https:\/\/comunicartesanluis.com\/index.php\/wp-json\/wp\/v2\/tags?post=17536"}],"curies":[{"name":"wp","href":"https:\/\/api.w.org\/{rel}","templated":true}]}}