{"id":17591,"date":"2024-09-23T09:54:37","date_gmt":"2024-09-23T12:54:37","guid":{"rendered":"https:\/\/comunicartesanluis.com\/?p=17591"},"modified":"2024-09-23T09:54:37","modified_gmt":"2024-09-23T12:54:37","slug":"juventud-de-cortaderas-la-otra-cara-del-futbol-en-el-valle-del-conlara","status":"publish","type":"post","link":"https:\/\/comunicartesanluis.com\/index.php\/2024\/09\/23\/juventud-de-cortaderas-la-otra-cara-del-futbol-en-el-valle-del-conlara\/","title":{"rendered":"Juventud de Cortaderas: La Otra Cara del F\u00fatbol en el Valle del Conlara"},"content":{"rendered":"<p>Una temporada complicada que deja un sabor amargo, pero tambi\u00e9n muchas ense\u00f1anzas para el futuro.<\/p>\n<p>Una Temporada de Altibajos y Desaf\u00edos<\/p>\n<p>La campa\u00f1a de Juventud de Cortaderas estuvo marcada por los altibajos y las dificultades. A lo largo de la temporada, el equipo lidi\u00f3 con problemas en la defensa y una falta de contundencia ofensiva que se tradujeron en pocas victorias y muchas derrotas ajustadas. Adem\u00e1s, los incidentes en fechas pasadas que derivaron en la quita de puntos terminaron siendo un golpe de gracia para un equipo que nunca dej\u00f3 de luchar.<\/p>\n<p>El Cl\u00e1sico que Decidi\u00f3 el Destino<\/p>\n<p>El partido decisivo se jug\u00f3 en la cancha de San Mart\u00edn de Merlo, un escenario neutral que no logr\u00f3 cambiar la historia para los de Cortaderas. Aunque iniciaron el partido con mucha energ\u00eda y llegaron a igualar el marcador con un gol de Navarro, la actuaci\u00f3n estelar del arquero Qui\u00f1ones y los goles de Becker y Arg\u00fcello para el equipo de Carpinter\u00eda fueron suficientes para sellar el descenso.<\/p>\n<p>Un Final Amargo pero Esperanzador<\/p>\n<p>El descenso siempre es un trago amargo para cualquier equipo, pero Juventud de Cortaderas tiene la oportunidad de replantear su futuro en la segunda divisi\u00f3n. La directiva ya est\u00e1 trabajando en un proyecto a largo plazo que incluye la promoci\u00f3n de j\u00f3venes talentos y la consolidaci\u00f3n de una estructura deportiva que permita volver a la m\u00e1xima categor\u00eda del Valle con un equipo m\u00e1s s\u00f3lido y competitivo.<\/p>\n<p>La Liga Sigue su Curso<\/p>\n<p>Mientras tanto, el resto de la jornada de la Liga se complet\u00f3 con el pendiente de la Fecha 10 entre Sarmiento de Tilisarao y Deportivo Pringles de La Toma. En un partido disputado a puertas cerradas en la cancha de Deportivo Naschel, Sarmiento se impuso 1-0 con un gol de D\u00edaz, asegurando as\u00ed su lugar en la lucha por los primeros puestos de la zona sur.<\/p>\n<p>Lo que Viene para la LFDVC<\/p>\n<p>Con Juventud de Cortaderas ya descendido, la Liga entra en su fase m\u00e1s emocionante con varios equipos peleando por el t\u00edtulo y otros intentando evitar la promoci\u00f3n. Los partidos pendientes de la Fecha 13 prometen ser determinantes, especialmente en la zona norte, donde San Mart\u00edn de Merlo, Casino y Juventud de Carpinter\u00eda buscan consolidarse en la cima de la tabla.<\/p>\n<p>En la zona sur, la lucha est\u00e1 m\u00e1s ajustada con Atl\u00e9tico Concar\u00e1n y Naschel Unidos liderando, pero con Dolores BAP y Sarmiento de Tilisarao pis\u00e1ndoles los talones. A falta de pocas fechas para el final, cada punto cuenta y el margen de error es m\u00ednimo.<\/p>\n<p>El Futuro de Juventud de Cortaderas<\/p>\n<p>El camino hacia la redenci\u00f3n no ser\u00e1 f\u00e1cil para Juventud de Cortaderas, pero el esp\u00edritu del club y el apoyo de su hinchada ser\u00e1n fundamentales para regresar m\u00e1s fuerte. La segunda divisi\u00f3n ser\u00e1 el escenario perfecto para rearmarse y volver a so\u00f1ar con la primera. El f\u00fatbol, como la vida, siempre da revanchas.<\/p>\n<p>Por ahora, los de Cortaderas deben levantar la cabeza, aprender de esta dura experiencia y prepararse para escribir un nuevo cap\u00edtulo en su historia. Porque el f\u00fatbol, en su esencia, es un juego de segundas oportunidades.<\/p>\n","protected":false},"excerpt":{"rendered":"<p>A veces, el f\u00fatbol no solo nos regala historias de gloria, sino tambi\u00e9n lecciones de resiliencia y superaci\u00f3n. As\u00ed lo demostr\u00f3 Juventud de Cortaderas, que, tras caer 2-1 ante Juventud de Carpinter\u00eda en el cl\u00e1sico de la zona norte, confirm\u00f3 su descenso a la segunda divisi\u00f3n de la Liga Futbol\u00edstica y Deportiva del Valle del Conlara.<\/p>\n","protected":false},"author":3,"featured_media":17592,"comment_status":"open","ping_status":"open","sticky":false,"template":"","format":"standard","meta":{"_jetpack_memberships_contains_paid_content":false,"footnotes":""},"categories":[8,15,16],"tags":[],"class_list":["post-17591","post","type-post","status-publish","format-standard","has-post-thumbnail","hentry","category-actualidad","category-deporte","category-local"],"jetpack_featured_media_url":"https:\/\/comunicartesanluis.com\/v1\/wp-content\/uploads\/2024\/09\/regtyufkyuilkgyu.png","jetpack_sharing_enabled":true,"_links":{"self":[{"href":"https:\/\/comunicartesanluis.com\/index.php\/wp-json\/wp\/v2\/posts\/17591","targetHints":{"allow":["GET"]}}],"collection":[{"href":"https:\/\/comunicartesanluis.com\/index.php\/wp-json\/wp\/v2\/posts"}],"about":[{"href":"https:\/\/comunicartesanluis.com\/index.php\/wp-json\/wp\/v2\/types\/post"}],"author":[{"embeddable":true,"href":"https:\/\/comunicartesanluis.com\/index.php\/wp-json\/wp\/v2\/users\/3"}],"replies":[{"embeddable":true,"href":"https:\/\/comunicartesanluis.com\/index.php\/wp-json\/wp\/v2\/comments?post=17591"}],"version-history":[{"count":1,"href":"https:\/\/comunicartesanluis.com\/index.php\/wp-json\/wp\/v2\/posts\/17591\/revisions"}],"predecessor-version":[{"id":17593,"href":"https:\/\/comunicartesanluis.com\/index.php\/wp-json\/wp\/v2\/posts\/17591\/revisions\/17593"}],"wp:featuredmedia":[{"embeddable":true,"href":"https:\/\/comunicartesanluis.com\/index.php\/wp-json\/wp\/v2\/media\/17592"}],"wp:attachment":[{"href":"https:\/\/comunicartesanluis.com\/index.php\/wp-json\/wp\/v2\/media?parent=17591"}],"wp:term":[{"taxonomy":"category","embeddable":true,"href":"https:\/\/comunicartesanluis.com\/index.php\/wp-json\/wp\/v2\/categories?post=17591"},{"taxonomy":"post_tag","embeddable":true,"href":"https:\/\/comunicartesanluis.com\/index.php\/wp-json\/wp\/v2\/tags?post=17591"}],"curies":[{"name":"wp","href":"https:\/\/api.w.org\/{rel}","templated":true}]}}