{"id":17820,"date":"2024-10-09T09:59:35","date_gmt":"2024-10-09T12:59:35","guid":{"rendered":"https:\/\/comunicartesanluis.com\/?p=17820"},"modified":"2024-10-09T09:59:35","modified_gmt":"2024-10-09T12:59:35","slug":"todo-listo-para-el-29o-rally-de-tilisarao-emocion-velocidad-y-desafios-en-la-ruta","status":"publish","type":"post","link":"https:\/\/comunicartesanluis.com\/index.php\/2024\/10\/09\/todo-listo-para-el-29o-rally-de-tilisarao-emocion-velocidad-y-desafios-en-la-ruta\/","title":{"rendered":"Todo listo para el 29\u00ba Rally de Tilisarao: emoci\u00f3n, velocidad y desaf\u00edos en la ruta"},"content":{"rendered":"<p>La Federaci\u00f3n Regional de Automovilismo Deportivo de San Luis (FRADSL) ha revelado los detalles del recorrido de la 29\u00aa edici\u00f3n, y los fan\u00e1ticos del deporte motor ya se preparan para disfrutar de un evento cargado de adrenalina, con tramos desafiantes y un paisaje incomparable.<\/p>\n<p>Inicio simb\u00f3lico y una competencia que promete<\/p>\n<p>La acci\u00f3n comenzar\u00e1 este viernes por la noche, cuando se realice la largada simb\u00f3lica en la intersecci\u00f3n de las avenidas Mitre y C\u00f3rdoba en Tilisarao. Este evento marcar\u00e1 el arranque oficial de la competencia, ofreciendo a los espectadores una oportunidad \u00fanica de ver de cerca a los veh\u00edculos y sus pilotos, antes de que inicie el verdadero desaf\u00edo en los caminos serranos.<\/p>\n<p>El rally tomar\u00e1 velocidad el s\u00e1bado, con dos recorridos que pondr\u00e1n a prueba la destreza de los competidores. Los tramos de **San Pablo-La Cocha (11,68 km)** y **La Cocha-Estancia L\u00f3pez (16,17 km)** ser\u00e1n los encargados de abrir la jornada. Estos sectores combinan terrenos r\u00e1pidos y t\u00e9cnicos, demandando m\u00e1xima precisi\u00f3n por parte de los pilotos.<\/p>\n<p>Para el domingo, el desaf\u00edo continuar\u00e1 con dos tramos adicionales: \u00c1rbol Solo-Dique San Felipe (13,12 km) y el definitivo Renca-Tilisarao (9,56 km). Aqu\u00ed, los equipos deber\u00e1n mantener el enfoque, ya que el m\u00e1s m\u00ednimo error podr\u00eda costarles la victoria.<\/p>\n<p><img decoding=\"async\" class=\"aligncenter wp-image-17822 size-full\" src=\"https:\/\/comunicartesanluis.com\/v1\/wp-content\/uploads\/2024\/10\/werthdjfuky.png\" alt=\"\" width=\"696\" height=\"492\" srcset=\"https:\/\/comunicartesanluis.com\/v1\/wp-content\/uploads\/2024\/10\/werthdjfuky-200x141.png 200w, https:\/\/comunicartesanluis.com\/v1\/wp-content\/uploads\/2024\/10\/werthdjfuky-300x212.png 300w, https:\/\/comunicartesanluis.com\/v1\/wp-content\/uploads\/2024\/10\/werthdjfuky-400x283.png 400w, https:\/\/comunicartesanluis.com\/v1\/wp-content\/uploads\/2024\/10\/werthdjfuky-600x424.png 600w, https:\/\/comunicartesanluis.com\/v1\/wp-content\/uploads\/2024\/10\/werthdjfuky.png 696w\" sizes=\"(max-width: 696px) 100vw, 696px\" \/><\/p>\n<p>La lucha por el campeonato sigue al rojo vivo<\/p>\n<p>La competencia no solo ser\u00e1 emocionante por el trazado, sino tambi\u00e9n por las posiciones en el campeonato. En la Clase A, Federico Bassi (VW Gol Trend) llega como l\u00edder, pero su ventaja es m\u00ednima. Con solo 13 puntos sobre su perseguidor m\u00e1s cercano, Luis Garc\u00eda (VW Gol Trend), y con Emmanuel Bracco (ganador de la \u00faltima fecha) tambi\u00e9n en la pelea, esta categor\u00eda promete ser una de las m\u00e1s disputadas del fin de semana.<\/p>\n<p>Por su parte, **Pablo Chac\u00f3n** domina en la Clase N7, mientras que la batalla en la Clase N6 est\u00e1 protagonizada por **Mario G\u00f3mez** y **Pascual Celdr\u00e1n**, ambos al mando de VW Gol. En la Clase N2, los principales contendientes son **Jorge Garc\u00eda Quiroga** y **Marcelo Vilchez**, tambi\u00e9n al volante de veh\u00edculos VW Gol.<\/p>\n<p>Un final vibrante en la Clase N2STD<\/p>\n<p>Uno de los platos fuertes del Rally de Tilisarao ser\u00e1 la definici\u00f3n de la **Clase N2STD**, donde tres pilotos est\u00e1n en la cima de la tabla: **Orlando Puliti**, **Federico Arito** (ambos en VW Gol Trend) y **Walter Escudero** (Ford Ka). La pelea por el t\u00edtulo en esta categor\u00eda se ha vuelto sumamente interesante, y cualquier resultado es posible en una competencia tan ajustada.<\/p>\n<p>Un evento para toda la comunidad<\/p>\n<p>El Rally de Tilisarao no solo ser\u00e1 un espect\u00e1culo para los amantes del automovilismo, sino tambi\u00e9n una oportunidad para la comunidad local de disfrutar de un evento deportivo de primer nivel. Las rutas elegidas para este fin de semana ofrecen vistas panor\u00e1micas y una oportunidad \u00fanica para ver en acci\u00f3n a algunos de los mejores pilotos del pa\u00eds, mientras enfrentan los caminos de tierra y las condiciones cambiantes de la geograf\u00eda puntana.<\/p>\n<p>La emoci\u00f3n est\u00e1 garantizada en este s\u00e9ptimo cap\u00edtulo del Campeonato Provincial de Rally, donde cada segundo cuenta y el m\u00e1s m\u00ednimo error puede ser la diferencia entre la gloria y la derrota. Con todo listo, ahora solo queda esperar al viernes para que los motores comiencen a rugir y el Rally de Tilisarao nos regale un fin de semana inolvidable.<\/p>\n<p>&nbsp;<\/p>\n<p>&nbsp;<\/p>\n<p>&nbsp;<\/p>\n<p>&nbsp;<\/p>\n<p>&nbsp;<\/p>\n<p>&nbsp;<\/p>\n<p>&nbsp;<\/p>\n<p>&nbsp;<\/p>\n<p>&nbsp;<\/p>\n<p>&nbsp;<\/p>\n<p>Fuente; Deporte San Luis<\/p>\n","protected":false},"excerpt":{"rendered":"<p>Este fin de semana, los motores volver\u00e1n a rugir en las sierras puntanas con el esperado Rally de Tilisarao, una de las fechas m\u00e1s emblem\u00e1ticas del Campeonato Provincial de Rally. <\/p>\n","protected":false},"author":3,"featured_media":17821,"comment_status":"open","ping_status":"open","sticky":false,"template":"","format":"standard","meta":{"_jetpack_memberships_contains_paid_content":false,"footnotes":""},"categories":[15,16],"tags":[],"class_list":["post-17820","post","type-post","status-publish","format-standard","has-post-thumbnail","hentry","category-deporte","category-local"],"jetpack_featured_media_url":"https:\/\/comunicartesanluis.com\/v1\/wp-content\/uploads\/2024\/10\/qwergrjftyudrterg.png","jetpack_sharing_enabled":true,"_links":{"self":[{"href":"https:\/\/comunicartesanluis.com\/index.php\/wp-json\/wp\/v2\/posts\/17820","targetHints":{"allow":["GET"]}}],"collection":[{"href":"https:\/\/comunicartesanluis.com\/index.php\/wp-json\/wp\/v2\/posts"}],"about":[{"href":"https:\/\/comunicartesanluis.com\/index.php\/wp-json\/wp\/v2\/types\/post"}],"author":[{"embeddable":true,"href":"https:\/\/comunicartesanluis.com\/index.php\/wp-json\/wp\/v2\/users\/3"}],"replies":[{"embeddable":true,"href":"https:\/\/comunicartesanluis.com\/index.php\/wp-json\/wp\/v2\/comments?post=17820"}],"version-history":[{"count":1,"href":"https:\/\/comunicartesanluis.com\/index.php\/wp-json\/wp\/v2\/posts\/17820\/revisions"}],"predecessor-version":[{"id":17823,"href":"https:\/\/comunicartesanluis.com\/index.php\/wp-json\/wp\/v2\/posts\/17820\/revisions\/17823"}],"wp:featuredmedia":[{"embeddable":true,"href":"https:\/\/comunicartesanluis.com\/index.php\/wp-json\/wp\/v2\/media\/17821"}],"wp:attachment":[{"href":"https:\/\/comunicartesanluis.com\/index.php\/wp-json\/wp\/v2\/media?parent=17820"}],"wp:term":[{"taxonomy":"category","embeddable":true,"href":"https:\/\/comunicartesanluis.com\/index.php\/wp-json\/wp\/v2\/categories?post=17820"},{"taxonomy":"post_tag","embeddable":true,"href":"https:\/\/comunicartesanluis.com\/index.php\/wp-json\/wp\/v2\/tags?post=17820"}],"curies":[{"name":"wp","href":"https:\/\/api.w.org\/{rel}","templated":true}]}}