{"id":17852,"date":"2024-10-14T09:50:21","date_gmt":"2024-10-14T12:50:21","guid":{"rendered":"https:\/\/comunicartesanluis.com\/?p=17852"},"modified":"2024-10-14T09:51:55","modified_gmt":"2024-10-14T12:51:55","slug":"pablo-chacon-se-consagra-campeon-de-la-clase-n7-en-el-rally-de-tilisarao","status":"publish","type":"post","link":"https:\/\/comunicartesanluis.com\/index.php\/2024\/10\/14\/pablo-chacon-se-consagra-campeon-de-la-clase-n7-en-el-rally-de-tilisarao\/","title":{"rendered":"Pablo Chac\u00f3n se consagra campe\u00f3n de la Clase N7 en el Rally de Tilisarao"},"content":{"rendered":"<p>El gran protagonista del d\u00eda fue Pablo Chac\u00f3n, quien se alz\u00f3 con el t\u00edtulo en la Clase N7, destac\u00e1ndose entre los competidores locales.<\/p>\n<p>Un t\u00edtulo merecido para Chac\u00f3n<\/p>\n<p>Chac\u00f3n, al mando de su VW Gol, sell\u00f3 su consagraci\u00f3n como campe\u00f3n de la Clase N7 tras completar los tramos cronometrados con un s\u00f3lido rendimiento. Los competidores enfrentaron dos pasadas en los exigentes circuitos de San Pablo-La Cocha (11,68 km) y La Cocha-Estancia L\u00f3pez (16,17 km), en los cuales el nuevo campe\u00f3n de la N7 mostr\u00f3 su superioridad, logrando mantener una ventaja suficiente para asegurar el t\u00edtulo.<\/p>\n<p>Desarrollo de la competencia<\/p>\n<p>La jornada comenz\u00f3 con la largada simb\u00f3lica realizada el viernes por la tarde en Tilisarao, donde los fan\u00e1ticos del rally se congregaron para dar el puntapi\u00e9 inicial a la competencia. En la jornada del s\u00e1bado, los pilotos recorrieron los dos tramos previstos en repetidas ocasiones, enfrent\u00e1ndose a terrenos desafiantes y a una gran expectativa por parte del p\u00fablico local.<\/p>\n<p>En la lucha por la General y la Clase A, Diego Semper, tambi\u00e9n al volante de un VW Gol Trend, se consolid\u00f3 como el l\u00edder de la competencia. Tras \u00e9l, Luis Garc\u00eda, tambi\u00e9n con un VW Gol Trend, y Feliciano De la Mota, con un Ford Fiesta, ocuparon el segundo y tercer lugar, respectivamente. De la Mota, adem\u00e1s, lidera la Clase RC5.<\/p>\n<p>Otras categor\u00edas destacadas<\/p>\n<p>En la clasificaci\u00f3n general, Servando Etchepere ocupa la cuarta posici\u00f3n con su VW Gol, mientras que Jorge Garc\u00eda Quiroga, en quinta posici\u00f3n, se destac\u00f3 liderando la Clase N2.<\/p>\n<p>En otras categor\u00edas, Lucas Rivero se posiciona como l\u00edder de la Clase N6, Federico Arito domina en la Clase N2STD, y Pablo Chac\u00f3n, con su victoria en la Clase N7, se llev\u00f3 los honores al coronarse campe\u00f3n de la categor\u00eda.<\/p>\n<p>Lo que viene<\/p>\n<p>La competencia continuar\u00e1 este domingo con las \u00faltimas dos pasadas en los tramos \u00c1rbol Solo-Dique San Felipe (13,12 km) y Renca-Tilisarao (9,56 km), donde se definir\u00e1 el resto de las posiciones del Rally de Tilisarao y se coronar\u00e1n a los campeones de las diferentes categor\u00edas.<\/p>\n<p>Con la victoria ya asegurada para Chac\u00f3n en la Clase N7, la atenci\u00f3n se centra en las categor\u00edas restantes, donde los competidores luchar\u00e1n por cerrar el fin de semana con los mejores resultados posibles.<\/p>\n<p>Este rally ha reafirmado la pasi\u00f3n por el automovilismo en Tilisarao, y con Chac\u00f3n como flamante campe\u00f3n, la competencia provincial contin\u00faa su emocionante desarrollo.<\/p>\n<p>&nbsp;<\/p>\n<p>&nbsp;<\/p>\n<p>&nbsp;<\/p>\n<p>&nbsp;<\/p>\n<p>&nbsp;<\/p>\n<p>&nbsp;<\/p>\n<p>Fuente; DS &#8211; Deporte San Luis<\/p>\n","protected":false},"excerpt":{"rendered":"<p>Tilisarao vivi\u00f3 una jornada de emoci\u00f3n y velocidad este s\u00e1bado en el marco de la 29\u00aa edici\u00f3n del Rally de Tilisarao, correspondiente a la s\u00e9ptima fecha del Campeonato Provincial.<\/p>\n","protected":false},"author":3,"featured_media":17853,"comment_status":"open","ping_status":"open","sticky":false,"template":"","format":"standard","meta":{"_jetpack_memberships_contains_paid_content":false,"footnotes":""},"categories":[15,16],"tags":[],"class_list":["post-17852","post","type-post","status-publish","format-standard","has-post-thumbnail","hentry","category-deporte","category-local"],"jetpack_featured_media_url":"https:\/\/comunicartesanluis.com\/v1\/wp-content\/uploads\/2024\/10\/sfgjon.png","jetpack_sharing_enabled":true,"_links":{"self":[{"href":"https:\/\/comunicartesanluis.com\/index.php\/wp-json\/wp\/v2\/posts\/17852","targetHints":{"allow":["GET"]}}],"collection":[{"href":"https:\/\/comunicartesanluis.com\/index.php\/wp-json\/wp\/v2\/posts"}],"about":[{"href":"https:\/\/comunicartesanluis.com\/index.php\/wp-json\/wp\/v2\/types\/post"}],"author":[{"embeddable":true,"href":"https:\/\/comunicartesanluis.com\/index.php\/wp-json\/wp\/v2\/users\/3"}],"replies":[{"embeddable":true,"href":"https:\/\/comunicartesanluis.com\/index.php\/wp-json\/wp\/v2\/comments?post=17852"}],"version-history":[{"count":3,"href":"https:\/\/comunicartesanluis.com\/index.php\/wp-json\/wp\/v2\/posts\/17852\/revisions"}],"predecessor-version":[{"id":17856,"href":"https:\/\/comunicartesanluis.com\/index.php\/wp-json\/wp\/v2\/posts\/17852\/revisions\/17856"}],"wp:featuredmedia":[{"embeddable":true,"href":"https:\/\/comunicartesanluis.com\/index.php\/wp-json\/wp\/v2\/media\/17853"}],"wp:attachment":[{"href":"https:\/\/comunicartesanluis.com\/index.php\/wp-json\/wp\/v2\/media?parent=17852"}],"wp:term":[{"taxonomy":"category","embeddable":true,"href":"https:\/\/comunicartesanluis.com\/index.php\/wp-json\/wp\/v2\/categories?post=17852"},{"taxonomy":"post_tag","embeddable":true,"href":"https:\/\/comunicartesanluis.com\/index.php\/wp-json\/wp\/v2\/tags?post=17852"}],"curies":[{"name":"wp","href":"https:\/\/api.w.org\/{rel}","templated":true}]}}