{"id":17877,"date":"2024-10-15T08:50:50","date_gmt":"2024-10-15T11:50:50","guid":{"rendered":"https:\/\/comunicartesanluis.com\/?p=17877"},"modified":"2024-10-15T08:50:50","modified_gmt":"2024-10-15T11:50:50","slug":"cambio-en-la-secretaria-de-deportes-maria-adelaida-muniz-vuelve-al-frente","status":"publish","type":"post","link":"https:\/\/comunicartesanluis.com\/index.php\/2024\/10\/15\/cambio-en-la-secretaria-de-deportes-maria-adelaida-muniz-vuelve-al-frente\/","title":{"rendered":"Cambio en la Secretar\u00eda de Deportes: Mar\u00eda Adelaida Mu\u00f1iz vuelve al frente"},"content":{"rendered":"<p>Si bien la salida de Rivero ven\u00eda siendo un rumor en los pasillos de Terrazas del Portezuelo, hoy finalmente se confirm\u00f3. El reemplazo no ser\u00e1 una cara nueva en el \u00e1mbito deportivo: Mar\u00eda Adelaida Mu\u00f1iz, ex ministra de Deportes durante la primera gesti\u00f3n de Poggi, volver\u00e1 a ocupar un cargo clave.<\/p>\n<p>Un cambio anticipado<\/p>\n<p>La renuncia de Rivero no fue del todo sorpresiva. Desde hac\u00eda semanas, los rumores sobre su posible salida empezaron a circular, alimentados por diversas especulaciones sobre diferencias en la gesti\u00f3n deportiva y la implementaci\u00f3n de pol\u00edticas que no habr\u00edan alcanzado los objetivos esperados. Sin embargo, el anuncio oficial de su renuncia no lleg\u00f3 hasta este lunes, cuando el gobernador Poggi decidi\u00f3 aceptar su dimisi\u00f3n, preparando el terreno para la transici\u00f3n en la Secretar\u00eda de Deportes.<\/p>\n<p>La vuelta de una figura clave<\/p>\n<p>Mar\u00eda Adelaida Mu\u00f1iz no es una desconocida en este \u00e1mbito. Con una trayectoria s\u00f3lida y habiendo liderado la cartera de Deportes durante la primera gesti\u00f3n de Poggi, su retorno trae consigo expectativas de continuidad y experiencia. Bajo su mando previo, la provincia de San Luis se destac\u00f3 por impulsar iniciativas deportivas a nivel provincial y nacional, con programas de fomento al deporte base y la organizaci\u00f3n de importantes eventos deportivos.<\/p>\n<p>Se espera que Mu\u00f1iz asuma este martes, con un claro desaf\u00edo por delante: retomar la senda de crecimiento en el \u00e1rea deportiva, con un enfoque en la participaci\u00f3n juvenil y el fortalecimiento de las instituciones deportivas locales.<\/p>\n<p>El legado de Rivero<\/p>\n<p>Gabriel Rivero deja su cargo tras un per\u00edodo que, si bien no estuvo exento de desaf\u00edos, tambi\u00e9n trajo algunos avances en infraestructura y apoyo a los deportistas de \u00e9lite. No obstante, su salida marca el final de una etapa que no logr\u00f3 disipar las tensiones internas y cumplir con todas las expectativas del entorno gubernamental.<\/p>\n<p>El cambio en la Secretar\u00eda de Deportes se da en un momento crucial, donde San Luis busca reafirmar su compromiso con el deporte, potenciando tanto el nivel competitivo como el acceso a la pr\u00e1ctica deportiva en las comunidades m\u00e1s alejadas.<\/p>\n<p>Expectativas y desaf\u00edos<\/p>\n<p>Con Mu\u00f1iz nuevamente al frente, los ojos estar\u00e1n puestos en las primeras medidas que tome para revitalizar un \u00e1rea que ha sido siempre un pilar en la gesti\u00f3n de Poggi. Su experiencia previa es vista como una ventaja en un contexto donde el deporte en San Luis busca consolidar su presencia a nivel nacional e internacional. \u00bfQu\u00e9 planes implementar\u00e1? \u00bfC\u00f3mo afrontar\u00e1 los desaf\u00edos actuales? El martes comenzar\u00e1n a revelarse las respuestas a estas preguntas.<\/p>\n<p>Por ahora, lo que est\u00e1 claro es que el deporte en San Luis tendr\u00e1 una nueva gu\u00eda, con una figura conocida por su trayectoria y su capacidad de gesti\u00f3n.<\/p>\n<p>&nbsp;<\/p>\n<p>&nbsp;<\/p>\n<p>&nbsp;<\/p>\n<p>&nbsp;<\/p>\n<p>&nbsp;<\/p>\n<p>&nbsp;<\/p>\n<p>Fuente; Infobae.<\/p>\n","protected":false},"excerpt":{"rendered":"<p>Este lunes se oficializ\u00f3 un cambio significativo en la estructura gubernamental de San Luis. Gabriel Rivero, quien hasta ahora se desempe\u00f1aba como secretario de Deportes, present\u00f3 su renuncia y el gobernador Claudio Poggi la acept\u00f3.<\/p>\n","protected":false},"author":3,"featured_media":17878,"comment_status":"open","ping_status":"open","sticky":false,"template":"","format":"standard","meta":{"_jetpack_memberships_contains_paid_content":false,"footnotes":""},"categories":[8,15,16],"tags":[],"class_list":["post-17877","post","type-post","status-publish","format-standard","has-post-thumbnail","hentry","category-actualidad","category-deporte","category-local"],"jetpack_featured_media_url":"https:\/\/comunicartesanluis.com\/v1\/wp-content\/uploads\/2024\/10\/wERFYTHJTDYUKFDTYUK.png","jetpack_sharing_enabled":true,"_links":{"self":[{"href":"https:\/\/comunicartesanluis.com\/index.php\/wp-json\/wp\/v2\/posts\/17877","targetHints":{"allow":["GET"]}}],"collection":[{"href":"https:\/\/comunicartesanluis.com\/index.php\/wp-json\/wp\/v2\/posts"}],"about":[{"href":"https:\/\/comunicartesanluis.com\/index.php\/wp-json\/wp\/v2\/types\/post"}],"author":[{"embeddable":true,"href":"https:\/\/comunicartesanluis.com\/index.php\/wp-json\/wp\/v2\/users\/3"}],"replies":[{"embeddable":true,"href":"https:\/\/comunicartesanluis.com\/index.php\/wp-json\/wp\/v2\/comments?post=17877"}],"version-history":[{"count":1,"href":"https:\/\/comunicartesanluis.com\/index.php\/wp-json\/wp\/v2\/posts\/17877\/revisions"}],"predecessor-version":[{"id":17879,"href":"https:\/\/comunicartesanluis.com\/index.php\/wp-json\/wp\/v2\/posts\/17877\/revisions\/17879"}],"wp:featuredmedia":[{"embeddable":true,"href":"https:\/\/comunicartesanluis.com\/index.php\/wp-json\/wp\/v2\/media\/17878"}],"wp:attachment":[{"href":"https:\/\/comunicartesanluis.com\/index.php\/wp-json\/wp\/v2\/media?parent=17877"}],"wp:term":[{"taxonomy":"category","embeddable":true,"href":"https:\/\/comunicartesanluis.com\/index.php\/wp-json\/wp\/v2\/categories?post=17877"},{"taxonomy":"post_tag","embeddable":true,"href":"https:\/\/comunicartesanluis.com\/index.php\/wp-json\/wp\/v2\/tags?post=17877"}],"curies":[{"name":"wp","href":"https:\/\/api.w.org\/{rel}","templated":true}]}}