{"id":18964,"date":"2025-04-19T15:34:20","date_gmt":"2025-04-19T18:34:20","guid":{"rendered":"https:\/\/comunicartesanluis.com\/?p=18964"},"modified":"2025-04-19T15:34:54","modified_gmt":"2025-04-19T18:34:54","slug":"arranca-la-liga-del-valle-del-conlara-promesas-polemicas-y-uno-pases-bomba-sobre-la-hora","status":"publish","type":"post","link":"https:\/\/comunicartesanluis.com\/index.php\/2025\/04\/19\/arranca-la-liga-del-valle-del-conlara-promesas-polemicas-y-uno-pases-bomba-sobre-la-hora\/","title":{"rendered":"Arranca la Liga del Valle del Conlara: promesas, pol\u00e9micas y unos pases bomba sobre la hora."},"content":{"rendered":"<p>La Liga del Valle del Conlara da su puntapi\u00e9 inicial este fin de semana y los entrenadores no se guardaron nada en la previa. Cada uno con su realidad, sus sue\u00f1os y sus armas, le pusieron voz al inicio de temporada. A pocas horas del debut, los micr\u00f3fonos recogieron frases fuertes, cargadas de sinceridad, algo de iron\u00eda y hasta una cr\u00edtica al formato del torneo.<\/p>\n<p>Adem\u00e1s, sobre el final del d\u00eda, se confirm\u00f3 una noticia de alto impacto: <strong>Gonzalo Torres, que hab\u00eda sido presentado como refuerzo de Atl\u00e9tico Concar\u00e1n, finalmente jugar\u00e1 en General San Mart\u00edn de Merlo.<\/strong> \u00bfInterna en puerta? \u00bfTema cerrado? Por ahora, nadie habl\u00f3 oficialmente desde el club, pero la movida no pas\u00f3 desapercibida.<\/p>\n<hr \/>\n<h3>\u00a0Carlos Ren\u00e9 \u2013 DT de BAP de Concar\u00e1n<\/h3>\n<p>El flamante entrenador asumi\u00f3 hace apenas unos d\u00edas y no lo oculta:<\/p>\n<blockquote><p>\u201cReci\u00e9n asumo en BAP y vamos a afrontar el primer partido con solo <strong>dos entrenamientos<\/strong>. As\u00ed que\u2026 \u00bfc\u00f3mo llega el equipo? Apurado, con lo justo, pero con muchas ganas.\u201d<\/p><\/blockquote>\n<p>El objetivo, sin embargo, no es modesto:<\/p>\n<blockquote><p>\u201cEl objetivo es el campeonato. Sabemos que es un torneo largo, dif\u00edcil, parejo\u2026 pero si no lo apunt\u00e1s, \u00bfpara qu\u00e9 jug\u00e1s?\u201d<\/p><\/blockquote>\n<p>Sobre su idea futbol\u00edstica, fue claro:<\/p>\n<blockquote><p>\u201cQueremos un equipo que <strong>juegue a la pelota<\/strong>, no al pelotazo. Me gusta el juego ofensivo, pero siempre con orden en todas las l\u00edneas.\u201d<\/p><\/blockquote>\n<p>Y cuando se le pidi\u00f3 un partido clave del fixture, no dud\u00f3:<\/p>\n<blockquote><p>\u201cLa fecha 5, contra Atl\u00e9tico. Siempre son partidos aparte.\u201d<\/p><\/blockquote>\n<hr \/>\n<h3>Tano Didale \u2013 DT de Cryder<\/h3>\n<p>Sincero como pocos, Tano arranc\u00f3 con un balance sin vueltas:<\/p>\n<blockquote><p>\u201cLa pretemporada fue buena, se trabaj\u00f3 bien. Pero los <strong>refuerzos de jerarqu\u00eda<\/strong> que esperaba no llegaron. No estamos para pelear el torneo, el objetivo es mantenernos en la categor\u00eda.\u201d<\/p><\/blockquote>\n<p>Sin misterios:<\/p>\n<blockquote><p>\u201cEste a\u00f1o el campeonato va a ser muy duro. Ning\u00fan partido es clave m\u00e1s all\u00e1 de que todos valen lo mismo. Lo nuestro es sumar lo que se pueda y crecer partido a partido.\u201d<\/p><\/blockquote>\n<hr \/>\n<h3>Miguel Barzola \u2013 DT de Atl\u00e9tico Concar\u00e1n<\/h3>\n<p>Ven\u00eda confiado, con el envi\u00f3n del t\u00edtulo bajo el brazo y la ilusi\u00f3n del bicampeonato:<\/p>\n<blockquote><p>\u201cEstamos bien. Muchos jugadores se mantuvieron activos en torneos de verano, as\u00ed que la pretemporada fue suave. Adem\u00e1s, sumamos refuerzos como Mateo P\u00e9rez Torres, Pablo Lara, Gonzalo Bello\u2026 y Gonzalo Torres&#8230; bueno, <strong>parec\u00eda<\/strong> que ven\u00eda.\u201d<\/p><\/blockquote>\n<p><strong>Pero la novela de Gonzalo Torres termin\u00f3 mal para el \u201cFunebrero\u201d<\/strong>, porque el delantero arregl\u00f3 sobre la hora con San Mart\u00edn. Barzola no se refiri\u00f3 al tema, pero s\u00ed lanz\u00f3 una bomba sobre el cierre:<\/p>\n<blockquote><p>\u201c\u00a1Nunca visto que el campe\u00f3n y el subcampe\u00f3n del 2024 no est\u00e9n en el Provincial! Es rar\u00edsimo. A nadie escuch\u00e9 quejarse. Para m\u00ed, <strong>tienen miedo<\/strong>. Jajaja\u2026\u201d<\/p><\/blockquote>\n<p>Sobre su equipo, fue tajante:<\/p>\n<blockquote><p>\u201cMuchos no coinciden, pero somos el m\u00e1s grande del valle, lejos. Estamos obligados a pelear todos los torneos que juguemos.\u201d<\/p><\/blockquote>\n<hr \/>\n<h3>Roberto Torres \u2013 DT de Amigos de Tilisarao<\/h3>\n<p>Con los pies en la tierra, pero la cabeza en alto, el DT del reci\u00e9n ascendido dej\u00f3 frases cargadas de realidad:<\/p>\n<blockquote><p>\u201cEl grupo est\u00e1 bien. Quiz\u00e1s falta en lo f\u00edsico, y ni hablar que <strong>no tenemos cancha propia<\/strong>. Entrenamos en el gimnasio, en espacios reducidos\u2026 estamos a pulm\u00f3n, pero hay compromiso.\u201d<\/p><\/blockquote>\n<blockquote><p>\u201cEl objetivo es armar un equipo competitivo. Sabemos que no tenemos el peso de Sarmiento u otros clubes grandes, pero vamos a pelear cada partido como si fuera una final.\u201d<\/p><\/blockquote>\n<hr \/>\n<h3>\u00a0Nelson Biolatti \u2013 DT de Chacabuco<\/h3>\n<p>Un equipo con identidad y orgullo de club:<\/p>\n<blockquote><p>\u201cLlegamos con algunos lesionados, pero los que est\u00e1n van a dejar todo. Nosotros no salimos a buscar muchos refuerzos, apostamos a los chicos del club, a lo nuestro.\u201d<\/p><\/blockquote>\n<blockquote><p>\u201cVamos a jugar la Liga y el Provincial con la misma seriedad. Este club siempre pelea. Y vamos a seguir en esa l\u00ednea.\u201d<\/p><\/blockquote>\n<hr \/>\n<h3>\u00a0Fernando Bongiovanni \u2013 DT de Sarmiento de Tilisarao<\/h3>\n<p>Afectado por las bajas y un calendario ajustado:<\/p>\n<blockquote><p>\u201cNo tuvimos una pretemporada como se merece. El equipo viene con varias bajas: Pablo Lara volvi\u00f3 a Atl\u00e9tico, otros se fueron a Amigos\u2026 s\u00f3lo lleg\u00f3 Hern\u00e1n Godoy.\u201d<\/p><\/blockquote>\n<blockquote><p>\u201cEs una liga muy pareja. Cualquiera le gana a cualquiera. Nosotros vamos a ir paso a paso, con lo que tenemos.\u201d<\/p><\/blockquote>\n<hr \/>\n<h3>Aldo Barroso \u2013 DT de Naschel Unidos<\/h3>\n<p>Con expectativas altas tras una gran pretemporada:<\/p>\n<blockquote><p>\u201cEstamos muy bien. El torneo que jugamos previo a la liga fue clave para que los refuerzos se adapten r\u00e1pido. <strong>Hay confianza y ganas de competir bien arriba.<\/strong>\u201d<\/p><\/blockquote>\n<blockquote><p>\u201cTodos los partidos van a ser importantes, no subestimamos a nadie. Queremos un equipo combativo, que juegue, que no se rinda.\u201d<\/p>\n<p>En el naranja \u00a0llegaron Mario Quiroga centro delantero, Benjamin Bustos, autor del gol en la final vs BAP y Arrieta Mariano media punta.<\/p>\n<p>Se fueron: Nahuel villegas a Estrella Roja de Candelaria y\u00a0 Zabala Nicolas Lesionado.<\/p><\/blockquote>\n<hr \/>\n<h3>\u00a0Lucas Chaina \u2013 DT de Casino<\/h3>\n<p>El anfitri\u00f3n del partido inaugural esta tarde:<\/p>\n<blockquote><p>\u201cEl equipo llega con ganas, motivado. Tuvimos una pretemporada distinta por el calendario, pero los refuerzos se integraron b\u00e1rbaro. Queremos ser protagonistas.\u201d<\/p><\/blockquote>\n<blockquote><p>\u201cNuestra idea es clara: ser un equipo ordenado, intenso, y que trate bien la pelota.\u201d<\/p><\/blockquote>\n<blockquote><p>\u201cHubiese estado lindo que el torneo arrancara con los infantiles tambi\u00e9n. Ser\u00eda una fiesta completa.\u201d<\/p>\n<p>Casino rompio el mercado con varios refuerzos importantes, entre estos: Yair Padilla, delantero ex Juventud de Cortaderas, Lucas Mansilla, Mediocampista, ex Liga del Cordoba, Formado en las inferiores de Rosario Central y con p\u00e1sado albiceleste, Mundial 2017\u00a0 China Taip\u00e9i y Campe\u00f3n Americano 2018 \u2013 Colombia. Tambien la llegada de Nahuel Su\u00e1rez , lateral izquierdo Oriundo de Villa Dolores, Nahuel inici\u00f3 su camino en AFI F\u00fatbol Infantil, y continu\u00f3 su carrera en distintos clubes de la regi\u00f3n:<br \/>\n\u2022 Club Comercio (Villa Dolores)<br \/>\n\u2022 Defensores de Villa Dolores (Liga San Alberto)<br \/>\n\u2022 Club Santa Ana (Mina Clavero)<br \/>\n\u2022 Participaci\u00f3n en la Liga de Mina Clavero y Liga San Alberto<\/p><\/blockquote>\n<hr \/>\n<h3>\u00a0Edgardo \u201cBebo\u201d Liendo \u2013 DT de General San Mart\u00edn de Merlo<\/h3>\n<p>Uno de los candidatos serios y ahora <strong>con refuerzo bomba<\/strong>: <strong>Gonzalo Torres<\/strong>.<\/p>\n<blockquote><p>\u201cEstamos muy bien. La pretemporada nos sirvi\u00f3 para corregir errores del unificado. Mantenemos la base y ahora sumamos a Gonzalo Torres.\u201d<\/p><\/blockquote>\n<blockquote><p>\u201cEl objetivo es claro: queremos el t\u00edtulo y volver a jugar el Regional.\u201d<\/p><\/blockquote>\n<blockquote><p>\u201cLas primeras cinco fechas van a marcar el ritmo. Si arranc\u00e1s bien, se te acomoda todo lo dem\u00e1s.\u201d<\/p>\n<p>Baja en el rojo, Mateo Perez Torres que se fue a Atletico Concaran y vuelve el gran Nicolas Arias referente y uno de los mejores arqueros del valle.<\/p><\/blockquote>\n<hr \/>\n<h3>\u00a0Infantiles: el tema que nadie quiere tocar<\/h3>\n<p>Pocos DTs opinaron sobre la postergaci\u00f3n de los torneos juveniles. Algunos no est\u00e1n informados, otros simplemente dijeron que no tienen formativas. Pero <strong>la cr\u00edtica fue general<\/strong>: falta organizaci\u00f3n y coordinaci\u00f3n.<\/p>\n<p>Chaina (Casino):<\/p>\n<blockquote><p>\u201cHubiese sido lindo iniciar el calendario futbol\u00edstico todos juntos.\u201d<\/p><\/blockquote>\n<p>Bongiovanni (Sarmiento):<\/p>\n<blockquote><p>\u201cEstar\u00eda bueno que jueguen todos el mismo fin de semana, en el mismo club. Ser\u00eda m\u00e1s lindo para todos.\u201d<\/p><\/blockquote>\n<hr \/>\n<h2>\u00a0Esta tarde \u00abcomienza\u00bb todo?<\/h2>\n<p>Desde las 17:00, <strong>Casino vs. Naschel Unidos<\/strong> abre oficialmente la Liga del Valle del Conlara. Ma\u00f1ana, el resto de los equipos sale a la cancha para lo que promete ser una temporada intensa, pareja y con mucho en juego.<\/p>\n<p>\u00bfHay favoritos? Puede ser.<br \/>\n\u00bfHay promesas? Muchas.<br \/>\n\u00bfHabr\u00e1 pol\u00e9micas? Ya las hay.<br \/>\n\u00a1Y esto reci\u00e9n empieza!<\/p>\n<p>_______________________________________________________________________________<\/p>\n<h3 class=\"\" data-start=\"194\" data-end=\"236\">Enrique Miranda \u2013 DT de Carpinter\u00eda<\/h3>\n<h4 class=\"\" data-start=\"238\" data-end=\"275\"><strong data-start=\"246\" data-end=\"275\">Balance de la preparaci\u00f3n<\/strong><\/h4>\n<ul data-start=\"276\" data-end=\"500\">\n<li class=\"\" data-start=\"276\" data-end=\"314\">\n<p class=\"\" data-start=\"278\" data-end=\"314\">\u00abNo llegamos como a m\u00ed me gustar\u00eda.\u00bb<\/p>\n<\/li>\n<li class=\"\" data-start=\"315\" data-end=\"383\">\n<p class=\"\" data-start=\"317\" data-end=\"383\">\u00abEl balance no es positivo, <strong data-start=\"345\" data-end=\"381\">faltaron partidos de preparaci\u00f3n<\/strong>.\u00bb<\/p>\n<\/li>\n<li class=\"\" data-start=\"384\" data-end=\"500\">\n<p class=\"\" data-start=\"386\" data-end=\"500\">\u00abNo tengo los refuerzos que ped\u00ed, <strong data-start=\"420\" data-end=\"450\">se fueron muchos jugadores<\/strong> y todav\u00eda <strong data-start=\"461\" data-end=\"487\">no alcanzamos el nivel<\/strong> que quiero.\u00bb<\/p>\n<\/li>\n<\/ul>\n<h4 class=\"\" data-start=\"502\" data-end=\"523\"><strong data-start=\"510\" data-end=\"523\">Objetivos<\/strong><\/h4>\n<ul data-start=\"524\" data-end=\"679\">\n<li class=\"\" data-start=\"524\" data-end=\"589\">\n<p class=\"\" data-start=\"526\" data-end=\"589\">\u00abEl objetivo es buscar el t\u00edtulo, <strong data-start=\"560\" data-end=\"587\">aunque hoy lo veo lejos<\/strong>.\u00bb<\/p>\n<\/li>\n<li class=\"\" data-start=\"590\" data-end=\"679\">\n<p class=\"\" data-start=\"592\" data-end=\"679\">\u00abVamos a ir partido a partido, <strong data-start=\"623\" data-end=\"677\">no hay que olvidarse que estuvimos 11 a\u00f1os en la B<\/strong>.\u00bb<\/p>\n<\/li>\n<\/ul>\n<h4 class=\"\" data-start=\"681\" data-end=\"705\"><strong data-start=\"689\" data-end=\"705\">Dificultades<\/strong><\/h4>\n<ul data-start=\"706\" data-end=\"920\">\n<li class=\"\" data-start=\"706\" data-end=\"776\">\n<p class=\"\" data-start=\"708\" data-end=\"776\">\u00abVa a estar muy complicado, <strong data-start=\"736\" data-end=\"774\">los equipos est\u00e1n muy bien armados<\/strong>.\u00bb<\/p>\n<\/li>\n<li class=\"\" data-start=\"777\" data-end=\"920\">\n<p class=\"\" data-start=\"779\" data-end=\"920\">\u00ab<strong data-start=\"780\" data-end=\"815\">El fixture nuestro es aterrador<\/strong>: arrancamos con Naschel de visitante, luego BAP tambi\u00e9n afuera, y despu\u00e9s San Mart\u00edn de Merlo de local.\u00bb<\/p>\n<\/li>\n<\/ul>\n<h4 class=\"\" data-start=\"922\" data-end=\"949\"><strong data-start=\"930\" data-end=\"949\">Mercado y bajas<\/strong><\/h4>\n<ul data-start=\"950\" data-end=\"1098\">\n<li class=\"\" data-start=\"950\" data-end=\"1022\">\n<p class=\"\" data-start=\"952\" data-end=\"1022\">\u00abEstoy esperando un central, se fue Ferulano, el goleador del equipo.\u00bb<\/p>\n<\/li>\n<li class=\"\" data-start=\"1023\" data-end=\"1098\">\n<p class=\"\" data-start=\"1025\" data-end=\"1098\">\u00ab<strong data-start=\"1026\" data-end=\"1096\">Estamos buscando, pero es muy dif\u00edcil reemplazar algunos jugadores<\/strong>.\u00bb<\/p>\n<\/li>\n<\/ul>\n<h4 class=\"\" data-start=\"1100\" data-end=\"1123\"><strong data-start=\"1108\" data-end=\"1123\">Lo positivo<\/strong><\/h4>\n<ul data-start=\"1124\" data-end=\"1189\">\n<li class=\"\" data-start=\"1124\" data-end=\"1189\">\n<p class=\"\" data-start=\"1126\" data-end=\"1189\">\u00abLo bueno es que <strong data-start=\"1143\" data-end=\"1187\">tenemos la plaza para el Provincial 2026<\/strong>.\u00bb<\/p>\n<\/li>\n<\/ul>\n<h4 class=\"\" data-start=\"1191\" data-end=\"1218\"><strong data-start=\"1199\" data-end=\"1218\">F\u00fatbol infantil<\/strong><\/h4>\n<ul data-start=\"1219\" data-end=\"1410\">\n<li class=\"\" data-start=\"1219\" data-end=\"1289\">\n<p class=\"\" data-start=\"1221\" data-end=\"1289\">\u00abNo opino del f\u00fatbol infantil, <strong data-start=\"1252\" data-end=\"1287\">es lo que mejor est\u00e1 organizado<\/strong>.\u00bb<\/p>\n<\/li>\n<li class=\"\" data-start=\"1290\" data-end=\"1410\">\n<p class=\"\" data-start=\"1292\" data-end=\"1410\">\u00abEn nuestro club venimos muy bien: la 2013 fue campeona, y las 2014\/2015 est\u00e1n muy bien manejadas por Lautaro Becker.\u00bb<\/p>\n<\/li>\n<\/ul>\n","protected":false},"excerpt":{"rendered":"<p>Casino y Naschel Unidos abren el tel\u00f3n en horas, mientras que el resto de la fecha se completa ma\u00f1ana. Los t\u00e9cnicos ya empiezan a jugar su propio partido: del \u201cvamos por el campeonato\u201d al \u201csolo queremos no descender\u201d, pasando por chicanas y declaraciones con sabor a cl\u00e1sico.\u00a0<\/p>\n","protected":false},"author":3,"featured_media":18940,"comment_status":"open","ping_status":"open","sticky":false,"template":"","format":"standard","meta":{"_jetpack_memberships_contains_paid_content":false,"footnotes":""},"categories":[15,16],"tags":[],"class_list":["post-18964","post","type-post","status-publish","format-standard","has-post-thumbnail","hentry","category-deporte","category-local"],"jetpack_featured_media_url":"https:\/\/comunicartesanluis.com\/v1\/wp-content\/uploads\/2025\/04\/liga-futbolistica-y-deportiva-del-valle-de-conlara-logo-89C460E3CD-seeklogo.com_.png","jetpack_sharing_enabled":true,"_links":{"self":[{"href":"https:\/\/comunicartesanluis.com\/index.php\/wp-json\/wp\/v2\/posts\/18964","targetHints":{"allow":["GET"]}}],"collection":[{"href":"https:\/\/comunicartesanluis.com\/index.php\/wp-json\/wp\/v2\/posts"}],"about":[{"href":"https:\/\/comunicartesanluis.com\/index.php\/wp-json\/wp\/v2\/types\/post"}],"author":[{"embeddable":true,"href":"https:\/\/comunicartesanluis.com\/index.php\/wp-json\/wp\/v2\/users\/3"}],"replies":[{"embeddable":true,"href":"https:\/\/comunicartesanluis.com\/index.php\/wp-json\/wp\/v2\/comments?post=18964"}],"version-history":[{"count":2,"href":"https:\/\/comunicartesanluis.com\/index.php\/wp-json\/wp\/v2\/posts\/18964\/revisions"}],"predecessor-version":[{"id":18966,"href":"https:\/\/comunicartesanluis.com\/index.php\/wp-json\/wp\/v2\/posts\/18964\/revisions\/18966"}],"wp:featuredmedia":[{"embeddable":true,"href":"https:\/\/comunicartesanluis.com\/index.php\/wp-json\/wp\/v2\/media\/18940"}],"wp:attachment":[{"href":"https:\/\/comunicartesanluis.com\/index.php\/wp-json\/wp\/v2\/media?parent=18964"}],"wp:term":[{"taxonomy":"category","embeddable":true,"href":"https:\/\/comunicartesanluis.com\/index.php\/wp-json\/wp\/v2\/categories?post=18964"},{"taxonomy":"post_tag","embeddable":true,"href":"https:\/\/comunicartesanluis.com\/index.php\/wp-json\/wp\/v2\/tags?post=18964"}],"curies":[{"name":"wp","href":"https:\/\/api.w.org\/{rel}","templated":true}]}}