{"id":18978,"date":"2025-04-21T08:58:52","date_gmt":"2025-04-21T11:58:52","guid":{"rendered":"https:\/\/comunicartesanluis.com\/?p=18978"},"modified":"2025-04-21T08:59:06","modified_gmt":"2025-04-21T11:59:06","slug":"punta-del-este-espera-tempestini-claveles-y-moyano-entre-los-elegidos-para-representar-a-argentina-en-el-panamericano-de-ruta","status":"publish","type":"post","link":"https:\/\/comunicartesanluis.com\/index.php\/2025\/04\/21\/punta-del-este-espera-tempestini-claveles-y-moyano-entre-los-elegidos-para-representar-a-argentina-en-el-panamericano-de-ruta\/","title":{"rendered":"Punta del Este espera: Tempestini, Claveles y Moyano, entre los elegidos para representar a Argentina en el Panamericano de Ruta"},"content":{"rendered":"<p>La cuenta regresiva para el Campeonato Panamericano de Ruta ya est\u00e1 en marcha y Argentina ya tiene todo listo. Del 23 al 27 de abril, la ciudad uruguaya de Punta del Este ser\u00e1 el epicentro del ciclismo continental, y all\u00ed estar\u00e1n tres talentos puntanos con la celeste y blanca: Tom\u00e1s Moyano, Bianca Tempestini y P\u00eda Claveles.<\/p>\n<p>Moyano, quien tuvo actuaciones destacadas en la Vuelta de San Juan y la Vuelta de Mendoza, competir\u00e1 en la categor\u00eda Sub23 tanto en la contrarreloj como en la prueba de pelot\u00f3n. Por su parte, Tempestini \u2014subcampeona en San Juan y medallista en el Nacional\u2014 y Claveles formar\u00e1n parte del equipo Junior femenino, en la exigente modalidad de pelot\u00f3n.<\/p>\n<p>El evento es organizado por la Confederaci\u00f3n Panamericana de Ciclismo (COPACI) y servir\u00e1 como clasificatorio para los Juegos Panamericanos Junior ASU2025. Adem\u00e1s, la competencia contempla pruebas contrarreloj entre el mi\u00e9rcoles y el jueves, mientras que las pruebas en l\u00ednea se disputar\u00e1n entre viernes y domingo.<\/p>\n<p>Con 30 convocados por el t\u00e9cnico Omar Contreras, Argentina presentar\u00e1 equipos completos en todas las categor\u00edas. Un paso m\u00e1s en el crecimiento del ciclismo nacional\u2026 y una gran oportunidad para que los talentos del interior sigan pedaleando fuerte en el escenario internacional.<\/p>\n<p>&nbsp;<\/p>\n<p>&nbsp;<\/p>\n<p>&nbsp;<\/p>\n<p>&nbsp;<\/p>\n<p>Fuente; Deporte San Luis.<\/p>\n","protected":false},"excerpt":{"rendered":"<p>Del 23 al 27 de abril, la Selecci\u00f3n Nacional dir\u00e1 presente en Uruguay con una delegaci\u00f3n de 30 ciclistas. Moyano competir\u00e1 en Sub23, mientras que Tempestini y Claveles lo har\u00e1n en Junior.<\/p>\n","protected":false},"author":3,"featured_media":18979,"comment_status":"open","ping_status":"open","sticky":false,"template":"","format":"standard","meta":{"_jetpack_memberships_contains_paid_content":false,"footnotes":""},"categories":[15,16],"tags":[],"class_list":["post-18978","post","type-post","status-publish","format-standard","has-post-thumbnail","hentry","category-deporte","category-local"],"jetpack_featured_media_url":"https:\/\/comunicartesanluis.com\/v1\/wp-content\/uploads\/2025\/04\/awergaehbdf.png","jetpack_sharing_enabled":true,"_links":{"self":[{"href":"https:\/\/comunicartesanluis.com\/index.php\/wp-json\/wp\/v2\/posts\/18978","targetHints":{"allow":["GET"]}}],"collection":[{"href":"https:\/\/comunicartesanluis.com\/index.php\/wp-json\/wp\/v2\/posts"}],"about":[{"href":"https:\/\/comunicartesanluis.com\/index.php\/wp-json\/wp\/v2\/types\/post"}],"author":[{"embeddable":true,"href":"https:\/\/comunicartesanluis.com\/index.php\/wp-json\/wp\/v2\/users\/3"}],"replies":[{"embeddable":true,"href":"https:\/\/comunicartesanluis.com\/index.php\/wp-json\/wp\/v2\/comments?post=18978"}],"version-history":[{"count":2,"href":"https:\/\/comunicartesanluis.com\/index.php\/wp-json\/wp\/v2\/posts\/18978\/revisions"}],"predecessor-version":[{"id":18981,"href":"https:\/\/comunicartesanluis.com\/index.php\/wp-json\/wp\/v2\/posts\/18978\/revisions\/18981"}],"wp:featuredmedia":[{"embeddable":true,"href":"https:\/\/comunicartesanluis.com\/index.php\/wp-json\/wp\/v2\/media\/18979"}],"wp:attachment":[{"href":"https:\/\/comunicartesanluis.com\/index.php\/wp-json\/wp\/v2\/media?parent=18978"}],"wp:term":[{"taxonomy":"category","embeddable":true,"href":"https:\/\/comunicartesanluis.com\/index.php\/wp-json\/wp\/v2\/categories?post=18978"},{"taxonomy":"post_tag","embeddable":true,"href":"https:\/\/comunicartesanluis.com\/index.php\/wp-json\/wp\/v2\/tags?post=18978"}],"curies":[{"name":"wp","href":"https:\/\/api.w.org\/{rel}","templated":true}]}}