{"id":19209,"date":"2025-07-30T09:06:40","date_gmt":"2025-07-30T12:06:40","guid":{"rendered":"https:\/\/comunicartesanluis.com\/?p=19209"},"modified":"2025-07-30T09:06:40","modified_gmt":"2025-07-30T12:06:40","slug":"se-viene-una-nueva-fecha-de-la-liga-provincial-de-futbol-5-adaptado","status":"publish","type":"post","link":"https:\/\/comunicartesanluis.com\/index.php\/2025\/07\/30\/se-viene-una-nueva-fecha-de-la-liga-provincial-de-futbol-5-adaptado\/","title":{"rendered":"Se viene una nueva fecha de la Liga Provincial de F\u00fatbol 5 Adaptado"},"content":{"rendered":"<p class=\"blog-post-meta\">La Provincia suma a m\u00e1s deportistas de una manera inclusiva.<\/p>\n<div class=\"contenido-post\">\n<p>La cancha n\u00famero 1 de la Villa Deportiva volver\u00e1 a ser sede de uno de los campeonatos m\u00e1s emotivos de la provincia, donde\u00a0<strong>42 equipos masculinos y femeninos de 17 instituciones\u00a0<\/strong>disputar\u00e1n la tercera fecha de la Liga Provincial de F\u00fatbol 5 Adaptado.<\/p>\n<p>\u201cEs la tercera de las cuatro fechas que se disputar\u00e1n en la Ciudad de San Luis. Luego, la liga finalizar\u00e1 con un Torneo Nacional en Villa Mercedes. Hemos tenido una gran participaci\u00f3n de las instituciones provinciales y\u00a0<strong>contamos con la visita de centros de otras provincias, que han querido participar activamente en el campeonato<\/strong>\u201d explic\u00f3 Mariana Luberriaga, referente de personas con discapacidad y personas mayores de la secretar\u00eda de Deporte.<\/p>\n<p>Tambi\u00e9n expres\u00f3: \u201cEs importante aclarar que la liga se realiza bajo el lineamiento de Olimpiadas Especiales Argentina, la cual trabaja con personas con discapacidad intelectual a nivel nacional en todos los deportes. Paralelamente,\u00a0<strong>desde la secretar\u00eda hemos desarrollado una competencia paralela para personas con discapacidad motriz<\/strong>, que no se encuentran contempladas dentro del espectro de Olimpiadas Especiales. Para nosotros, la inclusi\u00f3n es un factor fundamental en el desarrollo de las actividades deportivas, por lo cual queremos que todos puedan contar con competencias que se adapten a sus condiciones\u201d.<\/p>\n<p>La entrada al predio es<strong>\u00a0libre y gratuita<\/strong>. Todos aquellos que quieran acompa\u00f1ar a la Liga y disfrutar de una jornada llena de emoci\u00f3n, deporte e inclusi\u00f3n, pueden acercarse a la Villa Deportiva de la Ciudad de San Luis.<\/p>\n<\/div>\n<p>&nbsp;<\/p>\n<p>&nbsp;<\/p>\n<p>&nbsp;<\/p>\n<p>&nbsp;<\/p>\n<p>FUENTE; ANSL<\/p>\n","protected":false},"excerpt":{"rendered":"<p>Ser\u00e1 la tercera jornada de la competencia, a disputarse el s\u00e1bado 9 de agosto, a partir de las 09:00, en la Villa Deportiva.<\/p>\n","protected":false},"author":3,"featured_media":19210,"comment_status":"open","ping_status":"open","sticky":false,"template":"","format":"standard","meta":{"_jetpack_memberships_contains_paid_content":false,"footnotes":""},"categories":[15,16],"tags":[],"class_list":["post-19209","post","type-post","status-publish","format-standard","has-post-thumbnail","hentry","category-deporte","category-local"],"jetpack_featured_media_url":"https:\/\/comunicartesanluis.com\/v1\/wp-content\/uploads\/2025\/07\/DSC01132-1536x1024-1.jpg","jetpack_sharing_enabled":true,"_links":{"self":[{"href":"https:\/\/comunicartesanluis.com\/index.php\/wp-json\/wp\/v2\/posts\/19209","targetHints":{"allow":["GET"]}}],"collection":[{"href":"https:\/\/comunicartesanluis.com\/index.php\/wp-json\/wp\/v2\/posts"}],"about":[{"href":"https:\/\/comunicartesanluis.com\/index.php\/wp-json\/wp\/v2\/types\/post"}],"author":[{"embeddable":true,"href":"https:\/\/comunicartesanluis.com\/index.php\/wp-json\/wp\/v2\/users\/3"}],"replies":[{"embeddable":true,"href":"https:\/\/comunicartesanluis.com\/index.php\/wp-json\/wp\/v2\/comments?post=19209"}],"version-history":[{"count":1,"href":"https:\/\/comunicartesanluis.com\/index.php\/wp-json\/wp\/v2\/posts\/19209\/revisions"}],"predecessor-version":[{"id":19211,"href":"https:\/\/comunicartesanluis.com\/index.php\/wp-json\/wp\/v2\/posts\/19209\/revisions\/19211"}],"wp:featuredmedia":[{"embeddable":true,"href":"https:\/\/comunicartesanluis.com\/index.php\/wp-json\/wp\/v2\/media\/19210"}],"wp:attachment":[{"href":"https:\/\/comunicartesanluis.com\/index.php\/wp-json\/wp\/v2\/media?parent=19209"}],"wp:term":[{"taxonomy":"category","embeddable":true,"href":"https:\/\/comunicartesanluis.com\/index.php\/wp-json\/wp\/v2\/categories?post=19209"},{"taxonomy":"post_tag","embeddable":true,"href":"https:\/\/comunicartesanluis.com\/index.php\/wp-json\/wp\/v2\/tags?post=19209"}],"curies":[{"name":"wp","href":"https:\/\/api.w.org\/{rel}","templated":true}]}}