{"id":19212,"date":"2025-07-30T09:08:48","date_gmt":"2025-07-30T12:08:48","guid":{"rendered":"https:\/\/comunicartesanluis.com\/?p=19212"},"modified":"2025-07-30T09:08:48","modified_gmt":"2025-07-30T12:08:48","slug":"el-rally-provincial-dejo-mas-de-77-millones-y-una-ocupacion-hotelera-total-en-san-francisco","status":"publish","type":"post","link":"https:\/\/comunicartesanluis.com\/index.php\/2025\/07\/30\/el-rally-provincial-dejo-mas-de-77-millones-y-una-ocupacion-hotelera-total-en-san-francisco\/","title":{"rendered":"El rally provincial dej\u00f3 m\u00e1s de $77 millones y una ocupaci\u00f3n hotelera total en San Francisco"},"content":{"rendered":"<p class=\"blog-post-meta\"><span class=\"desktop-date capitalize-first-letter\">lunes 28 de julio de 2025 | 13:35<\/span><span class=\"share-icon\" data-bs-toggle=\"modal\" data-bs-target=\"#shareModal\"><i class=\"fas fa-share-alt\"><\/i> Compartir<\/span><\/p>\n<div class=\"contenido-post\">\n<div id=\"attachment_1077933\" class=\"foto-ansl aligncenter\">\n<div class=\"image-container\">\n<div class=\"badge-overlay text-uppercase\">El 33\u00b0 Rally de San Francisco gener\u00f3 un impacto econ\u00f3mico y tur\u00edstico en la localidad.<\/div>\n<\/div>\n<\/div>\n<p>Del 25 al 27 de julio, San Francisco del Monte de Oro vibr\u00f3 al ritmo de los motores con la\u00a0<strong>5\u00aa fecha del Rally Provincial<\/strong>, un evento que atrajo a competidores, equipos y miles de aficionados de toda la provincia y el pa\u00eds.<\/p>\n<p>La competencia tuvo un \u00e9xito rotundo tanto en lo deportivo como en lo econ\u00f3mico. Con una\u00a0<strong>ocupaci\u00f3n hotelera del 100%<\/strong>, la localidad experiment\u00f3 un movimiento tur\u00edstico sin precedentes durante el fin de semana. Se estima que el gasto promedio por persona en alojamiento fue de $78.386, lo que gener\u00f3 una recaudaci\u00f3n total de aproximadamente $77.288.596, beneficiando directamente a comercios, alojamientos y emprendimientos locales.<\/p>\n<p>Esto se traduce en una asistencia estimada de\u00a0<strong>casi 1.000 personas alojadas en la ciudad<\/strong>\u00a0durante el evento. Un n\u00famero que supera ampliamente la cantidad de habitantes estables del pueblo, lo que evidencia no solo la magnitud del rally como atracci\u00f3n, sino tambi\u00e9n la capacidad de San Francisco para recibir y dar respuesta a eventos de esta envergadura.<\/p>\n<p>El circuito se despleg\u00f3 por distintos puntos estrat\u00e9gicos de San Francisco y zonas aleda\u00f1as, pensadas para brindar a los espectadores una experiencia completa y segura, con paisajes naturales que realzaron el atractivo visual del rally.<\/p>\n<p>Desde lo deportivo, la fecha tuvo como gran protagonista a\u00a0<strong>Federico Bassi<\/strong>, quien se coron\u00f3 como ganador.<\/p>\n<p>La 5\u00aa fecha del Rally Provincial en San Francisco no solo fue una verdadera fiesta para los amantes del automovilismo, sino que confirm\u00f3 una vez m\u00e1s el potencial del deporte como motor del desarrollo tur\u00edstico y econ\u00f3mico local.<\/p>\n<\/div>\n<p>&nbsp;<\/p>\n<p>&nbsp;<\/p>\n<p>&nbsp;<\/p>\n<p>Fuente; ANSL<\/p>\n","protected":false},"excerpt":{"rendered":"<p>La localidad fue sede de una nueva jornada del campeonato, que no solo convoc\u00f3 a fan\u00e1ticos del deporte motor, sino que gener\u00f3 un impacto econ\u00f3mico notable en la regi\u00f3n.<\/p>\n","protected":false},"author":3,"featured_media":19213,"comment_status":"open","ping_status":"open","sticky":false,"template":"","format":"standard","meta":{"_jetpack_memberships_contains_paid_content":false,"footnotes":""},"categories":[15,16],"tags":[],"class_list":["post-19212","post","type-post","status-publish","format-standard","has-post-thumbnail","hentry","category-deporte","category-local"],"jetpack_featured_media_url":"https:\/\/comunicartesanluis.com\/v1\/wp-content\/uploads\/2025\/07\/IMG_2145.jpeg","jetpack_sharing_enabled":true,"_links":{"self":[{"href":"https:\/\/comunicartesanluis.com\/index.php\/wp-json\/wp\/v2\/posts\/19212","targetHints":{"allow":["GET"]}}],"collection":[{"href":"https:\/\/comunicartesanluis.com\/index.php\/wp-json\/wp\/v2\/posts"}],"about":[{"href":"https:\/\/comunicartesanluis.com\/index.php\/wp-json\/wp\/v2\/types\/post"}],"author":[{"embeddable":true,"href":"https:\/\/comunicartesanluis.com\/index.php\/wp-json\/wp\/v2\/users\/3"}],"replies":[{"embeddable":true,"href":"https:\/\/comunicartesanluis.com\/index.php\/wp-json\/wp\/v2\/comments?post=19212"}],"version-history":[{"count":1,"href":"https:\/\/comunicartesanluis.com\/index.php\/wp-json\/wp\/v2\/posts\/19212\/revisions"}],"predecessor-version":[{"id":19214,"href":"https:\/\/comunicartesanluis.com\/index.php\/wp-json\/wp\/v2\/posts\/19212\/revisions\/19214"}],"wp:featuredmedia":[{"embeddable":true,"href":"https:\/\/comunicartesanluis.com\/index.php\/wp-json\/wp\/v2\/media\/19213"}],"wp:attachment":[{"href":"https:\/\/comunicartesanluis.com\/index.php\/wp-json\/wp\/v2\/media?parent=19212"}],"wp:term":[{"taxonomy":"category","embeddable":true,"href":"https:\/\/comunicartesanluis.com\/index.php\/wp-json\/wp\/v2\/categories?post=19212"},{"taxonomy":"post_tag","embeddable":true,"href":"https:\/\/comunicartesanluis.com\/index.php\/wp-json\/wp\/v2\/tags?post=19212"}],"curies":[{"name":"wp","href":"https:\/\/api.w.org\/{rel}","templated":true}]}}