{"id":1932,"date":"2022-08-11T20:33:24","date_gmt":"2022-08-11T23:33:24","guid":{"rendered":"https:\/\/comunicartesanluis.com\/?p=1932"},"modified":"2022-08-11T20:33:24","modified_gmt":"2022-08-11T23:33:24","slug":"un-dia-como-hoy-pero-de-1996-debutaba-en-primera-division-pablo-cesar-aimar","status":"publish","type":"post","link":"https:\/\/comunicartesanluis.com\/index.php\/2022\/08\/11\/un-dia-como-hoy-pero-de-1996-debutaba-en-primera-division-pablo-cesar-aimar\/","title":{"rendered":"Un d\u00eda como hoy, pero de 1996, debutaba en primera divisi\u00f3n Pablo C\u00e9sar Aimar"},"content":{"rendered":"<p>\u00bfQue paso ese d\u00eda? River viaj\u00f3 a Santa Fe en la visita a Col\u00f3n y ca\u00eda por 1 a 0, con gol de V\u00edctor M\u00fcller. El \u201cPayaso\u201d Aimar, quien brill\u00f3 en el Valencia y el Zaragoza espa\u00f1ol, entre otros equipos, tambi\u00e9n fue campe\u00f3n con la selecci\u00f3n Argentina sub 20, en el Mundial de Malasia 1997.<\/p>\n<p>&nbsp;<\/p>\n<p>Actualmente dirige la selecci\u00f3n sub 17 y no solo como entrenador, sino como maestro para las futuras joyas del seleccionado.<\/p>\n<p><img decoding=\"async\" class=\"aligncenter wp-image-1933 size-full\" src=\"https:\/\/comunicartesanluis.com\/v1\/wp-content\/uploads\/2022\/08\/WhatsApp-Image-2022-08-11-at-1.14.51-PM.jpeg\" alt=\"\" width=\"1023\" height=\"682\" srcset=\"https:\/\/comunicartesanluis.com\/v1\/wp-content\/uploads\/2022\/08\/WhatsApp-Image-2022-08-11-at-1.14.51-PM-200x133.jpeg 200w, https:\/\/comunicartesanluis.com\/v1\/wp-content\/uploads\/2022\/08\/WhatsApp-Image-2022-08-11-at-1.14.51-PM-300x200.jpeg 300w, https:\/\/comunicartesanluis.com\/v1\/wp-content\/uploads\/2022\/08\/WhatsApp-Image-2022-08-11-at-1.14.51-PM-400x267.jpeg 400w, https:\/\/comunicartesanluis.com\/v1\/wp-content\/uploads\/2022\/08\/WhatsApp-Image-2022-08-11-at-1.14.51-PM-600x400.jpeg 600w, https:\/\/comunicartesanluis.com\/v1\/wp-content\/uploads\/2022\/08\/WhatsApp-Image-2022-08-11-at-1.14.51-PM-768x512.jpeg 768w, https:\/\/comunicartesanluis.com\/v1\/wp-content\/uploads\/2022\/08\/WhatsApp-Image-2022-08-11-at-1.14.51-PM-800x533.jpeg 800w, https:\/\/comunicartesanluis.com\/v1\/wp-content\/uploads\/2022\/08\/WhatsApp-Image-2022-08-11-at-1.14.51-PM.jpeg 1023w\" sizes=\"(max-width: 1023px) 100vw, 1023px\" \/><\/p>\n<p>&nbsp;<\/p>\n<p>Comunicarte te deja algunas de las frases de este maestro del futbol:<\/p>\n<p>\u201cPrefer\u00edamos ser Maradona y no Batman,<\/p>\n<p>Spiderman o superman\u201d<\/p>\n<p>&nbsp;<\/p>\n<p>En referencia a la juventud y su relaci\u00f3n con la tecnolog\u00eda y h\u00e9roes ficticios.<\/p>\n<p>&nbsp;<\/p>\n<p>\u201cSe habla mucho de la falta de creativos, nosotros hace 30 a\u00f1os jugamos tres horas m\u00e1s despu\u00e9s de entrenamiento, porque el mundo era otro. Hoy los chicos solo entrenan un rato en el club\u201d<\/p>\n<p>&nbsp;<\/p>\n<p>El payaso siempre era anal\u00edtico y no cr\u00edtico, al hablar de la realidad del futbol de hoy.<\/p>\n<p>&nbsp;<\/p>\n<p>\u201cEl futbol es deporte m\u00e1s popular por qu\u00e9 es lo m\u00e1s parecida a la moneda en el aire\u201d<\/p>\n<p>&nbsp;<\/p>\n<p>\u201cNo pasa por el resultado final, ayudamos a los chicos a que sean mejores que hace 4 meses\u201d<\/p>\n<p>&nbsp;<\/p>\n<p>\u201cYo admiro por igual al que hace el gol, como al que escribe o canta bien. El tema que cada uno encuentro lo que lo hace levantarse a la ma\u00f1ana\u201d<\/p>\n<p>&nbsp;<\/p>\n<p>Logros:<\/p>\n<p>&nbsp;<\/p>\n<p>1999-2000 Torneo Apertura y Clausura. (River)<\/p>\n<p>&nbsp;<\/p>\n<p>2003-2004 La Liga y Copa de la UEFA (Valencia)<\/p>\n<p>&nbsp;<\/p>\n<p>2010-2009-2010-2011-2012 Una Liga y cuatro copas (Benfica)<\/p>\n<p>&nbsp;<\/p>\n<ul>\n<li>El 15 de julio de 2015, Aimar decide poner punto final a su carrera como jugador profesional.<\/li>\n<\/ul>\n<p>&nbsp;<\/p>\n<p>Hoy en d\u00eda como entrenador de la Sub 15 y 17 Argentina, sigue con su perfil bajo, nost\u00e1lgico y hasta a veces de una templanza inc\u00f3moda.<\/p>\n<p>Ese mismo Aimar ahora se ha vuelto una persona clave dentro de la estructura de las selecciones argentinas de f\u00fatbol. Primero, por su valiosa labor en las juveniles, donde asumi\u00f3 como entrenador.<\/p>\n<p>&nbsp;<\/p>\n<p>Siempre con un mensaje claro, poniendo por delante la formaci\u00f3n y el juego, sin un desvelo desmedido por los resultados. Con una l\u00ednea clara marcada por uno de sus grandes maestros, Jos\u00e9 N\u00e9stor<\/p>\n<p>Pekerman.<\/p>\n<p>.<\/p>\n<p>&nbsp;<\/p>\n","protected":false},"excerpt":{"rendered":"<p>A la edad de 16 a\u00f1os y oriundo de la ciudad vecina de R\u00edo Cuarto, debutaba en la Primera Divisi\u00f3n de River Plate el mediocampista de ataque Pablito Aimar.<\/p>\n","protected":false},"author":3,"featured_media":1934,"comment_status":"open","ping_status":"open","sticky":false,"template":"","format":"standard","meta":{"_jetpack_memberships_contains_paid_content":false,"footnotes":""},"categories":[15,17],"tags":[],"class_list":["post-1932","post","type-post","status-publish","format-standard","has-post-thumbnail","hentry","category-deporte","category-nacional"],"jetpack_featured_media_url":"https:\/\/comunicartesanluis.com\/v1\/wp-content\/uploads\/2022\/08\/WhatsApp-Image-2022-08-11-at-1.14.41-PM.jpeg","jetpack_sharing_enabled":true,"_links":{"self":[{"href":"https:\/\/comunicartesanluis.com\/index.php\/wp-json\/wp\/v2\/posts\/1932","targetHints":{"allow":["GET"]}}],"collection":[{"href":"https:\/\/comunicartesanluis.com\/index.php\/wp-json\/wp\/v2\/posts"}],"about":[{"href":"https:\/\/comunicartesanluis.com\/index.php\/wp-json\/wp\/v2\/types\/post"}],"author":[{"embeddable":true,"href":"https:\/\/comunicartesanluis.com\/index.php\/wp-json\/wp\/v2\/users\/3"}],"replies":[{"embeddable":true,"href":"https:\/\/comunicartesanluis.com\/index.php\/wp-json\/wp\/v2\/comments?post=1932"}],"version-history":[{"count":1,"href":"https:\/\/comunicartesanluis.com\/index.php\/wp-json\/wp\/v2\/posts\/1932\/revisions"}],"predecessor-version":[{"id":1935,"href":"https:\/\/comunicartesanluis.com\/index.php\/wp-json\/wp\/v2\/posts\/1932\/revisions\/1935"}],"wp:featuredmedia":[{"embeddable":true,"href":"https:\/\/comunicartesanluis.com\/index.php\/wp-json\/wp\/v2\/media\/1934"}],"wp:attachment":[{"href":"https:\/\/comunicartesanluis.com\/index.php\/wp-json\/wp\/v2\/media?parent=1932"}],"wp:term":[{"taxonomy":"category","embeddable":true,"href":"https:\/\/comunicartesanluis.com\/index.php\/wp-json\/wp\/v2\/categories?post=1932"},{"taxonomy":"post_tag","embeddable":true,"href":"https:\/\/comunicartesanluis.com\/index.php\/wp-json\/wp\/v2\/tags?post=1932"}],"curies":[{"name":"wp","href":"https:\/\/api.w.org\/{rel}","templated":true}]}}