{"id":19519,"date":"2025-09-18T17:18:25","date_gmt":"2025-09-18T20:18:25","guid":{"rendered":"https:\/\/comunicartesanluis.com\/?p=19519"},"modified":"2025-09-19T07:59:54","modified_gmt":"2025-09-19T10:59:54","slug":"se-viene-una-nueva-edicion-del-clasico-del-valle-del-conlara-bap-vs-atletico-concaran","status":"publish","type":"post","link":"https:\/\/comunicartesanluis.com\/index.php\/2025\/09\/18\/se-viene-una-nueva-edicion-del-clasico-del-valle-del-conlara-bap-vs-atletico-concaran\/","title":{"rendered":"Se viene una nueva edici\u00f3n del cl\u00e1sico del Valle del Conlara: BAP vs Atl\u00e9tico Concar\u00e1n\u00a0"},"content":{"rendered":"<p>La palabra de Miguel \u201cEl Caballo\u201d Barzola (DT de Atl\u00e9tico)<\/p>\n<div id=\"attachment_19524\" style=\"width: 203px\" class=\"wp-caption alignleft\"><img decoding=\"async\" aria-describedby=\"caption-attachment-19524\" class=\"wp-image-19524 size-medium\" src=\"https:\/\/comunicartesanluis.com\/v1\/wp-content\/uploads\/2025\/09\/WhatsApp-Image-2025-09-18-at-1.19.59-PM-193x300.jpeg\" alt=\"\" width=\"193\" height=\"300\" srcset=\"https:\/\/comunicartesanluis.com\/v1\/wp-content\/uploads\/2025\/09\/WhatsApp-Image-2025-09-18-at-1.19.59-PM-193x300.jpeg 193w, https:\/\/comunicartesanluis.com\/v1\/wp-content\/uploads\/2025\/09\/WhatsApp-Image-2025-09-18-at-1.19.59-PM-200x310.jpeg 200w, https:\/\/comunicartesanluis.com\/v1\/wp-content\/uploads\/2025\/09\/WhatsApp-Image-2025-09-18-at-1.19.59-PM-400x620.jpeg 400w, https:\/\/comunicartesanluis.com\/v1\/wp-content\/uploads\/2025\/09\/WhatsApp-Image-2025-09-18-at-1.19.59-PM-600x930.jpeg 600w, https:\/\/comunicartesanluis.com\/v1\/wp-content\/uploads\/2025\/09\/WhatsApp-Image-2025-09-18-at-1.19.59-PM-660x1024.jpeg 660w, https:\/\/comunicartesanluis.com\/v1\/wp-content\/uploads\/2025\/09\/WhatsApp-Image-2025-09-18-at-1.19.59-PM-768x1191.jpeg 768w, https:\/\/comunicartesanluis.com\/v1\/wp-content\/uploads\/2025\/09\/WhatsApp-Image-2025-09-18-at-1.19.59-PM-800x1240.jpeg 800w, https:\/\/comunicartesanluis.com\/v1\/wp-content\/uploads\/2025\/09\/WhatsApp-Image-2025-09-18-at-1.19.59-PM.jpeg 981w\" sizes=\"(max-width: 193px) 100vw, 193px\" \/><p id=\"caption-attachment-19524\" class=\"wp-caption-text\">Miguel Barzola DT Atl Concaran<\/p><\/div>\n<p>En la previa, el entrenador celeste comparti\u00f3 c\u00f3mo llega su equipo tras un a\u00f1o de altibajos:<\/p>\n<p>\u201cA dos d\u00edas de comenzar el torneo ya hab\u00edamos perdido jugadores importantes como Gonzalo Torres (A prestamo a San Martin de Merlo), Diego M\u00e1rquez y el arquero Pave, que decidi\u00f3 no arrancar. A eso se sumaron lesiones claves como la del Chuqui o la de Tato Altamiranda. El equipo se fue armando con lo que hab\u00eda y fuimos levantando cabeza con la llegada de Elian P\u00e9rez al arco, que nos dio mucha seguridad\u201d.<\/p>\n<p>Tambi\u00e9n remarc\u00f3 la resiliencia del plantel:<\/p>\n<p>\u201cHemos tenido partidos que merecimos ganar y no se nos dio, pero esto es f\u00fatbol. El hincha a veces exige, pero tambi\u00e9n sabe comprender. Hoy llegamos al cl\u00e1sico medio desmantelados, pero con la ilusi\u00f3n intacta\u201d.<\/p>\n<p>&nbsp;<\/p>\n<p>&nbsp;<\/p>\n<p>&nbsp;<\/p>\n<p>&nbsp;<\/p>\n<p>La voz de Agust\u00edn \u00abChuky\u00bb Nievas (Jugador de Atl\u00e9tico)<\/p>\n<p><img decoding=\"async\" class=\"alignleft wp-image-19527 \" src=\"https:\/\/comunicartesanluis.com\/v1\/wp-content\/uploads\/2025\/09\/WhatsApp-Image-2025-09-18-at-4.55.16-PM-1024x768.jpeg\" alt=\"\" width=\"627\" height=\"470\" srcset=\"https:\/\/comunicartesanluis.com\/v1\/wp-content\/uploads\/2025\/09\/WhatsApp-Image-2025-09-18-at-4.55.16-PM-200x150.jpeg 200w, https:\/\/comunicartesanluis.com\/v1\/wp-content\/uploads\/2025\/09\/WhatsApp-Image-2025-09-18-at-4.55.16-PM-300x225.jpeg 300w, https:\/\/comunicartesanluis.com\/v1\/wp-content\/uploads\/2025\/09\/WhatsApp-Image-2025-09-18-at-4.55.16-PM-400x300.jpeg 400w, https:\/\/comunicartesanluis.com\/v1\/wp-content\/uploads\/2025\/09\/WhatsApp-Image-2025-09-18-at-4.55.16-PM-600x450.jpeg 600w, https:\/\/comunicartesanluis.com\/v1\/wp-content\/uploads\/2025\/09\/WhatsApp-Image-2025-09-18-at-4.55.16-PM-768x576.jpeg 768w, https:\/\/comunicartesanluis.com\/v1\/wp-content\/uploads\/2025\/09\/WhatsApp-Image-2025-09-18-at-4.55.16-PM-800x600.jpeg 800w, https:\/\/comunicartesanluis.com\/v1\/wp-content\/uploads\/2025\/09\/WhatsApp-Image-2025-09-18-at-4.55.16-PM-1024x768.jpeg 1024w, https:\/\/comunicartesanluis.com\/v1\/wp-content\/uploads\/2025\/09\/WhatsApp-Image-2025-09-18-at-4.55.16-PM-1200x900.jpeg 1200w, https:\/\/comunicartesanluis.com\/v1\/wp-content\/uploads\/2025\/09\/WhatsApp-Image-2025-09-18-at-4.55.16-PM.jpeg 1280w\" sizes=\"(max-width: 627px) 100vw, 627px\" \/><\/p>\n<p>El jugador, quien estuvo afectado por una de las lesiones mencionadas por su DT, aport\u00f3 su visi\u00f3n y confirm\u00f3 el buen ambiente interno a pesar de los resultados:<\/p>\n<p>\u00abEl grupo viene bien, unido con el apoyo de la gente a pesar de no tener buenos resultados. Esta semana el profe Pichy Godoy hizo trabajos donde mezcl\u00f3 las tres categor\u00edas en diferentes trabajos que la verdad fueron muy buenos y divertidos sobre todo\u00bb.<\/p>\n<p>Sobre su estado personal y la perspectiva para el partido, agreg\u00f3:<\/p>\n<p>\u00abYo personalmente vengo trabajando en mi recuperaci\u00f3n, sinti\u00e9ndome de a poco m\u00e1s c\u00f3modo, apoyando a los chicos siempre del lugar que toque. El cl\u00e1sico es lindo de jugarlo, todo lo quieren jugar pero hay que afrontarlo tranquilo y haciendo un partido inteligente en todas las l\u00edneas\u00bb.<\/p>\n<p>La visi\u00f3n de Carlos Ren\u00e9 (DT de BAP)<\/p>\n<div id=\"attachment_19522\" style=\"width: 561px\" class=\"wp-caption alignleft\"><img decoding=\"async\" aria-describedby=\"caption-attachment-19522\" class=\"wp-image-19522\" src=\"https:\/\/comunicartesanluis.com\/v1\/wp-content\/uploads\/2025\/09\/WhatsApp-Image-2025-09-18-at-3.02.00-PM-1024x576.jpeg\" alt=\"\" width=\"551\" height=\"310\" srcset=\"https:\/\/comunicartesanluis.com\/v1\/wp-content\/uploads\/2025\/09\/WhatsApp-Image-2025-09-18-at-3.02.00-PM-200x113.jpeg 200w, https:\/\/comunicartesanluis.com\/v1\/wp-content\/uploads\/2025\/09\/WhatsApp-Image-2025-09-18-at-3.02.00-PM-300x169.jpeg 300w, https:\/\/comunicartesanluis.com\/v1\/wp-content\/uploads\/2025\/09\/WhatsApp-Image-2025-09-18-at-3.02.00-PM-400x225.jpeg 400w, https:\/\/comunicartesanluis.com\/v1\/wp-content\/uploads\/2025\/09\/WhatsApp-Image-2025-09-18-at-3.02.00-PM-600x338.jpeg 600w, https:\/\/comunicartesanluis.com\/v1\/wp-content\/uploads\/2025\/09\/WhatsApp-Image-2025-09-18-at-3.02.00-PM-768x432.jpeg 768w, https:\/\/comunicartesanluis.com\/v1\/wp-content\/uploads\/2025\/09\/WhatsApp-Image-2025-09-18-at-3.02.00-PM-800x450.jpeg 800w, https:\/\/comunicartesanluis.com\/v1\/wp-content\/uploads\/2025\/09\/WhatsApp-Image-2025-09-18-at-3.02.00-PM-1024x576.jpeg 1024w, https:\/\/comunicartesanluis.com\/v1\/wp-content\/uploads\/2025\/09\/WhatsApp-Image-2025-09-18-at-3.02.00-PM-1200x675.jpeg 1200w, https:\/\/comunicartesanluis.com\/v1\/wp-content\/uploads\/2025\/09\/WhatsApp-Image-2025-09-18-at-3.02.00-PM.jpeg 1280w\" sizes=\"(max-width: 551px) 100vw, 551px\" \/><p id=\"caption-attachment-19522\" class=\"wp-caption-text\">Carlos Rene DT de BAP, junto a su hijo Leonel.<\/p><\/div>\n<p>Del otro lado, el DT de BAP se mostr\u00f3 confiado en la fortaleza de su grupo y en la ilusi\u00f3n de pelear arriba:<\/p>\n<p>\u201cEstamos bien, fundamentalmente como grupo. El equipo est\u00e1 s\u00f3lido, muy unido, se los ve con entusiasmo y con ganas de pelear el campeonato hasta el final. El a\u00f1o pasado jugaron finales y la vara qued\u00f3 alta, pero seguimos en el lote de arriba y queremos que alguna vez se nos d\u00e9 el campeonato\u201d.<\/p>\n<p>Sobre el cl\u00e1sico, agreg\u00f3:<\/p>\n<p>\u201cSabemos que es algo muy importante para toda la parcialidad. Ellos no llegan bien, nosotros estamos en un buen momento, pero un cl\u00e1sico siempre es dif\u00edcil. Lo vamos a tomar con responsabilidad, siempre pensando en ganarlo, m\u00e1s todav\u00eda siendo locales. Ojal\u00e1 sea un espect\u00e1culo deportivo en paz, sin disturbios ni problemas, que sea una fiesta del f\u00fatbol y que despu\u00e9s solo se hable del partido\u201d.<\/p>\n<p>La voz de Nicol\u00e1s Funez (jugador de BAP)<\/p>\n<p><img decoding=\"async\" class=\"alignnone size-medium wp-image-19523\" src=\"https:\/\/comunicartesanluis.com\/v1\/wp-content\/uploads\/2025\/09\/WhatsApp-Image-2025-09-18-at-2.57.39-PM-225x300.jpeg\" alt=\"\" width=\"225\" height=\"300\" srcset=\"https:\/\/comunicartesanluis.com\/v1\/wp-content\/uploads\/2025\/09\/WhatsApp-Image-2025-09-18-at-2.57.39-PM-200x267.jpeg 200w, https:\/\/comunicartesanluis.com\/v1\/wp-content\/uploads\/2025\/09\/WhatsApp-Image-2025-09-18-at-2.57.39-PM-225x300.jpeg 225w, https:\/\/comunicartesanluis.com\/v1\/wp-content\/uploads\/2025\/09\/WhatsApp-Image-2025-09-18-at-2.57.39-PM-400x533.jpeg 400w, https:\/\/comunicartesanluis.com\/v1\/wp-content\/uploads\/2025\/09\/WhatsApp-Image-2025-09-18-at-2.57.39-PM-600x800.jpeg 600w, https:\/\/comunicartesanluis.com\/v1\/wp-content\/uploads\/2025\/09\/WhatsApp-Image-2025-09-18-at-2.57.39-PM-768x1024.jpeg 768w, https:\/\/comunicartesanluis.com\/v1\/wp-content\/uploads\/2025\/09\/WhatsApp-Image-2025-09-18-at-2.57.39-PM-800x1067.jpeg 800w, https:\/\/comunicartesanluis.com\/v1\/wp-content\/uploads\/2025\/09\/WhatsApp-Image-2025-09-18-at-2.57.39-PM-1152x1536.jpeg 1152w, https:\/\/comunicartesanluis.com\/v1\/wp-content\/uploads\/2025\/09\/WhatsApp-Image-2025-09-18-at-2.57.39-PM-1200x1600.jpeg 1200w, https:\/\/comunicartesanluis.com\/v1\/wp-content\/uploads\/2025\/09\/WhatsApp-Image-2025-09-18-at-2.57.39-PM-1536x2048.jpeg 1536w, https:\/\/comunicartesanluis.com\/v1\/wp-content\/uploads\/2025\/09\/WhatsApp-Image-2025-09-18-at-2.57.39-PM-scaled.jpeg 1920w\" sizes=\"(max-width: 225px) 100vw, 225px\" \/> <img decoding=\"async\" class=\"alignnone size-medium wp-image-19526\" src=\"https:\/\/comunicartesanluis.com\/v1\/wp-content\/uploads\/2025\/09\/WhatsApp-Image-2025-09-18-at-12.02.17-PM-300x225.jpeg\" alt=\"\" width=\"300\" height=\"225\" srcset=\"https:\/\/comunicartesanluis.com\/v1\/wp-content\/uploads\/2025\/09\/WhatsApp-Image-2025-09-18-at-12.02.17-PM-200x150.jpeg 200w, https:\/\/comunicartesanluis.com\/v1\/wp-content\/uploads\/2025\/09\/WhatsApp-Image-2025-09-18-at-12.02.17-PM-300x225.jpeg 300w, https:\/\/comunicartesanluis.com\/v1\/wp-content\/uploads\/2025\/09\/WhatsApp-Image-2025-09-18-at-12.02.17-PM-400x300.jpeg 400w, https:\/\/comunicartesanluis.com\/v1\/wp-content\/uploads\/2025\/09\/WhatsApp-Image-2025-09-18-at-12.02.17-PM-600x450.jpeg 600w, https:\/\/comunicartesanluis.com\/v1\/wp-content\/uploads\/2025\/09\/WhatsApp-Image-2025-09-18-at-12.02.17-PM-768x576.jpeg 768w, https:\/\/comunicartesanluis.com\/v1\/wp-content\/uploads\/2025\/09\/WhatsApp-Image-2025-09-18-at-12.02.17-PM-800x600.jpeg 800w, https:\/\/comunicartesanluis.com\/v1\/wp-content\/uploads\/2025\/09\/WhatsApp-Image-2025-09-18-at-12.02.17-PM-1024x768.jpeg 1024w, https:\/\/comunicartesanluis.com\/v1\/wp-content\/uploads\/2025\/09\/WhatsApp-Image-2025-09-18-at-12.02.17-PM-1200x900.jpeg 1200w, https:\/\/comunicartesanluis.com\/v1\/wp-content\/uploads\/2025\/09\/WhatsApp-Image-2025-09-18-at-12.02.17-PM.jpeg 1280w\" sizes=\"(max-width: 300px) 100vw, 300px\" \/><\/p>\n<p>Uno de los referentes del mediocampo de BAP, Nicol\u00e1s Funez, tambi\u00e9n dej\u00f3 sus sensaciones antes del cl\u00e1sico:<\/p>\n<p>\u201cEl equipo lo veo muy bien, se nota que el grupo est\u00e1 muy unido y eso es fundamental. Hay un buen nivel tanto en los 11 titulares como en los que est\u00e1n en el banco. Venimos entrenando muy bien como todas las semanas, los profes hacen un gran laburo y eso es clave en un equipo. Estamos bien\u201d.<\/p>\n<p>En lo personal, el volante se mostr\u00f3 motivado y comprometido:<\/p>\n<p>\u201cYo me siento muy bien, siempre trato de no faltar a los entrenamientos, es muy raro que falte. Me gusta entrenar y eso me da confianza para llegar de la mejor manera al partido\u201d.<\/p>\n<p>&nbsp;<\/p>\n<p><em><strong>El an\u00e1lisis de Fernando Navarro (Periodista)<\/strong><\/em><\/p>\n<p>El colega Fernando Navarro aport\u00f3 un panorama sobre la actualidad de ambos equipos:<\/p>\n<p><img decoding=\"async\" class=\"alignnone size-medium wp-image-19531\" src=\"https:\/\/comunicartesanluis.com\/v1\/wp-content\/uploads\/2025\/09\/WhatsApp-Image-2025-09-18-at-5.44.42-PM-e1758230235368-225x300.jpeg\" alt=\"\" width=\"225\" height=\"300\" srcset=\"https:\/\/comunicartesanluis.com\/v1\/wp-content\/uploads\/2025\/09\/WhatsApp-Image-2025-09-18-at-5.44.42-PM-e1758230235368-200x266.jpeg 200w, https:\/\/comunicartesanluis.com\/v1\/wp-content\/uploads\/2025\/09\/WhatsApp-Image-2025-09-18-at-5.44.42-PM-e1758230235368-225x300.jpeg 225w, https:\/\/comunicartesanluis.com\/v1\/wp-content\/uploads\/2025\/09\/WhatsApp-Image-2025-09-18-at-5.44.42-PM-e1758230235368-400x532.jpeg 400w, https:\/\/comunicartesanluis.com\/v1\/wp-content\/uploads\/2025\/09\/WhatsApp-Image-2025-09-18-at-5.44.42-PM-e1758230235368-600x798.jpeg 600w, https:\/\/comunicartesanluis.com\/v1\/wp-content\/uploads\/2025\/09\/WhatsApp-Image-2025-09-18-at-5.44.42-PM-e1758230235368.jpeg 717w\" sizes=\"(max-width: 225px) 100vw, 225px\" \/><\/p>\n<p>\u201cBAP llega mejor: est\u00e1 en el lote de arriba con 33 puntos, a 5 de San Mart\u00edn, a 4 de Sarmiento y a 2 de Nachel Unidos. Con 9 triunfos, 6 empates y solo 2 ca\u00eddas, el equipo de Carlos Ren\u00e9 muestra un grupo unido que quiere m\u00e1s. La semana pasada gan\u00f3 con goles de Joel Parra y Johnny Ortiz, y recupera al central V\u00e9lez tras suspensi\u00f3n. Tambi\u00e9n podr\u00eda volver Ariel Ochoa y cuenta con nombres de experiencia como Nacho Moreno, Nico Funes y Maxi Palacios\u201d.<\/p>\n<p>Sobre Atl\u00e9tico, se\u00f1al\u00f3:<\/p>\n<p>\u201cAtl\u00e9tico est\u00e1 necesitado de puntos. Est\u00e1 a dos unidades de Cryder, que pelea en zona de ascenso directo, y le saca cuatro Amigos de Tilisarao, que marcha \u00faltimo. Llega con bajas, entre ellas la suspensi\u00f3n de Sebasti\u00e1n Castro, expulsado en la derrota 0-1 contra Deportivo Nachel. Atl\u00e9tico tiene un plantel con muchos chicos, mientras que BAP cuenta con algo m\u00e1s de experiencia en puestos clave. De todos modos, los cl\u00e1sicos siempre son partidos aparte\u201d.<\/p>\n<p>Y cerr\u00f3 con un mensaje a la gente:<\/p>\n<p>\u201cEsperamos que sea una fiesta del f\u00fatbol, que el lunes se hable solo de f\u00fatbol y que los tres partidos \u2014Sub 17, Sub 22 y Primera\u2014 se jueguen con conducta y respeto. La transmisi\u00f3n ser\u00e1 por YouTube o Instagram de Comunicarte (A confirmar) tt, con la previa desde las 15:40\u201d.<\/p>\n<p>El cl\u00e1sico ser\u00e1 transmitido en vivo por Comunicarte San Luis, con la cobertura de Fernando Navarro, Juan Pinto y equipo.<\/p>\n<p>Hora y d\u00eda: Domingo 16 hs<br \/>\nEncuentro: BAP vs\u00a0 Atl\u00e9tico Concar\u00e1n<br \/>\nPor donde lo veo? **\ud83c\udf99\ufe0f En vivo por Comunicarte, a confirmar si Instagram o Youtube.<\/p>\n","protected":false},"excerpt":{"rendered":"<p>Este domingo a las 16 hs, el pueblo futbolero volver\u00e1 a vibrar con uno de los encuentros m\u00e1s esperados del a\u00f1o: BAP de Concar\u00e1n frente a Atl\u00e9tico Concar\u00e1n, por la quinta fecha de la segunda ronda de la Primera A de la Liga del Valle del Conlara.<\/p>\n","protected":false},"author":3,"featured_media":19520,"comment_status":"open","ping_status":"open","sticky":false,"template":"","format":"standard","meta":{"_jetpack_memberships_contains_paid_content":false,"footnotes":""},"categories":[15,16],"tags":[],"class_list":["post-19519","post","type-post","status-publish","format-standard","has-post-thumbnail","hentry","category-deporte","category-local"],"jetpack_featured_media_url":"https:\/\/comunicartesanluis.com\/v1\/wp-content\/uploads\/2025\/09\/Copia-de-Copia-de-feed-noticias-canva-2-e1758226745442.png","jetpack_sharing_enabled":true,"_links":{"self":[{"href":"https:\/\/comunicartesanluis.com\/index.php\/wp-json\/wp\/v2\/posts\/19519","targetHints":{"allow":["GET"]}}],"collection":[{"href":"https:\/\/comunicartesanluis.com\/index.php\/wp-json\/wp\/v2\/posts"}],"about":[{"href":"https:\/\/comunicartesanluis.com\/index.php\/wp-json\/wp\/v2\/types\/post"}],"author":[{"embeddable":true,"href":"https:\/\/comunicartesanluis.com\/index.php\/wp-json\/wp\/v2\/users\/3"}],"replies":[{"embeddable":true,"href":"https:\/\/comunicartesanluis.com\/index.php\/wp-json\/wp\/v2\/comments?post=19519"}],"version-history":[{"count":5,"href":"https:\/\/comunicartesanluis.com\/index.php\/wp-json\/wp\/v2\/posts\/19519\/revisions"}],"predecessor-version":[{"id":19533,"href":"https:\/\/comunicartesanluis.com\/index.php\/wp-json\/wp\/v2\/posts\/19519\/revisions\/19533"}],"wp:featuredmedia":[{"embeddable":true,"href":"https:\/\/comunicartesanluis.com\/index.php\/wp-json\/wp\/v2\/media\/19520"}],"wp:attachment":[{"href":"https:\/\/comunicartesanluis.com\/index.php\/wp-json\/wp\/v2\/media?parent=19519"}],"wp:term":[{"taxonomy":"category","embeddable":true,"href":"https:\/\/comunicartesanluis.com\/index.php\/wp-json\/wp\/v2\/categories?post=19519"},{"taxonomy":"post_tag","embeddable":true,"href":"https:\/\/comunicartesanluis.com\/index.php\/wp-json\/wp\/v2\/tags?post=19519"}],"curies":[{"name":"wp","href":"https:\/\/api.w.org\/{rel}","templated":true}]}}