{"id":19567,"date":"2025-09-22T10:17:31","date_gmt":"2025-09-22T13:17:31","guid":{"rendered":"https:\/\/comunicartesanluis.com\/?p=19567"},"modified":"2025-09-22T10:19:22","modified_gmt":"2025-09-22T13:19:22","slug":"villa-de-merlo-y-herradura-rugby-club-orgullo-nacional-en-los-juegos-evita-2025","status":"publish","type":"post","link":"https:\/\/comunicartesanluis.com\/index.php\/2025\/09\/22\/villa-de-merlo-y-herradura-rugby-club-orgullo-nacional-en-los-juegos-evita-2025\/","title":{"rendered":"Villa de Merlo y Herradura Rugby Club: Orgullo Nacional en los Juegos Evita 2025"},"content":{"rendered":"<p class=\"ds-markdown-paragraph\">La Selecci\u00f3n M16 Masculina de Rugby de San Luis ya tiene sus caras visibles para los Juegos Nacionales Evita 2025, y Villa de Merlo y sus alrededores vibran con una enorme dosis de orgullo. De la lista de convocados, ocho jugadores pertenecen a clubes de la regi\u00f3n, demostrando la gran cantera de talento rugb\u00edstico local.<\/p>\n<p class=\"ds-markdown-paragraph\">Los atletas seleccionados son:<\/p>\n<ul>\n<li>\n<p class=\"ds-markdown-paragraph\"><strong>De Pueyrred\u00f3n:<\/strong>\u00a0Alexis Puszkar, Ramiro Cardarelli y Bautista Bazla.<\/p>\n<\/li>\n<li>\n<p class=\"ds-markdown-paragraph\"><strong>De La Ribera:<\/strong>\u00a0Enzo Cajal.<\/p>\n<\/li>\n<li>\n<p class=\"ds-markdown-paragraph\"><strong>De Herradura Rugby Club:<\/strong>\u00a0M\u00e1ximo Albornoz, Felipe Milanovic, Valentin Massa, Sim\u00f3n Vaez, Pedro Romero Cruz y Felipe G\u00f3mez Serenelli.<\/p>\n<\/li>\n<\/ul>\n<p class=\"ds-markdown-paragraph\">A cargo del equipo estar\u00e1 el entrenador Juan Pablo Mazzini, una figura conocida del rugby local y de \u201cPasucos\u201d, quien guiar\u00e1 a los j\u00f3venes en esta importante competencia nacional.<\/p>\n<p class=\"ds-markdown-paragraph\"><strong>El orgullo de Herradura Rugby Club<\/strong><\/p>\n<p class=\"ds-markdown-paragraph\">Este logro es especialmente significativo para el Herradura Rugby Club, que ver\u00e1 a seis de sus jugadores vistiendo la camiseta provincial. Es un fruto del esfuerzo, la pasi\u00f3n y la uni\u00f3n que caracterizan al club y a toda la comunidad rugb\u00edstica.<\/p>\n<p class=\"ds-markdown-paragraph\"><strong>Las voces de los protagonistas<\/strong><\/p>\n<p class=\"ds-markdown-paragraph\">Los j\u00f3venes jugadores compartieron su emoci\u00f3n y expectativas de cara a la experiencia:<\/p>\n<p><img decoding=\"async\" class=\"alignleft wp-image-19571 size-large\" src=\"https:\/\/comunicartesanluis.com\/v1\/wp-content\/uploads\/2025\/09\/WhatsApp-Image-2025-09-22-at-9.46.06-AM-682x1024.jpeg\" alt=\"\" width=\"682\" height=\"1024\" srcset=\"https:\/\/comunicartesanluis.com\/v1\/wp-content\/uploads\/2025\/09\/WhatsApp-Image-2025-09-22-at-9.46.06-AM-200x300.jpeg 200w, https:\/\/comunicartesanluis.com\/v1\/wp-content\/uploads\/2025\/09\/WhatsApp-Image-2025-09-22-at-9.46.06-AM-400x600.jpeg 400w, https:\/\/comunicartesanluis.com\/v1\/wp-content\/uploads\/2025\/09\/WhatsApp-Image-2025-09-22-at-9.46.06-AM-600x900.jpeg 600w, https:\/\/comunicartesanluis.com\/v1\/wp-content\/uploads\/2025\/09\/WhatsApp-Image-2025-09-22-at-9.46.06-AM-682x1024.jpeg 682w, https:\/\/comunicartesanluis.com\/v1\/wp-content\/uploads\/2025\/09\/WhatsApp-Image-2025-09-22-at-9.46.06-AM-768x1152.jpeg 768w, https:\/\/comunicartesanluis.com\/v1\/wp-content\/uploads\/2025\/09\/WhatsApp-Image-2025-09-22-at-9.46.06-AM-800x1200.jpeg 800w, https:\/\/comunicartesanluis.com\/v1\/wp-content\/uploads\/2025\/09\/WhatsApp-Image-2025-09-22-at-9.46.06-AM.jpeg 853w\" sizes=\"(max-width: 682px) 100vw, 682px\" \/><\/p>\n<ul>\n<li>\n<p class=\"ds-markdown-paragraph\"><strong>Sim\u00f3n Vaez:<\/strong> \u00abMe alegra poder formar parte del equipo que va a representar a San Luis en los juegos Evita. Yo ya fui el a\u00f1o pasado y es una experiencia imposible de olvidar. Conoces mucha gente de otras provincias, haces amigos y, sobre todo, enriquece la amistad con nuestros compa\u00f1eros. Las expectativas son como la de cualquier partido, vamos a ir a jugar y a dejar a San Luis en el mejor puesto que podamos\u00bb.<\/p>\n<\/li>\n<\/ul>\n<p>&nbsp;<\/p>\n<p>&nbsp;<\/p>\n<p>&nbsp;<\/p>\n<p>&nbsp;<\/p>\n<p>&nbsp;<\/p>\n<p>&nbsp;<\/p>\n<p>&nbsp;<\/p>\n<p>&nbsp;<\/p>\n<p>&nbsp;<\/p>\n<p>&nbsp;<\/p>\n<p>&nbsp;<\/p>\n<p>&nbsp;<\/p>\n<p>&nbsp;<\/p>\n<p>&nbsp;<\/p>\n<p>&nbsp;<\/p>\n<p>&nbsp;<\/p>\n<p>&nbsp;<\/p>\n<p>&nbsp;<\/p>\n<p>&nbsp;<\/p>\n<p>&nbsp;<\/p>\n<div style=\"width: 478px;\" class=\"wp-video\"><video class=\"wp-video-shortcode\" id=\"video-19567-1\" width=\"478\" height=\"850\" preload=\"metadata\" controls=\"controls\"><source type=\"video\/mp4\" src=\"https:\/\/comunicartesanluis.com\/v1\/wp-content\/uploads\/2025\/09\/WhatsApp-Video-2025-09-22-at-10.05.25-AM.mp4?_=1\" \/><a href=\"https:\/\/comunicartesanluis.com\/v1\/wp-content\/uploads\/2025\/09\/WhatsApp-Video-2025-09-22-at-10.05.25-AM.mp4\">https:\/\/comunicartesanluis.com\/v1\/wp-content\/uploads\/2025\/09\/WhatsApp-Video-2025-09-22-at-10.05.25-AM.mp4<\/a><\/video><\/div>\n<ul>\n<li><\/li>\n<li><strong><img decoding=\"async\" class=\"alignleft wp-image-19570 size-large\" src=\"https:\/\/comunicartesanluis.com\/v1\/wp-content\/uploads\/2025\/09\/WhatsApp-Image-2025-09-22-at-9.46.06-AM-1-682x1024.jpeg\" alt=\"\" width=\"682\" height=\"1024\" srcset=\"https:\/\/comunicartesanluis.com\/v1\/wp-content\/uploads\/2025\/09\/WhatsApp-Image-2025-09-22-at-9.46.06-AM-1-200x300.jpeg 200w, https:\/\/comunicartesanluis.com\/v1\/wp-content\/uploads\/2025\/09\/WhatsApp-Image-2025-09-22-at-9.46.06-AM-1-400x600.jpeg 400w, https:\/\/comunicartesanluis.com\/v1\/wp-content\/uploads\/2025\/09\/WhatsApp-Image-2025-09-22-at-9.46.06-AM-1-600x900.jpeg 600w, https:\/\/comunicartesanluis.com\/v1\/wp-content\/uploads\/2025\/09\/WhatsApp-Image-2025-09-22-at-9.46.06-AM-1-682x1024.jpeg 682w, https:\/\/comunicartesanluis.com\/v1\/wp-content\/uploads\/2025\/09\/WhatsApp-Image-2025-09-22-at-9.46.06-AM-1-768x1152.jpeg 768w, https:\/\/comunicartesanluis.com\/v1\/wp-content\/uploads\/2025\/09\/WhatsApp-Image-2025-09-22-at-9.46.06-AM-1-800x1200.jpeg 800w, https:\/\/comunicartesanluis.com\/v1\/wp-content\/uploads\/2025\/09\/WhatsApp-Image-2025-09-22-at-9.46.06-AM-1.jpeg 853w\" sizes=\"(max-width: 682px) 100vw, 682px\" \/><\/strong><\/li>\n<li><strong>Felipe Milanovic:<\/strong> \u00abTengo la suerte de poder ser convocado para los Juegos Evita 2025. Me siento muy emocionado por poder vivir esta experiencia y de poder jugar representando a San Luis. Voy a dejar todo en los partidos y espero disfrutar mucho el viaje con otros equipos\u00bb.<\/li>\n<\/ul>\n<p>&nbsp;<\/p>\n<p>&nbsp;<\/p>\n<p>&nbsp;<\/p>\n<p>&nbsp;<\/p>\n<p>&nbsp;<\/p>\n<p>&nbsp;<\/p>\n<p>&nbsp;<\/p>\n<p>&nbsp;<\/p>\n<p>&nbsp;<\/p>\n<p>&nbsp;<\/p>\n<p>&nbsp;<\/p>\n<p>&nbsp;<\/p>\n<p>&nbsp;<\/p>\n<p>&nbsp;<\/p>\n<p>&nbsp;<\/p>\n<p>&nbsp;<\/p>\n<p>&nbsp;<\/p>\n<p>&nbsp;<\/p>\n<p>&nbsp;<\/p>\n<p>&nbsp;<\/p>\n<p>&nbsp;<\/p>\n<p>&nbsp;<\/p>\n<p>&nbsp;<\/p>\n<p>&nbsp;<\/p>\n<p><img decoding=\"async\" class=\"alignnone size-medium wp-image-19568\" src=\"https:\/\/comunicartesanluis.com\/v1\/wp-content\/uploads\/2025\/09\/WhatsApp-Image-2025-09-22-at-9.46.07-AM-220x300.jpeg\" alt=\"\" width=\"220\" height=\"300\" srcset=\"https:\/\/comunicartesanluis.com\/v1\/wp-content\/uploads\/2025\/09\/WhatsApp-Image-2025-09-22-at-9.46.07-AM-200x273.jpeg 200w, https:\/\/comunicartesanluis.com\/v1\/wp-content\/uploads\/2025\/09\/WhatsApp-Image-2025-09-22-at-9.46.07-AM-220x300.jpeg 220w, https:\/\/comunicartesanluis.com\/v1\/wp-content\/uploads\/2025\/09\/WhatsApp-Image-2025-09-22-at-9.46.07-AM-400x546.jpeg 400w, https:\/\/comunicartesanluis.com\/v1\/wp-content\/uploads\/2025\/09\/WhatsApp-Image-2025-09-22-at-9.46.07-AM-600x819.jpeg 600w, https:\/\/comunicartesanluis.com\/v1\/wp-content\/uploads\/2025\/09\/WhatsApp-Image-2025-09-22-at-9.46.07-AM.jpeg 625w\" sizes=\"(max-width: 220px) 100vw, 220px\" \/><img decoding=\"async\" class=\"alignnone size-medium wp-image-19569\" src=\"https:\/\/comunicartesanluis.com\/v1\/wp-content\/uploads\/2025\/09\/WhatsApp-Image-2025-09-22-at-9.46.06-AM-2-300x200.jpeg\" alt=\"\" width=\"300\" height=\"200\" srcset=\"https:\/\/comunicartesanluis.com\/v1\/wp-content\/uploads\/2025\/09\/WhatsApp-Image-2025-09-22-at-9.46.06-AM-2-200x133.jpeg 200w, https:\/\/comunicartesanluis.com\/v1\/wp-content\/uploads\/2025\/09\/WhatsApp-Image-2025-09-22-at-9.46.06-AM-2-300x200.jpeg 300w, https:\/\/comunicartesanluis.com\/v1\/wp-content\/uploads\/2025\/09\/WhatsApp-Image-2025-09-22-at-9.46.06-AM-2-400x267.jpeg 400w, https:\/\/comunicartesanluis.com\/v1\/wp-content\/uploads\/2025\/09\/WhatsApp-Image-2025-09-22-at-9.46.06-AM-2-600x400.jpeg 600w, https:\/\/comunicartesanluis.com\/v1\/wp-content\/uploads\/2025\/09\/WhatsApp-Image-2025-09-22-at-9.46.06-AM-2-768x512.jpeg 768w, https:\/\/comunicartesanluis.com\/v1\/wp-content\/uploads\/2025\/09\/WhatsApp-Image-2025-09-22-at-9.46.06-AM-2-800x533.jpeg 800w, https:\/\/comunicartesanluis.com\/v1\/wp-content\/uploads\/2025\/09\/WhatsApp-Image-2025-09-22-at-9.46.06-AM-2-1024x682.jpeg 1024w, https:\/\/comunicartesanluis.com\/v1\/wp-content\/uploads\/2025\/09\/WhatsApp-Image-2025-09-22-at-9.46.06-AM-2-1200x800.jpeg 1200w, https:\/\/comunicartesanluis.com\/v1\/wp-content\/uploads\/2025\/09\/WhatsApp-Image-2025-09-22-at-9.46.06-AM-2.jpeg 1280w\" sizes=\"(max-width: 300px) 100vw, 300px\" \/><\/p>\n<ul>\n<li>\n<p class=\"ds-markdown-paragraph\"><strong>Felipe G\u00f3mez Serenelli:<\/strong>\u00a0\u00abMe pone muy feliz estar en la lista de convocados para los Evita, siento que va a ser una experiencia \u00fanica y hermosa\u00bb.<\/p>\n<\/li>\n<\/ul>\n<p class=\"ds-markdown-paragraph\">Sin duda, estos j\u00f3venes deportistas llevar\u00e1n en alto los colores de San Luis, demostrando el valor y la garra del rugby merlino.<\/p>\n<p class=\"ds-markdown-paragraph\">\u00a1Toda la comunidad los acompa\u00f1a!<\/p>\n<p>&nbsp;<\/p>\n<p><img decoding=\"async\" class=\"aligncenter wp-image-19572 size-large\" src=\"https:\/\/comunicartesanluis.com\/v1\/wp-content\/uploads\/2025\/09\/WhatsApp-Image-2025-09-19-at-9.23.50-PM-818x1024.jpeg\" alt=\"\" width=\"818\" height=\"1024\" srcset=\"https:\/\/comunicartesanluis.com\/v1\/wp-content\/uploads\/2025\/09\/WhatsApp-Image-2025-09-19-at-9.23.50-PM-200x250.jpeg 200w, https:\/\/comunicartesanluis.com\/v1\/wp-content\/uploads\/2025\/09\/WhatsApp-Image-2025-09-19-at-9.23.50-PM-240x300.jpeg 240w, https:\/\/comunicartesanluis.com\/v1\/wp-content\/uploads\/2025\/09\/WhatsApp-Image-2025-09-19-at-9.23.50-PM-400x501.jpeg 400w, https:\/\/comunicartesanluis.com\/v1\/wp-content\/uploads\/2025\/09\/WhatsApp-Image-2025-09-19-at-9.23.50-PM-600x751.jpeg 600w, https:\/\/comunicartesanluis.com\/v1\/wp-content\/uploads\/2025\/09\/WhatsApp-Image-2025-09-19-at-9.23.50-PM-768x962.jpeg 768w, https:\/\/comunicartesanluis.com\/v1\/wp-content\/uploads\/2025\/09\/WhatsApp-Image-2025-09-19-at-9.23.50-PM-800x1002.jpeg 800w, https:\/\/comunicartesanluis.com\/v1\/wp-content\/uploads\/2025\/09\/WhatsApp-Image-2025-09-19-at-9.23.50-PM-818x1024.jpeg 818w, https:\/\/comunicartesanluis.com\/v1\/wp-content\/uploads\/2025\/09\/WhatsApp-Image-2025-09-19-at-9.23.50-PM.jpeg 1022w\" sizes=\"(max-width: 818px) 100vw, 818px\" \/><\/p>\n<p>&nbsp;<\/p>\n<p>Fotos; Vero Giacone<\/p>\n","protected":false},"excerpt":{"rendered":"<p>Ocho j\u00f3venes rugbiers de la zona, seis de ellos del Herradura Rugby Club, fueron convocados para representar a San Luis en la categor\u00eda M16 de los Juegos Nacionales Evita. Conoc\u00e9 sus nombres y las expectativas de los protagonistas.<\/p>\n","protected":false},"author":3,"featured_media":19573,"comment_status":"open","ping_status":"open","sticky":false,"template":"","format":"standard","meta":{"_jetpack_memberships_contains_paid_content":false,"footnotes":""},"categories":[15,16],"tags":[],"class_list":["post-19567","post","type-post","status-publish","format-standard","has-post-thumbnail","hentry","category-deporte","category-local"],"jetpack_featured_media_url":"https:\/\/comunicartesanluis.com\/v1\/wp-content\/uploads\/2025\/09\/Copia-de-Copia-de-feed-noticias-canva-4-e1758547093725.png","jetpack_sharing_enabled":true,"_links":{"self":[{"href":"https:\/\/comunicartesanluis.com\/index.php\/wp-json\/wp\/v2\/posts\/19567","targetHints":{"allow":["GET"]}}],"collection":[{"href":"https:\/\/comunicartesanluis.com\/index.php\/wp-json\/wp\/v2\/posts"}],"about":[{"href":"https:\/\/comunicartesanluis.com\/index.php\/wp-json\/wp\/v2\/types\/post"}],"author":[{"embeddable":true,"href":"https:\/\/comunicartesanluis.com\/index.php\/wp-json\/wp\/v2\/users\/3"}],"replies":[{"embeddable":true,"href":"https:\/\/comunicartesanluis.com\/index.php\/wp-json\/wp\/v2\/comments?post=19567"}],"version-history":[{"count":2,"href":"https:\/\/comunicartesanluis.com\/index.php\/wp-json\/wp\/v2\/posts\/19567\/revisions"}],"predecessor-version":[{"id":19576,"href":"https:\/\/comunicartesanluis.com\/index.php\/wp-json\/wp\/v2\/posts\/19567\/revisions\/19576"}],"wp:featuredmedia":[{"embeddable":true,"href":"https:\/\/comunicartesanluis.com\/index.php\/wp-json\/wp\/v2\/media\/19573"}],"wp:attachment":[{"href":"https:\/\/comunicartesanluis.com\/index.php\/wp-json\/wp\/v2\/media?parent=19567"}],"wp:term":[{"taxonomy":"category","embeddable":true,"href":"https:\/\/comunicartesanluis.com\/index.php\/wp-json\/wp\/v2\/categories?post=19567"},{"taxonomy":"post_tag","embeddable":true,"href":"https:\/\/comunicartesanluis.com\/index.php\/wp-json\/wp\/v2\/tags?post=19567"}],"curies":[{"name":"wp","href":"https:\/\/api.w.org\/{rel}","templated":true}]}}