{"id":19699,"date":"2025-10-03T09:37:19","date_gmt":"2025-10-03T12:37:19","guid":{"rendered":"https:\/\/comunicartesanluis.com\/?p=19699"},"modified":"2025-10-03T09:37:19","modified_gmt":"2025-10-03T12:37:19","slug":"juegos-evita-2025-san-luis-sigue-brillando-en-mar-del-plata","status":"publish","type":"post","link":"https:\/\/comunicartesanluis.com\/index.php\/2025\/10\/03\/juegos-evita-2025-san-luis-sigue-brillando-en-mar-del-plata\/","title":{"rendered":"Juegos Evita 2025 \u2013 San Luis sigue brillando en Mar del Plata"},"content":{"rendered":"<div id=\"attachment_19701\" style=\"width: 760px\" class=\"wp-caption aligncenter\"><img decoding=\"async\" aria-describedby=\"caption-attachment-19701\" class=\"wp-image-19701 size-full\" src=\"https:\/\/comunicartesanluis.com\/v1\/wp-content\/uploads\/2025\/10\/PHOTO-2025-10-01-20-18-02_3-750x420-1.jpg\" alt=\"\" width=\"750\" height=\"420\" srcset=\"https:\/\/comunicartesanluis.com\/v1\/wp-content\/uploads\/2025\/10\/PHOTO-2025-10-01-20-18-02_3-750x420-1-200x112.jpg 200w, https:\/\/comunicartesanluis.com\/v1\/wp-content\/uploads\/2025\/10\/PHOTO-2025-10-01-20-18-02_3-750x420-1-300x168.jpg 300w, https:\/\/comunicartesanluis.com\/v1\/wp-content\/uploads\/2025\/10\/PHOTO-2025-10-01-20-18-02_3-750x420-1-400x224.jpg 400w, https:\/\/comunicartesanluis.com\/v1\/wp-content\/uploads\/2025\/10\/PHOTO-2025-10-01-20-18-02_3-750x420-1-600x336.jpg 600w, https:\/\/comunicartesanluis.com\/v1\/wp-content\/uploads\/2025\/10\/PHOTO-2025-10-01-20-18-02_3-750x420-1.jpg 750w\" sizes=\"(max-width: 750px) 100vw, 750px\" \/><p id=\"caption-attachment-19701\" class=\"wp-caption-text\">Samuel Aguilar, nadador de la Pileta Modelo de Concar\u00e1n, que festej\u00f3 en nataci\u00f3n adaptada.<\/p><\/div>\n<p data-start=\"306\" data-end=\"788\">\ud83d\udd39 <strong data-start=\"309\" data-end=\"333\">D\u00eda 1 \u2013 Martes 30\/09<\/strong><br data-start=\"333\" data-end=\"336\" \/>\ud83e\udd48 <strong data-start=\"339\" data-end=\"360\">Mar\u00eda Paz Peralta<\/strong> \u2013 plata en ciclismo \ud83d\udeb4\u200d\u2640\ufe0f (500m Sub 16).<\/p>\n<div id=\"attachment_19700\" style=\"width: 760px\" class=\"wp-caption aligncenter\"><img decoding=\"async\" aria-describedby=\"caption-attachment-19700\" class=\"wp-image-19700 size-full\" src=\"https:\/\/comunicartesanluis.com\/v1\/wp-content\/uploads\/2025\/10\/PHOTO-2025-09-30-21-24-11_2-750x420-1.jpg\" alt=\"\" width=\"750\" height=\"420\" srcset=\"https:\/\/comunicartesanluis.com\/v1\/wp-content\/uploads\/2025\/10\/PHOTO-2025-09-30-21-24-11_2-750x420-1-200x112.jpg 200w, https:\/\/comunicartesanluis.com\/v1\/wp-content\/uploads\/2025\/10\/PHOTO-2025-09-30-21-24-11_2-750x420-1-300x168.jpg 300w, https:\/\/comunicartesanluis.com\/v1\/wp-content\/uploads\/2025\/10\/PHOTO-2025-09-30-21-24-11_2-750x420-1-400x224.jpg 400w, https:\/\/comunicartesanluis.com\/v1\/wp-content\/uploads\/2025\/10\/PHOTO-2025-09-30-21-24-11_2-750x420-1-600x336.jpg 600w, https:\/\/comunicartesanluis.com\/v1\/wp-content\/uploads\/2025\/10\/PHOTO-2025-09-30-21-24-11_2-750x420-1.jpg 750w\" sizes=\"(max-width: 750px) 100vw, 750px\" \/><p id=\"caption-attachment-19700\" class=\"wp-caption-text\">Bronce para San Luis en la posta 4\u00d750 mixta.<\/p><\/div>\n<p data-start=\"306\" data-end=\"788\"><br data-start=\"401\" data-end=\"404\" \/>\ud83e\udd49 <strong data-start=\"407\" data-end=\"427\">Posta 4\u00d750 mixta<\/strong> \ud83c\udfca (Ramiro Cuello, Francisca Rodr\u00edguez, Margarita Aversa y Juan Manuel Peralta).<\/p>\n<p data-start=\"306\" data-end=\"788\"><br data-start=\"508\" data-end=\"511\" \/>\ud83e\udd49 <strong data-start=\"514\" data-end=\"534\">Margarita Aversa<\/strong> \u2013 bronce en 200m libres.<br data-start=\"559\" data-end=\"562\" \/>\u2714\ufe0f Adem\u00e1s, triunfos en b\u00e1squet 3\u00d73 femenino, futsal (6-1 a Buenos Aires), taekwondo (5 de 6 combates ganados), judo, tenis de mesa, e-sports, atletismo, handball, v\u00f3ley de playa, lucha, rugby 7, nataci\u00f3n adaptada y canotaje.<\/p>\n<hr data-start=\"790\" data-end=\"793\" \/>\n<p data-start=\"795\" data-end=\"1450\">\ud83d\udd39 <strong data-start=\"798\" data-end=\"825\">D\u00eda 2 \u2013 Mi\u00e9rcoles 01\/10<\/strong><br data-start=\"825\" data-end=\"828\" \/>\ud83e\udd47 <strong data-start=\"831\" data-end=\"852\">Mar\u00eda Paz Peralta<\/strong> \u2013 oro en ciclismo \ud83d\udeb4\u200d\u2640\ufe0f (carrera por puntos).<br data-start=\"898\" data-end=\"901\" \/>\ud83e\udd47 <strong data-start=\"904\" data-end=\"919\">M\u00eda Pi\u00f1eyro<\/strong> \u2013 oro en atletismo \ud83c\udfc3\u200d\u2640\ufe0f (lanzamiento de bala).<br data-start=\"967\" data-end=\"970\" \/>\ud83e\udd47 <strong data-start=\"973\" data-end=\"991\">Benjam\u00edn Godoy<\/strong> \u2013 oro en parapowerlifting \ud83d\udcaa (hasta 80 kg).<br data-start=\"1035\" data-end=\"1038\" \/>\ud83e\udd47 <strong data-start=\"1041\" data-end=\"1059\">Samuel Aguilar<\/strong> \u2013 oro en nataci\u00f3n adaptada \ud83c\udfca\u200d\u2642\ufe0f (Pileta Modelo Concar\u00e1n).<br data-start=\"1118\" data-end=\"1121\" \/>\ud83e\udd48 <strong data-start=\"1124\" data-end=\"1146\">Valentina Palacios<\/strong> \u2013 plata en salto triple.<br data-start=\"1171\" data-end=\"1174\" \/>\ud83e\udd48 <strong data-start=\"1177\" data-end=\"1196\" data-is-only-node=\"\">Benicio Canizzo<\/strong> \u2013 plata en jabalina.<\/p>\n<p data-start=\"795\" data-end=\"1450\">\ud83e\udd48 <strong data-start=\"1223\" data-end=\"1242\">Mar\u00eda Luz Massi<\/strong> \u2013 plata en bala.<\/p>\n<p data-start=\"795\" data-end=\"1450\">\ud83e\udd48 <strong data-start=\"1265\" data-end=\"1297\">Equipo de gimnasia art\u00edstica<\/strong> \ud83e\udd38\u200d\u2640\ufe0f (Brenda Lobos, Malena Godoy y Josefina Dascenzo).<br data-start=\"1353\" data-end=\"1356\" \/>\u2714\ufe0f Tambi\u00e9n debutaron skate, b\u00e1dminton, gimnasia art\u00edstica y todas las disciplinas adaptadas.<\/p>\n<hr data-start=\"1452\" data-end=\"1455\" \/>\n<p data-start=\"1457\" data-end=\"1706\">\u2728 <strong data-start=\"1459\" data-end=\"1527\">La historia de Benjam\u00edn Godoy: cuando el deporte cambia una vida<\/strong><\/p>\n<p data-start=\"1457\" data-end=\"1706\"><img decoding=\"async\" class=\"aligncenter wp-image-19702 size-full\" src=\"https:\/\/comunicartesanluis.com\/v1\/wp-content\/uploads\/2025\/10\/PHOTO-2025-10-02-09-46-10-6-750x420-1.jpg\" alt=\"\" width=\"750\" height=\"420\" srcset=\"https:\/\/comunicartesanluis.com\/v1\/wp-content\/uploads\/2025\/10\/PHOTO-2025-10-02-09-46-10-6-750x420-1-200x112.jpg 200w, https:\/\/comunicartesanluis.com\/v1\/wp-content\/uploads\/2025\/10\/PHOTO-2025-10-02-09-46-10-6-750x420-1-300x168.jpg 300w, https:\/\/comunicartesanluis.com\/v1\/wp-content\/uploads\/2025\/10\/PHOTO-2025-10-02-09-46-10-6-750x420-1-400x224.jpg 400w, https:\/\/comunicartesanluis.com\/v1\/wp-content\/uploads\/2025\/10\/PHOTO-2025-10-02-09-46-10-6-750x420-1-600x336.jpg 600w, https:\/\/comunicartesanluis.com\/v1\/wp-content\/uploads\/2025\/10\/PHOTO-2025-10-02-09-46-10-6-750x420-1.jpg 750w\" sizes=\"(max-width: 750px) 100vw, 750px\" \/><br data-start=\"1527\" data-end=\"1530\" \/>Entre los oros del mi\u00e9rcoles, hubo uno que emocion\u00f3 a todos: el de <strong data-start=\"1597\" data-end=\"1615\">Benjam\u00edn Godoy<\/strong>, alumno de la Escuela <em data-start=\"1638\" data-end=\"1652\">Tulio Zabala<\/em>, que se coron\u00f3 en <strong data-start=\"1671\" data-end=\"1703\">parapowerlifting hasta 80 kg<\/strong>.<\/p>\n<p data-start=\"1708\" data-end=\"1959\">Con apenas dos a\u00f1os de carrera, este joven que naci\u00f3 con una discapacidad en una de sus piernas encontr\u00f3 en el deporte un camino de superaci\u00f3n y transformaci\u00f3n. Su entrenador, Javier Barrera, y la profesora Ivana Su\u00e1rez lo guiaron hasta lo m\u00e1s alto.<\/p>\n<p data-start=\"1961\" data-end=\"2453\">\ud83d\udc49 En noviembre representar\u00e1 a <strong data-start=\"1992\" data-end=\"2046\">Argentina en los Juegos Parapanamericanos en Chile<\/strong>, un salto enorme en su trayectoria.<br data-start=\"2082\" data-end=\"2085\" \/>\ud83d\udc49 Su medalla no solo significa un triunfo deportivo, sino un mensaje de vida: <strong data-start=\"2164\" data-end=\"2212\">los l\u00edmites se superan con esfuerzo y pasi\u00f3n<\/strong>.<br data-start=\"2213\" data-end=\"2216\" \/>\ud83d\udc49 \u201cMe emociona mucho poder ir a representar a San Luis y a mi pa\u00eds en un torneo importante como el Parapanamericano. Nunca me imagin\u00e9 que el deporte me iba a dar estas posibilidades, pero ya estoy ac\u00e1 y es un sue\u00f1o cumplido\u201d, confes\u00f3.<\/p>\n<hr data-start=\"2455\" data-end=\"2458\" \/>\n<p data-start=\"2460\" data-end=\"2637\">\ud83d\udcc5 Este jueves ser\u00e1 el debut del <strong data-start=\"2493\" data-end=\"2505\">triatl\u00f3n<\/strong> con Nicol\u00e1s Coila y Alfonsina Mu\u00f1oz, mientras que judo, lucha, taekwondo, futsal, hockey 7 y atletismo tendr\u00e1n pruebas decisivas.<\/p>\n<p data-start=\"2639\" data-end=\"2747\">\ud83d\udcaa Con <strong data-start=\"2646\" data-end=\"2686\">339 representantes en 36 disciplinas<\/strong>, San Luis ya es protagonista de los <strong data-start=\"2723\" data-end=\"2744\">Juegos Evita 2025<\/strong>.<\/p>\n<p data-start=\"2639\" data-end=\"2747\">\n<p data-start=\"2639\" data-end=\"2747\">\n<p data-start=\"2639\" data-end=\"2747\">\n<p data-start=\"2639\" data-end=\"2747\">\n<p data-start=\"2639\" data-end=\"2747\">Fuente; Agencia de Noticias San Luis<\/p>\n","protected":false},"excerpt":{"rendered":"<p>La delegaci\u00f3n puntana ya suma 11 medallas \ud83c\udfc5 y dej\u00f3 en claro que est\u00e1 para grandes cosas en esta edici\u00f3n de los Juegos Nacionales Evita. Pero adem\u00e1s de los resultados, llegaron historias que emocionan a todo San Luis.<\/p>\n","protected":false},"author":3,"featured_media":19700,"comment_status":"open","ping_status":"open","sticky":false,"template":"","format":"standard","meta":{"_jetpack_memberships_contains_paid_content":false,"footnotes":""},"categories":[15,16],"tags":[],"class_list":["post-19699","post","type-post","status-publish","format-standard","has-post-thumbnail","hentry","category-deporte","category-local"],"jetpack_featured_media_url":"https:\/\/comunicartesanluis.com\/v1\/wp-content\/uploads\/2025\/10\/PHOTO-2025-09-30-21-24-11_2-750x420-1.jpg","jetpack_sharing_enabled":true,"_links":{"self":[{"href":"https:\/\/comunicartesanluis.com\/index.php\/wp-json\/wp\/v2\/posts\/19699","targetHints":{"allow":["GET"]}}],"collection":[{"href":"https:\/\/comunicartesanluis.com\/index.php\/wp-json\/wp\/v2\/posts"}],"about":[{"href":"https:\/\/comunicartesanluis.com\/index.php\/wp-json\/wp\/v2\/types\/post"}],"author":[{"embeddable":true,"href":"https:\/\/comunicartesanluis.com\/index.php\/wp-json\/wp\/v2\/users\/3"}],"replies":[{"embeddable":true,"href":"https:\/\/comunicartesanluis.com\/index.php\/wp-json\/wp\/v2\/comments?post=19699"}],"version-history":[{"count":1,"href":"https:\/\/comunicartesanluis.com\/index.php\/wp-json\/wp\/v2\/posts\/19699\/revisions"}],"predecessor-version":[{"id":19703,"href":"https:\/\/comunicartesanluis.com\/index.php\/wp-json\/wp\/v2\/posts\/19699\/revisions\/19703"}],"wp:featuredmedia":[{"embeddable":true,"href":"https:\/\/comunicartesanluis.com\/index.php\/wp-json\/wp\/v2\/media\/19700"}],"wp:attachment":[{"href":"https:\/\/comunicartesanluis.com\/index.php\/wp-json\/wp\/v2\/media?parent=19699"}],"wp:term":[{"taxonomy":"category","embeddable":true,"href":"https:\/\/comunicartesanluis.com\/index.php\/wp-json\/wp\/v2\/categories?post=19699"},{"taxonomy":"post_tag","embeddable":true,"href":"https:\/\/comunicartesanluis.com\/index.php\/wp-json\/wp\/v2\/tags?post=19699"}],"curies":[{"name":"wp","href":"https:\/\/api.w.org\/{rel}","templated":true}]}}