{"id":20194,"date":"2026-01-23T15:39:53","date_gmt":"2026-01-23T18:39:53","guid":{"rendered":"https:\/\/comunicartesanluis.com\/?p=20194"},"modified":"2026-01-23T15:40:28","modified_gmt":"2026-01-23T18:40:28","slug":"river-movio-el-tablero-driussi-hereda-la-9-los-historicos-cambian-de-piel-y-los-refuerzos-se-acomodan-en-el-nuevo-mapa-de-dorsales","status":"publish","type":"post","link":"https:\/\/comunicartesanluis.com\/index.php\/2026\/01\/23\/river-movio-el-tablero-driussi-hereda-la-9-los-historicos-cambian-de-piel-y-los-refuerzos-se-acomodan-en-el-nuevo-mapa-de-dorsales\/","title":{"rendered":"River movi\u00f3 el tablero: Driussi hereda la 9, los hist\u00f3ricos cambian de piel y los refuerzos se acomodan en el nuevo mapa de dorsales"},"content":{"rendered":"<p data-start=\"323\" data-end=\"641\">El club public\u00f3 la lista oficial de dorsales para el 2026 y, m\u00e1s all\u00e1 del orden fr\u00edo, hay se\u00f1ales claras del proyecto que impulsa Marcelo Gallardo en esta segunda etapa.<\/p>\n<p data-start=\"643\" data-end=\"851\">La noticia fuerte es una sola: <strong data-start=\"674\" data-end=\"725\">Sebasti\u00e1n Driussi se calza la camiseta n\u00famero 9<\/strong>, aquella que por d\u00e9cadas carg\u00f3 con historia, peso y expectativas. Un dorsal que, en River, no es un n\u00famero: es un compromiso.<\/p>\n<p data-start=\"643\" data-end=\"851\"><img decoding=\"async\" class=\"aligncenter wp-image-20198 size-full\" src=\"https:\/\/comunicartesanluis.com\/v1\/wp-content\/uploads\/2026\/01\/AB2IIOSRVBEWHCHIJSNFI3YA2I.avif\" alt=\"\" width=\"992\" height=\"661\" srcset=\"https:\/\/comunicartesanluis.com\/v1\/wp-content\/uploads\/2026\/01\/AB2IIOSRVBEWHCHIJSNFI3YA2I-200x133.avif 200w, https:\/\/comunicartesanluis.com\/v1\/wp-content\/uploads\/2026\/01\/AB2IIOSRVBEWHCHIJSNFI3YA2I-300x200.avif 300w, https:\/\/comunicartesanluis.com\/v1\/wp-content\/uploads\/2026\/01\/AB2IIOSRVBEWHCHIJSNFI3YA2I-400x267.avif 400w, https:\/\/comunicartesanluis.com\/v1\/wp-content\/uploads\/2026\/01\/AB2IIOSRVBEWHCHIJSNFI3YA2I-600x400.avif 600w, https:\/\/comunicartesanluis.com\/v1\/wp-content\/uploads\/2026\/01\/AB2IIOSRVBEWHCHIJSNFI3YA2I-768x512.avif 768w, https:\/\/comunicartesanluis.com\/v1\/wp-content\/uploads\/2026\/01\/AB2IIOSRVBEWHCHIJSNFI3YA2I-800x533.avif 800w, https:\/\/comunicartesanluis.com\/v1\/wp-content\/uploads\/2026\/01\/AB2IIOSRVBEWHCHIJSNFI3YA2I.avif 992w\" sizes=\"(max-width: 992px) 100vw, 992px\" \/><\/p>\n<h2 data-start=\"853\" data-end=\"906\"><strong data-start=\"856\" data-end=\"906\">Driussi, de cambiar n\u00fameros a asumir un legado<\/strong><\/h2>\n<p data-start=\"908\" data-end=\"1092\">La salida de Miguel Borja dej\u00f3 la 9 vacante y Driussi no dud\u00f3. Tras un 2025 irregular y alternando entre la 15 y la 19 seg\u00fan la competencia, el delantero decidi\u00f3 dar un paso al frente.<\/p>\n<p data-start=\"1094\" data-end=\"1319\">El gesto no es menor. En las inferiores, su identidad estaba m\u00e1s cerca del 10; pero esta vez eligi\u00f3 otro camino: <strong data-start=\"1207\" data-end=\"1247\">convertirse en el referente del \u00e1rea<\/strong>, un rol que Gallardo todav\u00eda no pudo reforzar en este mercado de pases.<\/p>\n<p data-start=\"1321\" data-end=\"1416\">Entre \u00eddolos como Ram\u00f3n D\u00edaz, Francescoli o Cavenaghi, el desaf\u00edo es alto. Y el hincha lo sabe.<\/p>\n<h2 data-start=\"1418\" data-end=\"1457\"><strong data-start=\"1421\" data-end=\"1457\">Los hist\u00f3ricos tambi\u00e9n se mueven<\/strong><\/h2>\n<p data-start=\"1459\" data-end=\"1511\">El reordenamiento num\u00e9rico no se limita a Driussi:<\/p>\n<ul data-start=\"1512\" data-end=\"1951\">\n<li data-start=\"1512\" data-end=\"1653\">\n<p data-start=\"1514\" data-end=\"1653\"><strong data-start=\"1514\" data-end=\"1533\">Germ\u00e1n Pezzella<\/strong> entrega la 6, que ahora es para An\u00edbal Moreno, y recupera la <strong data-start=\"1595\" data-end=\"1601\">20<\/strong>, dorsal que us\u00f3 en su primer ciclo con el Mu\u00f1eco.<\/p>\n<\/li>\n<li data-start=\"1654\" data-end=\"1757\">\n<p data-start=\"1656\" data-end=\"1757\"><strong data-start=\"1656\" data-end=\"1675\">Gonzalo Montiel<\/strong> deja el m\u00edtico 4 y vuelve a la <strong data-start=\"1707\" data-end=\"1713\">29<\/strong>, un n\u00famero que siempre sinti\u00f3 m\u00e1s propio.<\/p>\n<\/li>\n<li data-start=\"1758\" data-end=\"1842\">\n<p data-start=\"1760\" data-end=\"1842\"><strong data-start=\"1760\" data-end=\"1776\">Tom\u00e1s Galv\u00e1n<\/strong> pasa a la <strong data-start=\"1787\" data-end=\"1793\">26<\/strong>, heredando el n\u00famero que dej\u00f3 Nacho Fern\u00e1ndez.<\/p>\n<\/li>\n<li data-start=\"1843\" data-end=\"1951\">\n<p data-start=\"1845\" data-end=\"1951\"><strong data-start=\"1845\" data-end=\"1867\">Ezequiel Centuri\u00f3n<\/strong>, de regreso al club, toma la <strong data-start=\"1897\" data-end=\"1903\">33<\/strong>, una camiseta sin due\u00f1o en la \u00faltima temporada.<\/p>\n<\/li>\n<\/ul>\n<p data-start=\"1953\" data-end=\"2130\">La 12 sigue sin asignarse y los cl\u00e1sicos 2, 3 y 4 contin\u00faan vacantes, una rareza que deja margen para futuras incorporaciones\u2026 o para un cambio de criterio en plena competencia.<\/p>\n<h2 data-start=\"2132\" data-end=\"2164\"><strong data-start=\"2135\" data-end=\"2164\">Los refuerzos toman lugar<\/strong><\/h2>\n<p data-start=\"2166\" data-end=\"2205\">Los nuevos tambi\u00e9n marcan territorio:<\/p>\n<ul data-start=\"2206\" data-end=\"2455\">\n<li data-start=\"2206\" data-end=\"2278\">\n<p data-start=\"2208\" data-end=\"2278\"><strong data-start=\"2208\" data-end=\"2223\">Fausto Vera<\/strong> llega para usar la <strong data-start=\"2243\" data-end=\"2249\">15<\/strong>, que perteneci\u00f3 a Driussi.<\/p>\n<\/li>\n<li data-start=\"2206\" data-end=\"2278\"><img decoding=\"async\" class=\"aligncenter wp-image-20197 size-full\" src=\"https:\/\/comunicartesanluis.com\/v1\/wp-content\/uploads\/2026\/01\/XM3IXKVVXFHQZKMPNACOWZ2QLI.avif\" alt=\"\" width=\"992\" height=\"558\" srcset=\"https:\/\/comunicartesanluis.com\/v1\/wp-content\/uploads\/2026\/01\/XM3IXKVVXFHQZKMPNACOWZ2QLI-200x113.avif 200w, https:\/\/comunicartesanluis.com\/v1\/wp-content\/uploads\/2026\/01\/XM3IXKVVXFHQZKMPNACOWZ2QLI-300x169.avif 300w, https:\/\/comunicartesanluis.com\/v1\/wp-content\/uploads\/2026\/01\/XM3IXKVVXFHQZKMPNACOWZ2QLI-400x225.avif 400w, https:\/\/comunicartesanluis.com\/v1\/wp-content\/uploads\/2026\/01\/XM3IXKVVXFHQZKMPNACOWZ2QLI-600x338.avif 600w, https:\/\/comunicartesanluis.com\/v1\/wp-content\/uploads\/2026\/01\/XM3IXKVVXFHQZKMPNACOWZ2QLI-768x432.avif 768w, https:\/\/comunicartesanluis.com\/v1\/wp-content\/uploads\/2026\/01\/XM3IXKVVXFHQZKMPNACOWZ2QLI-800x450.avif 800w, https:\/\/comunicartesanluis.com\/v1\/wp-content\/uploads\/2026\/01\/XM3IXKVVXFHQZKMPNACOWZ2QLI.avif 992w\" sizes=\"(max-width: 992px) 100vw, 992px\" \/><\/li>\n<li data-start=\"2279\" data-end=\"2348\">\n<p data-start=\"2281\" data-end=\"2348\"><strong data-start=\"2281\" data-end=\"2298\">An\u00edbal Moreno<\/strong>, una de las fichas m\u00e1s buscadas, toma la <strong data-start=\"2340\" data-end=\"2345\">6<\/strong>.<\/p>\n<\/li>\n<li data-start=\"2349\" data-end=\"2455\">\n<p data-start=\"2351\" data-end=\"2455\"><strong data-start=\"2351\" data-end=\"2366\">Mat\u00edas Vi\u00f1a<\/strong>, el lateral uruguayo, se queda con la <strong data-start=\"2405\" data-end=\"2411\">18<\/strong>, liberada tras la salida del Pity Mart\u00ednez.<\/p>\n<\/li>\n<\/ul>\n<p data-start=\"2457\" data-end=\"2577\">Tres nombres que llegan para darle a Gallardo profundidad y competitividad en zonas donde River flaque\u00f3 durante el 2025.<\/p>\n<h2 data-start=\"2579\" data-end=\"2631\"><strong data-start=\"2582\" data-end=\"2631\">Una reestructuraci\u00f3n con mensaje futbol\u00edstico<\/strong><\/h2>\n<p data-start=\"2633\" data-end=\"2901\">El nuevo mapa de dorsales deja entrever el rumbo del equipo. Gallardo no consigui\u00f3 al centrodelantero que buscaba ni al atacante desequilibrante que pidi\u00f3 desde el comienzo del mercado. Pero s\u00ed sum\u00f3 piezas para reordenar la mitad de la cancha y reforzar los laterales.<\/p>\n<p data-start=\"2903\" data-end=\"3052\">Con Driussi como bandera ofensiva, el objetivo es claro: <strong data-start=\"2960\" data-end=\"3051\">m\u00e1s gol, m\u00e1s presencia en el \u00e1rea y un equipo que vuelva a imponerse por funcionamiento<\/strong>.<\/p>\n<h2 data-start=\"3054\" data-end=\"3115\"><strong data-start=\"3057\" data-end=\"3115\">Los dorsales oficiales de River para la temporada 2026<\/strong><\/h2>\n<p><img decoding=\"async\" class=\"aligncenter wp-image-20196 size-large\" src=\"https:\/\/comunicartesanluis.com\/v1\/wp-content\/uploads\/2026\/01\/U46WS2VDVZGW5PFZGBRHRBYWUA-856x1024.avif\" alt=\"\" width=\"856\" height=\"1024\" srcset=\"https:\/\/comunicartesanluis.com\/v1\/wp-content\/uploads\/2026\/01\/U46WS2VDVZGW5PFZGBRHRBYWUA-200x239.avif 200w, https:\/\/comunicartesanluis.com\/v1\/wp-content\/uploads\/2026\/01\/U46WS2VDVZGW5PFZGBRHRBYWUA-251x300.avif 251w, https:\/\/comunicartesanluis.com\/v1\/wp-content\/uploads\/2026\/01\/U46WS2VDVZGW5PFZGBRHRBYWUA-400x478.avif 400w, https:\/\/comunicartesanluis.com\/v1\/wp-content\/uploads\/2026\/01\/U46WS2VDVZGW5PFZGBRHRBYWUA-600x717.avif 600w, https:\/\/comunicartesanluis.com\/v1\/wp-content\/uploads\/2026\/01\/U46WS2VDVZGW5PFZGBRHRBYWUA-768x918.avif 768w, https:\/\/comunicartesanluis.com\/v1\/wp-content\/uploads\/2026\/01\/U46WS2VDVZGW5PFZGBRHRBYWUA-800x956.avif 800w, https:\/\/comunicartesanluis.com\/v1\/wp-content\/uploads\/2026\/01\/U46WS2VDVZGW5PFZGBRHRBYWUA-856x1024.avif 856w, https:\/\/comunicartesanluis.com\/v1\/wp-content\/uploads\/2026\/01\/U46WS2VDVZGW5PFZGBRHRBYWUA.avif 992w\" sizes=\"(max-width: 856px) 100vw, 856px\" \/><\/p>\n<ol data-start=\"3117\" data-end=\"3730\">\n<li data-start=\"3117\" data-end=\"3128\">\n<p data-start=\"3120\" data-end=\"3128\">Armani<\/p>\n<\/li>\n<li data-start=\"3129\" data-end=\"3142\">\n<p data-start=\"3132\" data-end=\"3142\">Portillo<\/p>\n<\/li>\n<li data-start=\"3143\" data-end=\"3161\">\n<p data-start=\"3146\" data-end=\"3161\">An\u00edbal Moreno<\/p>\n<\/li>\n<li data-start=\"3162\" data-end=\"3172\">\n<p data-start=\"3165\" data-end=\"3172\">Salas<\/p>\n<\/li>\n<li data-start=\"3173\" data-end=\"3182\">\n<p data-start=\"3176\" data-end=\"3182\">Meza<\/p>\n<\/li>\n<li data-start=\"3183\" data-end=\"3195\">\n<p data-start=\"3186\" data-end=\"3195\">Driussi<\/p>\n<\/li>\n<li data-start=\"3196\" data-end=\"3218\">\n<p data-start=\"3200\" data-end=\"3218\">Juanfer Quintero<\/p>\n<\/li>\n<li data-start=\"3219\" data-end=\"3232\">\n<p data-start=\"3223\" data-end=\"3232\">Colidio<\/p>\n<\/li>\n<li data-start=\"3233\" data-end=\"3253\">\n<p data-start=\"3237\" data-end=\"3253\">Lautaro Rivero<\/p>\n<\/li>\n<li data-start=\"3254\" data-end=\"3271\">\n<p data-start=\"3258\" data-end=\"3271\">Fausto Vera<\/p>\n<\/li>\n<li data-start=\"3272\" data-end=\"3284\">\n<p data-start=\"3276\" data-end=\"3284\">Bustos<\/p>\n<\/li>\n<li data-start=\"3285\" data-end=\"3301\">\n<p data-start=\"3289\" data-end=\"3301\">Paulo D\u00edaz<\/p>\n<\/li>\n<li data-start=\"3302\" data-end=\"3319\">\n<p data-start=\"3306\" data-end=\"3319\">Mat\u00edas Vi\u00f1a<\/p>\n<\/li>\n<li data-start=\"3320\" data-end=\"3334\">\n<p data-start=\"3324\" data-end=\"3334\">Pezzella<\/p>\n<\/li>\n<li data-start=\"3335\" data-end=\"3353\">\n<p data-start=\"3339\" data-end=\"3353\">Marcos Acu\u00f1a<\/p>\n<\/li>\n<li data-start=\"3354\" data-end=\"3373\">\n<p data-start=\"3358\" data-end=\"3373\">Kevin Casta\u00f1o<\/p>\n<\/li>\n<li data-start=\"3374\" data-end=\"3400\">\n<p data-start=\"3378\" data-end=\"3400\">Mat\u00edas Galarza Fonda<\/p>\n<\/li>\n<li data-start=\"3401\" data-end=\"3419\">\n<p data-start=\"3405\" data-end=\"3419\">Tom\u00e1s Galv\u00e1n<\/p>\n<\/li>\n<li data-start=\"3420\" data-end=\"3441\">\n<p data-start=\"3424\" data-end=\"3441\">Mart\u00ednez Quarta<\/p>\n<\/li>\n<li data-start=\"3442\" data-end=\"3463\">\n<p data-start=\"3446\" data-end=\"3463\">Gonzalo Montiel<\/p>\n<\/li>\n<li data-start=\"3464\" data-end=\"3484\">\n<p data-start=\"3468\" data-end=\"3484\">Cristian Jaime<\/p>\n<\/li>\n<li data-start=\"3485\" data-end=\"3507\">\n<p data-start=\"3489\" data-end=\"3507\">Facundo Gonz\u00e1lez<\/p>\n<\/li>\n<li data-start=\"3508\" data-end=\"3529\">\n<p data-start=\"3512\" data-end=\"3529\">Agust\u00edn Ruberto<\/p>\n<\/li>\n<li data-start=\"3530\" data-end=\"3554\">\n<p data-start=\"3534\" data-end=\"3554\">Ezequiel Centuri\u00f3n<\/p>\n<\/li>\n<li data-start=\"3555\" data-end=\"3577\">\n<p data-start=\"3559\" data-end=\"3577\">Giuliano Galoppo<\/p>\n<\/li>\n<li data-start=\"3578\" data-end=\"3598\">\n<p data-start=\"3582\" data-end=\"3598\">Ulises Gim\u00e9nez<\/p>\n<\/li>\n<li data-start=\"3599\" data-end=\"3618\">\n<p data-start=\"3603\" data-end=\"3618\">Thiago Acosta<\/p>\n<\/li>\n<li data-start=\"3619\" data-end=\"3637\">\n<p data-start=\"3623\" data-end=\"3637\">Ian Subiabre<\/p>\n<\/li>\n<li data-start=\"3638\" data-end=\"3660\">\n<p data-start=\"3642\" data-end=\"3660\">Santiago Lencina<\/p>\n<\/li>\n<li data-start=\"3661\" data-end=\"3682\">\n<p data-start=\"3665\" data-end=\"3682\">Agust\u00edn Obreg\u00f3n<\/p>\n<\/li>\n<li data-start=\"3683\" data-end=\"3705\">\n<p data-start=\"3687\" data-end=\"3705\">Santiago Beltr\u00e1n<\/p>\n<\/li>\n<li data-start=\"3706\" data-end=\"3730\">\n<p data-start=\"3710\" data-end=\"3730\">Franco Jaroszewicz<\/p>\n<\/li>\n<\/ol>\n","protected":false},"excerpt":{"rendered":"<p>River Plate no solo se prepara para una nueva temporada: redefine su identidad. Y en N\u00fa\u00f1ez, pocas cosas dicen tanto como los n\u00fameros de la camiseta.<\/p>\n","protected":false},"author":3,"featured_media":20199,"comment_status":"open","ping_status":"open","sticky":false,"template":"","format":"standard","meta":{"_jetpack_memberships_contains_paid_content":false,"footnotes":""},"categories":[15,17],"tags":[],"class_list":["post-20194","post","type-post","status-publish","format-standard","has-post-thumbnail","hentry","category-deporte","category-nacional"],"jetpack_featured_media_url":"https:\/\/comunicartesanluis.com\/v1\/wp-content\/uploads\/2026\/01\/DSEKF7BF7ZCULOL4YCPOUVQG6A.avif","jetpack_sharing_enabled":true,"_links":{"self":[{"href":"https:\/\/comunicartesanluis.com\/index.php\/wp-json\/wp\/v2\/posts\/20194","targetHints":{"allow":["GET"]}}],"collection":[{"href":"https:\/\/comunicartesanluis.com\/index.php\/wp-json\/wp\/v2\/posts"}],"about":[{"href":"https:\/\/comunicartesanluis.com\/index.php\/wp-json\/wp\/v2\/types\/post"}],"author":[{"embeddable":true,"href":"https:\/\/comunicartesanluis.com\/index.php\/wp-json\/wp\/v2\/users\/3"}],"replies":[{"embeddable":true,"href":"https:\/\/comunicartesanluis.com\/index.php\/wp-json\/wp\/v2\/comments?post=20194"}],"version-history":[{"count":2,"href":"https:\/\/comunicartesanluis.com\/index.php\/wp-json\/wp\/v2\/posts\/20194\/revisions"}],"predecessor-version":[{"id":20201,"href":"https:\/\/comunicartesanluis.com\/index.php\/wp-json\/wp\/v2\/posts\/20194\/revisions\/20201"}],"wp:featuredmedia":[{"embeddable":true,"href":"https:\/\/comunicartesanluis.com\/index.php\/wp-json\/wp\/v2\/media\/20199"}],"wp:attachment":[{"href":"https:\/\/comunicartesanluis.com\/index.php\/wp-json\/wp\/v2\/media?parent=20194"}],"wp:term":[{"taxonomy":"category","embeddable":true,"href":"https:\/\/comunicartesanluis.com\/index.php\/wp-json\/wp\/v2\/categories?post=20194"},{"taxonomy":"post_tag","embeddable":true,"href":"https:\/\/comunicartesanluis.com\/index.php\/wp-json\/wp\/v2\/tags?post=20194"}],"curies":[{"name":"wp","href":"https:\/\/api.w.org\/{rel}","templated":true}]}}